{"id":1029,"date":"2015-12-22T14:37:08","date_gmt":"2015-12-22T13:37:08","guid":{"rendered":"https:\/\/2.budowaniestron.pl\/grudniowe-zebranie-zarzadu-glownego-sgp-2015\/"},"modified":"2015-12-22T14:37:08","modified_gmt":"2015-12-22T13:37:08","slug":"grudniowe-zebranie-zarzadu-glownego-sgp-2015","status":"publish","type":"post","link":"https:\/\/sgp.geodezja.org.pl\/en\/grudniowe-zebranie-zarzadu-glownego-sgp-2015\/","title":{"rendered":"Grudniowe zebranie Zarz\u0105du G\u0142\u00f3wnego SGP &#8211; 2015"},"content":{"rendered":"<p><strong>Z<\/strong>ebranie Zarz\u0105du G\u0142\u00f3wnego Stowarzyszenia Geodet\u00f3w Polskich, w dniu 11 grudnia 2015 roku, Prezes <em>Stanis\u0142aw Cegielski <\/em>rozpocz\u0105\u0142 od powitania go\u015bci honorowych w osobach <em>Jacka Jarz\u0105bka <\/em>Wiceprezesa G\u0142\u00f3wnego Urz\u0119du Geodezji i Kartografii, <em>J\u00f3zefa Rackiego <\/em>pos\u0142a na Sejm RP poprzednich kadencji oraz Cz\u0142onk\u00f3w Honorowych SGP i <em>prof. Bogdana Neya <\/em>Przewodnicz\u0105cego Rady Naukowej i Programowej <em>\u201ePrzegl\u0105du Geodezyjnego\u201d, <\/em>a tak\u017ce przyby\u0142ych na spotkanie.<\/p>\n<p>  <!--more-->  <\/p>\n<p style=\"text-align: justify;\"><strong>Z<\/strong>ebranie Zarz\u0105du G\u0142\u00f3wnego Stowarzyszenia Geodet\u00f3w Polskich, w dniu 11 grudnia 2015 roku, Prezes <em>Stanis\u0142aw Cegielski <\/em>rozpocz\u0105\u0142 od powitania go\u015bci honorowych w osobach <em>Jacka Jarz\u0105bka <\/em>Wiceprezesa G\u0142\u00f3wnego Urz\u0119du Geodezji i Kartografii, <em>J\u00f3zefa Rackiego <\/em>pos\u0142a na Sejm RP poprzednich kadencji oraz Cz\u0142onk\u00f3w Honorowych SGP i <em>prof. Bogdana Neya <\/em>Przewodnicz\u0105cego Rady Naukowej i Programowej <em>\u201ePrzegl\u0105du Geodezyjnego\u201d, <\/em>a tak\u017ce przyby\u0142ych na spotkanie.<\/p>\n<p><img loading=\"lazy\" decoding=\"async\" class=\"size-full wp-image-1021\" style=\"margin-right: auto; margin-left: auto; display: block;\" src=\"https:\/\/sgp.geodezja.org.pl\/wp-content\/uploads\/2015\/12\/ZGSGP_20151211_1.jpg\" alt=\"\" width=\"200\" height=\"87\" srcset=\"https:\/\/sgp.geodezja.org.pl\/wp-content\/uploads\/2015\/12\/ZGSGP_20151211_1.jpg 1500w, https:\/\/sgp.geodezja.org.pl\/wp-content\/uploads\/2015\/12\/ZGSGP_20151211_1-800x349.jpg 800w, https:\/\/sgp.geodezja.org.pl\/wp-content\/uploads\/2015\/12\/ZGSGP_20151211_1-300x131.jpg 300w, https:\/\/sgp.geodezja.org.pl\/wp-content\/uploads\/2015\/12\/ZGSGP_20151211_1-1024x446.jpg 1024w, https:\/\/sgp.geodezja.org.pl\/wp-content\/uploads\/2015\/12\/ZGSGP_20151211_1-768x335.jpg 768w, https:\/\/sgp.geodezja.org.pl\/wp-content\/uploads\/2015\/12\/ZGSGP_20151211_1-138x60.jpg 138w\" sizes=\"auto, (max-width: 200px) 100vw, 200px\" \/><\/p>\n<p style=\"text-align: center;\">\u00a0<strong><em>Przy stole prezydialnym <\/em><\/strong><strong>Andrzej Pachuta, W\u0142odzimierz K\u0119dziora, Stanis\u0142aw Cegielski, Jacek Jarz\u0105bek, Ludmi\u0142a Pietrzak<\/strong><\/p>\n<p style=\"text-align: justify;\"><strong>W<\/strong>ype\u0142nianie porz\u0105dku obrad poprzedzi\u0142 podnios\u0142y akt wyr\u00f3\u017cnienia <em>J\u00f3zefa Rackiego <\/em>Z\u0142ot\u0105 Odznak\u0105 Honorow\u0105 SGP z Diamentem, stanowi\u0105c\u0105 wyraz uznania za Jego wielki wk\u0142ad w sprawy geodezji i Stowarzyszenia. Wr\u0119czaj\u0105c Laureatowi odznaczenie <em>Stanis\u0142aw Cegielski <\/em>dzi\u0119kowa\u0142 Mu za jego cz\u0119st\u0105 i aktywn\u0105 obecno\u015b\u0107 na wielu wydarzeniach stowarzyszeniowych i sta\u0142e wspieranie spraw geodezyjnych w Sejmie. <em>W\u0142odzimierz K\u0119dziora <\/em>Sekretarz Generalny SGP, w prezentacji fotograficznej wskaza\u0142 na anga\u017cowanie si\u0119 laureata w wa\u017cne dla Stowarzyszenia wydarzenia.<\/p>\n<p><img loading=\"lazy\" decoding=\"async\" class=\"size-full wp-image-1022\" style=\"margin-right: auto; margin-left: auto; display: block;\" src=\"https:\/\/sgp.geodezja.org.pl\/wp-content\/uploads\/2015\/12\/ZGSGP_20151211_2.jpg\" alt=\"\" width=\"200\" height=\"109\" srcset=\"https:\/\/sgp.geodezja.org.pl\/wp-content\/uploads\/2015\/12\/ZGSGP_20151211_2.jpg 1500w, https:\/\/sgp.geodezja.org.pl\/wp-content\/uploads\/2015\/12\/ZGSGP_20151211_2-800x437.jpg 800w, https:\/\/sgp.geodezja.org.pl\/wp-content\/uploads\/2015\/12\/ZGSGP_20151211_2-300x164.jpg 300w, https:\/\/sgp.geodezja.org.pl\/wp-content\/uploads\/2015\/12\/ZGSGP_20151211_2-1024x559.jpg 1024w, https:\/\/sgp.geodezja.org.pl\/wp-content\/uploads\/2015\/12\/ZGSGP_20151211_2-768x419.jpg 768w\" sizes=\"auto, (max-width: 200px) 100vw, 200px\" \/><\/p>\n<p style=\"text-align: center;\"><strong>Ryszard Cie\u015blukowski, Leszek Cieciura, Robert Rachwa\u0142, <em>w g\u0142\u0119bi <\/em>prof. Bogdan Ney, Maria Januszko, Mieczys\u0142aw Kaszubowski, Henryk Musiatowicz, Antoni My\u0142ka<\/strong><\/p>\n<p style=\"text-align: justify;\"><strong><em>J<\/em><\/strong><em>\u00f3zef Racki rysuj\u0105c swoj\u0105 drog\u0119 zawodow\u0105 i polityczn\u0105 wskaza\u0142 jako jej pocz\u0105tek <\/em>studia na Politechnice Warszawskiej. Prac\u0119 zawodow\u0105 rozpocz\u0119t\u0105 w Jarocinie, kontynuowa\u0142 w Kaliszu i Poznaniu, pe\u0142ni\u0105c zawodowe funkcje kierownicze. Nast\u0119pnie zosta\u0142 powo\u0142any na stanowisko Prezesa G\u0142\u00f3wnego Urz\u0119du Geodezji i Kartografii. Anga\u017cowa\u0142 si\u0119 w dzia\u0142ania polityczne i zosta\u0142 pos\u0142em na Sejm. Wspominaj\u0105c czas studi\u00f3w przywo\u0142a\u0142 swoich nauczycieli akademickich: prof. prof. Andrzeja Hopfera, W\u0142odzimierza Barana, Zdzis\u0142awa Adamczewskiego. Doda\u0142: <em>\u201ePolitechnika kszta\u0142ci\u0142a ludzi do pracy na ziemi, a dzi\u015b m\u0142odzi geodeci maj\u0105 osnow\u0119 w niebie\u201d. <\/em>Uzna\u0142, \u017ce <em>\u201egeodet\u0105 si\u0119 jest i si\u0119 pozostaje\u201d. <\/em>W Stowarzyszeniu nie zajmowa\u0142 funkcji kierowniczych, ale w dzia\u0142alno\u015bci politycznej <em>\u201epami\u0119ta\u0142em o potrzebach geodezji, jak te\u017c roli SGP w procesach legislacyjnych\u201d.<\/em> Wyst\u0105pienie ko\u0144czy\u0142 podzi\u0119kowaniami za odznaczenie, wyznaj\u0105c: <em>\u201eciesz\u0119 si\u0119, \u017ce jestem z wami\u201d.<\/em><\/p>\n<p style=\"text-align: center;\"><em><img loading=\"lazy\" decoding=\"async\" class=\"size-full wp-image-1023\" style=\"margin-right: auto; margin-left: auto; display: block;\" src=\"https:\/\/sgp.geodezja.org.pl\/wp-content\/uploads\/2015\/12\/ZGSGP_20151211_3.jpg\" alt=\"\" width=\"200\" height=\"122\" srcset=\"https:\/\/sgp.geodezja.org.pl\/wp-content\/uploads\/2015\/12\/ZGSGP_20151211_3.jpg 1500w, https:\/\/sgp.geodezja.org.pl\/wp-content\/uploads\/2015\/12\/ZGSGP_20151211_3-800x486.jpg 800w, https:\/\/sgp.geodezja.org.pl\/wp-content\/uploads\/2015\/12\/ZGSGP_20151211_3-300x182.jpg 300w, https:\/\/sgp.geodezja.org.pl\/wp-content\/uploads\/2015\/12\/ZGSGP_20151211_3-1024x623.jpg 1024w, https:\/\/sgp.geodezja.org.pl\/wp-content\/uploads\/2015\/12\/ZGSGP_20151211_3-768x467.jpg 768w\" sizes=\"auto, (max-width: 200px) 100vw, 200px\" \/><\/em><\/p>\n<p style=\"text-align: center;\"><em><strong>Boles\u0142aw Krystowczyk, Tadeusz Borysiuk<\/strong><\/em><\/p>\n<p style=\"text-align: center;\"><em><strong><img loading=\"lazy\" decoding=\"async\" class=\"size-full wp-image-1024\" src=\"https:\/\/sgp.geodezja.org.pl\/wp-content\/uploads\/2015\/12\/ZGSGP_20151211_4.jpg\" alt=\"\" width=\"200\" height=\"142\" srcset=\"https:\/\/sgp.geodezja.org.pl\/wp-content\/uploads\/2015\/12\/ZGSGP_20151211_4.jpg 1500w, https:\/\/sgp.geodezja.org.pl\/wp-content\/uploads\/2015\/12\/ZGSGP_20151211_4-800x567.jpg 800w, https:\/\/sgp.geodezja.org.pl\/wp-content\/uploads\/2015\/12\/ZGSGP_20151211_4-300x213.jpg 300w, https:\/\/sgp.geodezja.org.pl\/wp-content\/uploads\/2015\/12\/ZGSGP_20151211_4-1024x726.jpg 1024w, https:\/\/sgp.geodezja.org.pl\/wp-content\/uploads\/2015\/12\/ZGSGP_20151211_4-768x545.jpg 768w\" sizes=\"auto, (max-width: 200px) 100vw, 200px\" \/><\/strong><\/em><\/p>\n<p style=\"text-align: center;\"><em><strong>Jacek Jarz\u0105bek, Ludmi\u0142a Pietrzak<\/strong><\/em><\/p>\n<p style=\"text-align: justify;\"><strong><em>J<\/em><\/strong><em>acek Jarz\u0105bek<\/em> pogratulowa\u0142 wysokiego odznaczenia <em>J\u00f3zefowi Rackiemu <\/em>i podzi\u0119kowa\u0142 mu za <em>\u201em\u0105dre i ciep\u0142e s\u0142owa\u201d.<\/em> W imieniu G\u0142\u00f3wnego Geodety Kraju Kazimierza Bujakowskiego \u017cyczy\u0142 obecnym <em>\u201edobrych \u015awi\u0105t i wszystkiego dobrego z Nowym 2016 Rokiem\u201d. <\/em>W przysz\u0142ym roku czeka na nas wiele zada\u0144, kt\u00f3rych wykonanie powinno da\u0107 geodetom wiele satysfakcji i po\u017cytku. <em>\u201eMimo upowszechnienia si\u0119 technologii informatycznych, to wi\u0119kszo\u015b\u0107 prac przygotowywanych przez G\u0142\u00f3wny Urz\u0105d Geodezji i Kartografii ma charakter zada\u0144 geodezyjnych. Zadaniami wymagaj\u0105cymi technologii informatycznych zajmuj\u0105 si\u0119 informatycy, kt\u00f3rych jest znacznie mniej ni\u017c geodet\u00f3w\u201d.<\/em><\/p>\n<p><img loading=\"lazy\" decoding=\"async\" class=\"size-full wp-image-1025\" style=\"margin-right: auto; margin-left: auto; display: block;\" src=\"https:\/\/sgp.geodezja.org.pl\/wp-content\/uploads\/2015\/12\/ZGSGP_20151211_5.jpg\" alt=\"\" width=\"200\" height=\"178\" srcset=\"https:\/\/sgp.geodezja.org.pl\/wp-content\/uploads\/2015\/12\/ZGSGP_20151211_5.jpg 1500w, https:\/\/sgp.geodezja.org.pl\/wp-content\/uploads\/2015\/12\/ZGSGP_20151211_5-800x714.jpg 800w, https:\/\/sgp.geodezja.org.pl\/wp-content\/uploads\/2015\/12\/ZGSGP_20151211_5-300x268.jpg 300w, https:\/\/sgp.geodezja.org.pl\/wp-content\/uploads\/2015\/12\/ZGSGP_20151211_5-1024x913.jpg 1024w, https:\/\/sgp.geodezja.org.pl\/wp-content\/uploads\/2015\/12\/ZGSGP_20151211_5-768x685.jpg 768w\" sizes=\"auto, (max-width: 200px) 100vw, 200px\" \/><\/p>\n<p style=\"text-align: center;\"><strong>J\u00f3zef Racki <em>odbiera odznaczenie z r\u0105k <\/em>Stanis\u0142awa Cegielskiego<\/strong><\/p>\n<p style=\"text-align: center;\"><img loading=\"lazy\" decoding=\"async\" class=\"size-full wp-image-1026\" style=\"margin-right: auto; margin-left: auto; display: block;\" src=\"https:\/\/sgp.geodezja.org.pl\/wp-content\/uploads\/2015\/12\/ZGSGP_20151211_6.jpg\" alt=\"\" width=\"199\" height=\"200\" srcset=\"https:\/\/sgp.geodezja.org.pl\/wp-content\/uploads\/2015\/12\/ZGSGP_20151211_6.jpg 997w, https:\/\/sgp.geodezja.org.pl\/wp-content\/uploads\/2015\/12\/ZGSGP_20151211_6-325x325.jpg 325w, https:\/\/sgp.geodezja.org.pl\/wp-content\/uploads\/2015\/12\/ZGSGP_20151211_6-100x100.jpg 100w, https:\/\/sgp.geodezja.org.pl\/wp-content\/uploads\/2015\/12\/ZGSGP_20151211_6-800x802.jpg 800w, https:\/\/sgp.geodezja.org.pl\/wp-content\/uploads\/2015\/12\/ZGSGP_20151211_6-300x300.jpg 300w, https:\/\/sgp.geodezja.org.pl\/wp-content\/uploads\/2015\/12\/ZGSGP_20151211_6-150x150.jpg 150w, https:\/\/sgp.geodezja.org.pl\/wp-content\/uploads\/2015\/12\/ZGSGP_20151211_6-768x770.jpg 768w\" sizes=\"auto, (max-width: 199px) 100vw, 199px\" \/><\/p>\n<p style=\"text-align: center;\"><strong>J\u00f3zef Racki <em>dzi\u0119kuje za uhonorowanie go odznak\u0105 SGP <\/em><\/strong><\/p>\n<p><strong><em>S<\/em><\/strong><em>tanis\u0142aw Cegielski<\/em> podzi\u0119kowa\u0142 za przekazane \u017cyczenia i wyrazi\u0142 przekonanie, \u017ce \u015brodki finansowe na planowane prace geodezyjne s\u0105 ju\u017c zapewnione, co pozwala \u017cywi\u0107 przekonanie o realno\u015bci wykonania zamierze\u0144 prezentowanych wcze\u015bniej przez G\u0142\u00f3wnego Geodet\u0119 Kraju.<\/p>\n<p><strong>P<\/strong>rotok\u00f3\u0142 z zebrania Zarz\u0105du G\u0142\u00f3wnego SGP, odbytego w dniu 23 wrze\u015bnia 2015 roku, zosta\u0142 przyj\u0119ty bez zastrze\u017ce\u0144 jednog\u0142o\u015bnie.<\/p>\n<p><strong>Dzia\u0142alno\u015b\u0107 Stowarzyszenia Geodet\u00f3w Polskich w czasie od 23 wrze\u015bnia do 10 grudnia 2015 roku<\/strong><\/p>\n<p><strong><em>J<\/em><\/strong><em>anusz Walo,<\/em> kt\u00f3ry wraz z <em>Tadeuszem Wilczewskim<\/em> reprezentowa\u0142 Stowarzyszenie Geodet\u00f3w Polskich w zespole powo\u0142anym, przez pi\u0119\u0107 organizacji spo\u0142eczno-zawodowych geodet\u00f3w, do dyskutowania nad mo\u017cliwo\u015bci\u0105 powo\u0142ania samorz\u0105du zawodowego geodet\u00f3w i kartograf\u00f3w, zaproponowa\u0142 rozwi\u0105zanie tego zespo\u0142u. Uzasadni\u0107 ten wniosek ma nast\u0119puj\u0105ce stwierdzenie: <em>\u201ezesp\u00f3\u0142 wyczerpa\u0142 swoje mo\u017cliwo\u015bci dzia\u0142ania, zako\u0144czone sformu\u0142owaniem dokumentu o tytule Koncepcja samorz\u0105du zawodowego geodet\u00f3w i kartograf\u00f3w\u201d. <\/em>Doda\u0142 te\u017c, \u017ce jako cz\u0142onkowie zespo\u0142u reprezentuj\u0105cy SGP<em> \u201enie dzielili\u015bmy entuzjazmu\u201d <\/em>innych cz\u0142onk\u00f3w zespo\u0142u. Wniosek poddany pod g\u0142osowanie zosta\u0142 przyj\u0119ty wi\u0119kszo\u015bci\u0105 19 cz\u0142onk\u00f3w Zarz\u0105du, przy 6 wstrzymuj\u0105cych si\u0119.<\/p>\n<p><img loading=\"lazy\" decoding=\"async\" class=\"size-full wp-image-1027\" style=\"margin-right: auto; margin-left: auto; display: block;\" src=\"https:\/\/sgp.geodezja.org.pl\/wp-content\/uploads\/2015\/12\/ZGSGP_20151211_7.jpg\" alt=\"\" width=\"200\" height=\"97\" srcset=\"https:\/\/sgp.geodezja.org.pl\/wp-content\/uploads\/2015\/12\/ZGSGP_20151211_7.jpg 1500w, https:\/\/sgp.geodezja.org.pl\/wp-content\/uploads\/2015\/12\/ZGSGP_20151211_7-800x387.jpg 800w, https:\/\/sgp.geodezja.org.pl\/wp-content\/uploads\/2015\/12\/ZGSGP_20151211_7-300x145.jpg 300w, https:\/\/sgp.geodezja.org.pl\/wp-content\/uploads\/2015\/12\/ZGSGP_20151211_7-1024x496.jpg 1024w, https:\/\/sgp.geodezja.org.pl\/wp-content\/uploads\/2015\/12\/ZGSGP_20151211_7-768x372.jpg 768w\" sizes=\"auto, (max-width: 200px) 100vw, 200px\" \/><\/p>\n<p style=\"text-align: center;\"><strong>Janusz Walo, Ludmi\u0142a Pietrzak, Stanis\u0142aw Cegielski, J\u00f3zef Racki<\/strong><\/p>\n<p style=\"text-align: justify;\"><strong><em>S<\/em><\/strong><em>tanis\u0142aw Cegielski<\/em> przedstawiaj\u0105c sprawozdanie z dzia\u0142alno\u015bci Stowarzyszenia od wrze\u015bnia do grudnia wskaza\u0142 na konferencj\u0119 na temat geodezji in\u017cynieryjnej oraz kalisk\u0105 konferencj\u0119 katastraln\u0105, zwo\u0142an\u0105 do Ostrowa Wielkopolskiego. Przypomnia\u0142 te\u017c o przeprowadzeniu szkolnego etapu Olimpiady Wiedzy Geodezyjnej i Kartograficznej. Jego wyniki okaza\u0142y si\u0119 mocno niespodziewane dla cz\u0142onk\u00f3w Komitetu G\u0142\u00f3wnego za spraw\u0105 kiepskich rezultat\u00f3w szk\u00f3\u0142, kt\u00f3re zazwyczaj przodowa\u0142y w konkursie&#8230;&#8230;<\/p>\n<p style=\"text-align: justify;\"><a href=\"https:\/\/sgp.geodezja.org.pl\/wp-content\/uploads\/2015\/12\/PG_zebr_ZG_SGP_20151211_pelna.pdf\" rel=\"alternate\">Czytaj ca\u0142\u0105 relacj\u0119 w pdf &gt;&gt;&gt;<\/a><\/p>\n<p style=\"text-align: justify;\">Tekst i zdj\u0119cia Stanis\u0142aw Marcin Wili\u0144ski<\/p>\n<p style=\"text-align: right;\">VK<\/p>\n<p>\u00a0<\/p>","protected":false},"excerpt":{"rendered":"<p>Zebranie Zarz\u0105du G\u0142\u00f3wnego Stowarzyszenia Geodet\u00f3w Polskich, w dniu 11 grudnia 2015 roku, Prezes Stanis\u0142aw Cegielski rozpocz\u0105\u0142 od powitania go\u015bci honorowych w osobach Jacka Jarz\u0105bka Wiceprezesa G\u0142\u00f3wnego Urz\u0119du Geodezji i Kartografii, J\u00f3zefa Rackiego pos\u0142a na Sejm RP poprzednich kadencji oraz Cz\u0142onk\u00f3w Honorowych SGP i prof. Bogdana Neya Przewodnicz\u0105cego Rady Naukowej i Programowej \u201ePrzegl\u0105du Geodezyjnego\u201d, a tak\u017ce [&hellip;]<\/p>\n","protected":false},"author":2,"featured_media":1021,"comment_status":"open","ping_status":"open","sticky":false,"template":"","format":"standard","meta":{"two_page_speed":[],"footnotes":""},"categories":[10],"tags":[],"class_list":["post-1029","post","type-post","status-publish","format-standard","has-post-thumbnail","hentry","category-informacje"],"_links":{"self":[{"href":"https:\/\/sgp.geodezja.org.pl\/en\/wp-json\/wp\/v2\/posts\/1029","targetHints":{"allow":["GET"]}}],"collection":[{"href":"https:\/\/sgp.geodezja.org.pl\/en\/wp-json\/wp\/v2\/posts"}],"about":[{"href":"https:\/\/sgp.geodezja.org.pl\/en\/wp-json\/wp\/v2\/types\/post"}],"author":[{"embeddable":true,"href":"https:\/\/sgp.geodezja.org.pl\/en\/wp-json\/wp\/v2\/users\/2"}],"replies":[{"embeddable":true,"href":"https:\/\/sgp.geodezja.org.pl\/en\/wp-json\/wp\/v2\/comments?post=1029"}],"version-history":[{"count":0,"href":"https:\/\/sgp.geodezja.org.pl\/en\/wp-json\/wp\/v2\/posts\/1029\/revisions"}],"wp:featuredmedia":[{"embeddable":true,"href":"https:\/\/sgp.geodezja.org.pl\/en\/wp-json\/wp\/v2\/media\/1021"}],"wp:attachment":[{"href":"https:\/\/sgp.geodezja.org.pl\/en\/wp-json\/wp\/v2\/media?parent=1029"}],"wp:term":[{"taxonomy":"category","embeddable":true,"href":"https:\/\/sgp.geodezja.org.pl\/en\/wp-json\/wp\/v2\/categories?post=1029"},{"taxonomy":"post_tag","embeddable":true,"href":"https:\/\/sgp.geodezja.org.pl\/en\/wp-json\/wp\/v2\/tags?post=1029"}],"curies":[{"name":"wp","href":"https:\/\/api.w.org\/{rel}","templated":true}]}}