{"id":1036,"date":"2016-02-08T15:12:39","date_gmt":"2016-02-08T14:12:39","guid":{"rendered":"https:\/\/2.budowaniestron.pl\/xxii-miedzynarodowe-dni-geodezji-slowacko-polsko-czeskie-koszyce-slowacja\/"},"modified":"2016-02-08T15:12:39","modified_gmt":"2016-02-08T14:12:39","slug":"xxii-miedzynarodowe-dni-geodezji-slowacko-polsko-czeskie-koszyce-slowacja","status":"publish","type":"post","link":"https:\/\/sgp.geodezja.org.pl\/en\/xxii-miedzynarodowe-dni-geodezji-slowacko-polsko-czeskie-koszyce-slowacja\/","title":{"rendered":"XXII Mi\u0119dzynarodowe Dni Geodezji S\u0142owacko-Polsko-Czeskie, Koszyce &#8211; S\u0142owacja"},"content":{"rendered":"<p style=\"text-align: justify;\">W dniach 5-7 maja 2016 r. w Koszycach na S\u0142owacji odb\u0119d\u0105 si\u0119 XXII Mi\u0119dzynarodowe Dni Geodezji S\u0142owacko-Polsko-Czeskie. Ch\u0119tnych do udzia\u0142u w konferencji prosimy o kontakt z w\u0142a\u015bciwymi Oddzia\u0142ami Stowarzyszenia Geodet\u00f3w Polskich do dnia 15 marca 2016 r.<\/p>\n<p>  <!--more-->  <\/p>\n<p style=\"text-align: justify;\">W dniach 5-7 maja 2016 r. w Koszycach na S\u0142owacji odb\u0119d\u0105 si\u0119 XXII Mi\u0119dzynarodowe Dni Geodezji S\u0142owacko-Polsko-Czeskie. Ch\u0119tnych do udzia\u0142u w konferencji prosimy o kontakt z w\u0142a\u015bciwymi Oddzia\u0142ami Stowarzyszenia Geodet\u00f3w Polskich do dnia 15 marca 2016 r.<\/p>\n<p><strong>KOSZYCE <\/strong> <strong>5. &#8211; 7.05.2016<\/strong><\/p>\n<p>Miejsce konferencji i zakwaterowanie: Kongresowy <strong>Hotel<\/strong><strong> Centrum<\/strong> ***, Juzna trieda 2A,<\/p>\n<p style=\"text-align: justify;\">Parking hotelowy obok hotelu: Koszyce, Pal\u00e1rikova 1503\/1. Poniewa\u017c nie jest jeszcze zako\u0144czona budowa autostrady D1 na odcinku \u017dilina &#8211; Pre\u0161ov -Ko\u0161ice, organizatorzy zalecaj\u0105 podr\u00f3\u017c poci\u0105gami (IC, EC) &#8211; (ZSR CD, Regiojet, LEO Express). Hotel znajduje si\u0119 oko\u0142o 16 min. spacerem od dworca kolejowego w Koszycach.<\/p>\n<p>Zapraszamy do tradycyjnej konferencji s\u0142owackich, polskich i czeskich geodet\u00f3w w drugim co do wielko\u015bci mie\u015bcie S\u0142owacji &#8211; Koszyce. Koszyce to Europejska Stolica Sportu w 2016 roku.<\/p>\n<p>Tematyka XXII. Mi\u0119dzynarodowych Dni Geodezji S\u0142owacko-Polsko-Czeskich b\u0119dzie koncentrowa\u0107 si\u0119 na nast\u0119puj\u0105cych obszarach:<\/p>\n<p>A &#8211; Ograniczone prawa do nieruchomo\u015bci<\/p>\n<p>B &#8211; Dane przestrzenne &#8211; jako\u015b\u0107, dok\u0142adno\u015b\u0107 i dost\u0119pno\u015b\u0107<\/p>\n<p>C \u2013 Aspekty prawne i praktyczne wykorzystania bezza\u0142ogowych samolot\u00f3w (drony)<\/p>\n<p>D &#8211; Referaty student\u00f3w z uczelni technicznych <\/p>\n<p><strong>Propozycja programu ramowego:<\/p>\n<p> <\/strong><\/p>\n<p><strong>Czwartek 05\/05\/2016 <\/strong><\/p>\n<p>do 16:45 Przyjazd i rejestracja uczestnik\u00f3w<\/p>\n<p>\u00a0<strong>\u00a0\u00a0\u00a017:00<\/strong>\u00a0\u00a0\u00a0\u00a0\u00a0\u00a0\u00a0\u00a0\u00a0\u00a0\u00a0\u00a0\u00a0\u00a0Otwarcie, przem\u00f3wienia go\u015bci i prezes\u00f3w krajowych stowarzysze\u0144 zawodowych<\/p>\n<p>\u00a0\u00a0\u00a0\u00a0\u00a0\u00a0\u00a0\u00a0\u00a0\u00a0\u00a0\u00a0\u00a0\u00a0\u00a0 \u00a0\u00a0\u00a0\u00a0\u00a0\u00a0\u00a0\u00a0\u00a0\u00a0\u00a0\u00a0 Referaty prezes\u00f3w s\u0142u\u017cb geodezyjnych kraj\u00f3w uczestnicz\u0105cych w Dniach SPC \u00a0\u00a0\u00a0\u00a0<\/p>\n<p>\u00a0\u00a0\u00a0\u00a019:30 \u00a0\u00a0\u00a0\u00a0\u00a0\u00a0\u00a0\u00a0\u00a0\u00a0\u00a0\u00a0\u00a0\u00a0 Uroczysta kolacja i muzyka<\/p>\n<p><strong>Pi\u0105tek 05\/06\/2016 <\/strong><\/p>\n<p>\u00a0\u00a0 09:30\u00a0\u00a0\u00a0\u00a0\u00a0\u00a0\u00a0\u00a0\u00a0\u00a0\u00a0\u00a0\u00a0\u00a0 Naukowo-techniczne referaty z obszaru A \u00a0\u00a0<\/p>\n<p>\u00a0\u00a0 11:00\u00a0\u00a0\u00a0\u00a0\u00a0\u00a0\u00a0\u00a0\u00a0\u00a0\u00a0\u00a0\u00a0\u00a0\u00a0Naukowo-techniczne referaty z obszaru B \u00a0\u00a0<\/p>\n<p>\u00a0\u00a0 12:15\u00a0\u00a0\u00a0\u00a0\u00a0\u00a0\u00a0\u00a0\u00a0\u00a0\u00a0\u00a0\u00a0\u00a0 Przerwa obiadowa \u00a0\u00a0<\/p>\n<p>\u00a0\u00a0 13:30 \u00a0\u00a0\u00a0\u00a0\u00a0\u00a0\u00a0\u00a0\u00a0\u00a0\u00a0\u00a0\u00a0 Program turystyczno-krajoznawczy \u00a0\u00a0<\/p>\n<p>\u00a0\u00a0 19:00 \u00a0\u00a0\u00a0\u00a0\u00a0\u00a0\u00a0\u00a0\u00a0\u00a0\u00a0 \u00a0\u00a0Przyj\u0119cie towarzyskie w restauracji hotelu kongresowego Centrum<\/p>\n<p><strong>Sobota 07.05.2016 <\/strong><\/p>\n<p>\u00a0\u00a0 9:30\u00a0\u00a0\u00a0\u00a0\u00a0\u00a0\u00a0\u00a0\u00a0\u00a0\u00a0\u00a0\u00a0\u00a0\u00a0\u00a0 Referaty naukowo-techniczne z obszaru C<\/p>\n<p>\u00a0 10:50 \u00a0\u00a0\u00a0\u00a0\u00a0\u00a0\u00a0\u00a0\u00a0\u00a0\u00a0\u00a0\u00a0\u00a0\u00a0Referaty naukowo-techniczne z obszaru D \u00a0\u00a0<\/p>\n<p>\u00a0 12:00 \u00a0\u00a0\u00a0\u00a0\u00a0\u00a0\u00a0\u00a0\u00a0\u00a0\u00a0\u00a0\u00a0\u00a0\u00a0Wnioski<\/p>\n<p>Na XXII. Mi\u0119dzynarodowe Dni Geodezji S\u0142owacko-Polsko-Czeskie przygotujemy: &#8211; Wystaw\u0119 instrument\u00f3w geodezyjnych i technik przetwarzania danych &#8211; Koszycki DECIMARAT\u00d3N geodet\u00f3w (4,2195 km) dla uczestnik\u00f3w XXII. S-P-C MDG w ramach projektu Ko\u0161ice UE miasto sportu w 2016 roku, &#8211; Zwiedzanie S\u0142owackiego Muzeum Techniki i Katedry \u015bw El\u017cbiety &#8211; Zwiedzanie zamku w Ko\u0161icach (turystyczna atrakcja)<\/p>\n<p>Places: <strong> Kongresowy Hotel Centrum, <\/strong>Juzna trieda 2A<strong>, Ko\u0161ice<\/strong><\/p>\n<p>Payment: <strong>\u20ac 195<\/strong>, kt\u00f3ra obejmuje zakwaterowanie (2 noclegi w dwuosobowych pokojach), op\u0142aty konferencyjne,\u00a0posi\u0142ki, wycieczki i materia\u0142y konferencyjne.<\/p>\n<p>\u00a0<\/p>\n<p style=\"text-align: right;\">VK<\/p>\n<p style=\"text-align: justify;\">\u00a0<\/p>","protected":false},"excerpt":{"rendered":"<p>W dniach 5-7 maja 2016 r. w Koszycach na S\u0142owacji odb\u0119d\u0105 si\u0119 XXII Mi\u0119dzynarodowe Dni Geodezji S\u0142owacko-Polsko-Czeskie. Ch\u0119tnych do udzia\u0142u w konferencji prosimy o kontakt z w\u0142a\u015bciwymi Oddzia\u0142ami Stowarzyszenia Geodet\u00f3w Polskich do dnia 15 marca 2016 r.<\/p>","protected":false},"author":2,"featured_media":0,"comment_status":"open","ping_status":"open","sticky":false,"template":"","format":"standard","meta":{"two_page_speed":[],"footnotes":""},"categories":[10],"tags":[],"class_list":["post-1036","post","type-post","status-publish","format-standard","hentry","category-informacje"],"_links":{"self":[{"href":"https:\/\/sgp.geodezja.org.pl\/en\/wp-json\/wp\/v2\/posts\/1036","targetHints":{"allow":["GET"]}}],"collection":[{"href":"https:\/\/sgp.geodezja.org.pl\/en\/wp-json\/wp\/v2\/posts"}],"about":[{"href":"https:\/\/sgp.geodezja.org.pl\/en\/wp-json\/wp\/v2\/types\/post"}],"author":[{"embeddable":true,"href":"https:\/\/sgp.geodezja.org.pl\/en\/wp-json\/wp\/v2\/users\/2"}],"replies":[{"embeddable":true,"href":"https:\/\/sgp.geodezja.org.pl\/en\/wp-json\/wp\/v2\/comments?post=1036"}],"version-history":[{"count":0,"href":"https:\/\/sgp.geodezja.org.pl\/en\/wp-json\/wp\/v2\/posts\/1036\/revisions"}],"wp:attachment":[{"href":"https:\/\/sgp.geodezja.org.pl\/en\/wp-json\/wp\/v2\/media?parent=1036"}],"wp:term":[{"taxonomy":"category","embeddable":true,"href":"https:\/\/sgp.geodezja.org.pl\/en\/wp-json\/wp\/v2\/categories?post=1036"},{"taxonomy":"post_tag","embeddable":true,"href":"https:\/\/sgp.geodezja.org.pl\/en\/wp-json\/wp\/v2\/tags?post=1036"}],"curies":[{"name":"wp","href":"https:\/\/api.w.org\/{rel}","templated":true}]}}