{"id":1044,"date":"2016-02-09T12:24:48","date_gmt":"2016-02-09T11:24:48","guid":{"rendered":"https:\/\/2.budowaniestron.pl\/relacja-ze-spotkania-noworocznego-w-legnicy-2016\/"},"modified":"2016-02-09T12:24:48","modified_gmt":"2016-02-09T11:24:48","slug":"relacja-ze-spotkania-noworocznego-w-legnicy-2016","status":"publish","type":"post","link":"https:\/\/sgp.geodezja.org.pl\/en\/relacja-ze-spotkania-noworocznego-w-legnicy-2016\/","title":{"rendered":"Relacja ze Spotkania Noworocznego w Legnicy &#8211; 2016"},"content":{"rendered":"<p style=\"text-align: justify;\">\u00a0<\/p>\n<p style=\"text-align: justify;\">Zarz\u0105d Oddzia\u0142u Stowarzyszenia Geodet\u00f3w Polskich w Legnicy corocznie organizuje geodezyjne spotkanie noworoczne. W bie\u017c\u0105cym roku w pi\u0105tek 22 stycznia, spotkali\u015bmy si\u0119 w Legnicy w przytulnej kawiarni hotelu \u201dKamieniczka\u201d. W spotkaniu uczestniczy\u0142o 55 kole\u017canek i koleg\u00f3w emeryt\u00f3w, rencist\u00f3w, koleg\u00f3w z prywatnych firm geodezyjnych, s\u0142u\u017cb administracji geodezyjnej i kartograficznej oraz przyjaci\u00f3\u0142 sprzyjaj\u0105cych dzia\u0142alno\u015bci naszego Oddzia\u0142u SGP.<\/p>\n<p>  <!--more-->  <\/p>\n<p style=\"text-align: justify;\">Zarz\u0105d Oddzia\u0142u Stowarzyszenia Geodet\u00f3w Polskich w Legnicy corocznie organizuje geodezyjne spotkanie noworoczne. W bie\u017c\u0105cym roku w pi\u0105tek 22 stycznia, spotkali\u015bmy si\u0119 w Legnicy w przytulnej kawiarni hotelu \u201dKamieniczka\u201d. W spotkaniu uczestniczy\u0142o 55 kole\u017canek i koleg\u00f3w emeryt\u00f3w, rencist\u00f3w, koleg\u00f3w z prywatnych firm geodezyjnych, s\u0142u\u017cb administracji geodezyjnej i kartograficznej oraz przyjaci\u00f3\u0142 sprzyjaj\u0105cych dzia\u0142alno\u015bci naszego Oddzia\u0142u SGP.<\/p>\n<p style=\"text-align: justify;\">W imieniu Zarz\u0105du Oddzia\u0142u SGP w Legnicy kol. Wies\u0142aw Firlici\u0144ci\u0144ski \u2013 Honorowy Prezes Zarz\u0105du Oddzia\u0142u Stowarzyszenia Geodet\u00f3w Polskich w Legnicy serdecznie przywita\u0142 wszystkich uczestnik\u00f3w spotkania, a w szczeg\u00f3lno\u015bci obecnych na spotkaniu kole\u017canki i koleg\u00f3w rencist\u00f3w i emeryt\u00f3w.<\/p>\n<p><img loading=\"lazy\" decoding=\"async\" class=\"size-full wp-image-1037\" style=\"margin-right: auto; margin-left: auto; display: block;\" src=\"https:\/\/sgp.geodezja.org.pl\/wp-content\/uploads\/2016\/02\/Legnica_1.JPG\" alt=\"\" width=\"200\" height=\"126\" srcset=\"https:\/\/sgp.geodezja.org.pl\/wp-content\/uploads\/2016\/02\/Legnica_1.JPG 1500w, https:\/\/sgp.geodezja.org.pl\/wp-content\/uploads\/2016\/02\/Legnica_1-800x506.jpg 800w, https:\/\/sgp.geodezja.org.pl\/wp-content\/uploads\/2016\/02\/Legnica_1-300x190.jpg 300w, https:\/\/sgp.geodezja.org.pl\/wp-content\/uploads\/2016\/02\/Legnica_1-1024x647.jpg 1024w, https:\/\/sgp.geodezja.org.pl\/wp-content\/uploads\/2016\/02\/Legnica_1-768x485.jpg 768w, https:\/\/sgp.geodezja.org.pl\/wp-content\/uploads\/2016\/02\/Legnica_1-95x60.jpg 95w\" sizes=\"auto, (max-width: 200px) 100vw, 200px\" \/><\/p>\n<p style=\"text-align: center;\"><strong><em>W\u0142odzimierz Chytry, Wies\u0142aw Firlici\u0144ski, Alina Kanigowska, Miko\u0142aj Smyk<\/em><\/strong><\/p>\n<p style=\"text-align: center;\"><strong><em><img loading=\"lazy\" decoding=\"async\" class=\"size-full wp-image-1038\" src=\"https:\/\/sgp.geodezja.org.pl\/wp-content\/uploads\/2016\/02\/Legnica_2.JPG\" alt=\"\" width=\"200\" height=\"134\" srcset=\"https:\/\/sgp.geodezja.org.pl\/wp-content\/uploads\/2016\/02\/Legnica_2.JPG 1494w, https:\/\/sgp.geodezja.org.pl\/wp-content\/uploads\/2016\/02\/Legnica_2-800x535.jpg 800w, https:\/\/sgp.geodezja.org.pl\/wp-content\/uploads\/2016\/02\/Legnica_2-300x201.jpg 300w, https:\/\/sgp.geodezja.org.pl\/wp-content\/uploads\/2016\/02\/Legnica_2-1024x685.jpg 1024w, https:\/\/sgp.geodezja.org.pl\/wp-content\/uploads\/2016\/02\/Legnica_2-768x514.jpg 768w\" sizes=\"auto, (max-width: 200px) 100vw, 200px\" \/><\/em><\/strong><\/p>\n<p style=\"text-align: center;\"><strong><em>Miros\u0142aw \u017bo\u0142ek<\/em><\/strong><\/p>\n<p style=\"text-align: justify;\">Szczeg\u00f3lne s\u0142owa przywitania kol. Wies\u0142aw Firlici\u0144ski skierowa\u0142 do naszego seniora kol. Miros\u0142awa \u017bo\u0142ka <em>(w maju<\/em> <em>br. 92 l.)<\/em>ci\u0105gle aktywnego dzia\u0142acza, by\u0142ego wi\u0119\u017ania hitlerowskich oboz\u00f3w koncentracyjnych. Dzi\u0119kuj\u0105c za serdeczne przywitanie kol. Miros\u0142aw \u017bo\u0142ek przekaza\u0142 wszystkim \u017cyczenia zdrowia i wytrwa\u0142o\u015bci w realizowaniu temat\u00f3w geodezyjnych.<\/p>\n<p style=\"text-align: justify;\">Po tradycyjnym od\u015bpiewaniu Hymnu Geodety kol. Miko\u0142aj Smyk wznosz\u0105c toast noworoczny \u017cyczy\u0142 wszystkim obecnym by niezale\u017cnie w jakich firmach i instytucjach pracujemy, by\u015bmy zawsze byli ZDROW\u0104 RODZIN\u0104 GEODEZYJN\u0104, gdy\u017c nawet drobne spory pomi\u0119dzy administracj\u0105, wykonawstwem, nadzorem geodezyjnym s\u0105 wykorzystywane przez innych, co jest strat\u0105 dla wizerunku geodety i presti\u017cu naszego zawodu. \u201ePatrz\u0105c na was wszystkich widz\u0119 i mam nadziej\u0119, \u017ce si\u0119 nie myl\u0119, i\u017c w\u0142a\u015bnie tak\u0105 zdrow\u0105, szanuj\u0105c\u0105 si\u0119 i kochaj\u0105c\u0105 nasz zaw\u00f3d rodzin\u0105 jeste\u015bmy.\u201d<\/p>\n<p><img loading=\"lazy\" decoding=\"async\" class=\"size-full wp-image-1039\" style=\"margin-right: auto; margin-left: auto; display: block;\" src=\"https:\/\/sgp.geodezja.org.pl\/wp-content\/uploads\/2016\/02\/Legnica_3.JPG\" alt=\"\" width=\"200\" height=\"141\" srcset=\"https:\/\/sgp.geodezja.org.pl\/wp-content\/uploads\/2016\/02\/Legnica_3.JPG 1419w, https:\/\/sgp.geodezja.org.pl\/wp-content\/uploads\/2016\/02\/Legnica_3-800x564.jpg 800w, https:\/\/sgp.geodezja.org.pl\/wp-content\/uploads\/2016\/02\/Legnica_3-300x211.jpg 300w, https:\/\/sgp.geodezja.org.pl\/wp-content\/uploads\/2016\/02\/Legnica_3-1024x722.jpg 1024w, https:\/\/sgp.geodezja.org.pl\/wp-content\/uploads\/2016\/02\/Legnica_3-768x541.jpg 768w\" sizes=\"auto, (max-width: 200px) 100vw, 200px\" \/><\/p>\n<p style=\"text-align: center;\"><strong><em>Wies\u0142aw Firlici\u0144ski, Alina Kanigowska, Miko\u0142aj Smyk<\/em><\/strong><\/p>\n<p style=\"text-align: center;\"><strong><em><img loading=\"lazy\" decoding=\"async\" class=\"size-full wp-image-1040\" src=\"https:\/\/sgp.geodezja.org.pl\/wp-content\/uploads\/2016\/02\/Legnica_4.JPG\" alt=\"\" width=\"200\" height=\"137\" srcset=\"https:\/\/sgp.geodezja.org.pl\/wp-content\/uploads\/2016\/02\/Legnica_4.JPG 1465w, https:\/\/sgp.geodezja.org.pl\/wp-content\/uploads\/2016\/02\/Legnica_4-800x546.jpg 800w, https:\/\/sgp.geodezja.org.pl\/wp-content\/uploads\/2016\/02\/Legnica_4-300x205.jpg 300w, https:\/\/sgp.geodezja.org.pl\/wp-content\/uploads\/2016\/02\/Legnica_4-1024x699.jpg 1024w, https:\/\/sgp.geodezja.org.pl\/wp-content\/uploads\/2016\/02\/Legnica_4-768x524.jpg 768w\" sizes=\"auto, (max-width: 200px) 100vw, 200px\" \/><\/em><\/strong><\/p>\n<p style=\"text-align: center;\"><strong><em>Jolanta Sienkiewicz, El\u017cbieta Ko\u015bciuk, Marzena Browolejt, W\u0142odzimierz Chytry<\/em><\/strong><\/p>\n<p style=\"text-align: justify;\">Podczas uroczystej kolacji, kol\u0119dowaniu przy gitarze kol. Andrzeja Ja\u017c\u0142o, wspomnieniach i tradycyjnie szczerych rozmowach o stanie naszej polskiej geodezji nie by\u0142o ko\u0144ca.<\/p>\n<p style=\"text-align: center;\"><img loading=\"lazy\" decoding=\"async\" class=\"size-full wp-image-1041\" style=\"margin-right: auto; margin-left: auto; display: block;\" src=\"https:\/\/sgp.geodezja.org.pl\/wp-content\/uploads\/2016\/02\/Legnica_5.JPG\" alt=\"\" width=\"200\" height=\"134\" srcset=\"https:\/\/sgp.geodezja.org.pl\/wp-content\/uploads\/2016\/02\/Legnica_5.JPG 1494w, https:\/\/sgp.geodezja.org.pl\/wp-content\/uploads\/2016\/02\/Legnica_5-800x535.jpg 800w, https:\/\/sgp.geodezja.org.pl\/wp-content\/uploads\/2016\/02\/Legnica_5-300x201.jpg 300w, https:\/\/sgp.geodezja.org.pl\/wp-content\/uploads\/2016\/02\/Legnica_5-1024x685.jpg 1024w, https:\/\/sgp.geodezja.org.pl\/wp-content\/uploads\/2016\/02\/Legnica_5-768x514.jpg 768w\" sizes=\"auto, (max-width: 200px) 100vw, 200px\" \/><\/p>\n<p style=\"text-align: center;\"><strong><em>Andrzej Ja\u017c\u0142o<\/em><\/strong><\/p>\n<p style=\"text-align: center;\"><img loading=\"lazy\" decoding=\"async\" class=\"size-full wp-image-1042\" style=\"margin-right: auto; margin-left: auto; display: block;\" src=\"https:\/\/sgp.geodezja.org.pl\/wp-content\/uploads\/2016\/02\/Legnica_6.JPG\" alt=\"\" width=\"200\" height=\"134\" srcset=\"https:\/\/sgp.geodezja.org.pl\/wp-content\/uploads\/2016\/02\/Legnica_6.JPG 1494w, https:\/\/sgp.geodezja.org.pl\/wp-content\/uploads\/2016\/02\/Legnica_6-800x535.jpg 800w, https:\/\/sgp.geodezja.org.pl\/wp-content\/uploads\/2016\/02\/Legnica_6-300x201.jpg 300w, https:\/\/sgp.geodezja.org.pl\/wp-content\/uploads\/2016\/02\/Legnica_6-1024x685.jpg 1024w, https:\/\/sgp.geodezja.org.pl\/wp-content\/uploads\/2016\/02\/Legnica_6-768x514.jpg 768w\" sizes=\"auto, (max-width: 200px) 100vw, 200px\" \/><\/p>\n<p style=\"text-align: center;\"><strong><em>Miros\u0142aw \u017bo\u0142ek, Jerzy Krakowski, Andrzej Ja\u017c\u0142o<\/em><\/strong><\/p>\n<p style=\"text-align: justify;\">Spotkanie przebieg\u0142o w bardzo ciep\u0142ej, kole\u017ce\u0144skiej wr\u0119cz rodzinnej atmosferze z nadziej\u0105, i\u017c zn\u00f3w za rok si\u0119 spotkamy.<\/p>\n<p style=\"text-align: justify;\">Tekst:<br \/>W\u0142odzimierz Chytry<br \/>Wiceprezes ZO SGP w Legnicy<\/p>\n<p style=\"text-align: justify;\">Zdj\u0119cia:<br \/><em>Kol. Stanis\u0142aw Bar<\/em><\/p>\n<p style=\"text-align: justify;\"><a href=\"https:\/\/sgp.geodezja.org.pl\/wp-content\/uploads\/2016\/02\/Legnica_spotkanie_noworoczne_2016_strona.pdf\" rel=\"alternate\"><span style=\"color: #008000;\">Relacja ze Spotkania Noworocznego w Legnicy &#8211; 2016 (pdf) &gt;&gt;&gt;<\/span><\/a><\/p>\n<p style=\"text-align: right;\">VK<\/p>\n<p style=\"text-align: justify;\">\u00a0<\/p>\n<p style=\"text-align: center;\">\u00a0<\/p>\n<p style=\"text-align: center;\">\u00a0<\/p>","protected":false},"excerpt":{"rendered":"<p>\u00a0 Zarz\u0105d Oddzia\u0142u Stowarzyszenia Geodet\u00f3w Polskich w Legnicy corocznie organizuje geodezyjne spotkanie noworoczne. W bie\u017c\u0105cym roku w pi\u0105tek 22 stycznia, spotkali\u015bmy si\u0119 w Legnicy w przytulnej kawiarni hotelu \u201dKamieniczka\u201d. W spotkaniu uczestniczy\u0142o 55 kole\u017canek i koleg\u00f3w emeryt\u00f3w, rencist\u00f3w, koleg\u00f3w z prywatnych firm geodezyjnych, s\u0142u\u017cb administracji geodezyjnej i kartograficznej oraz przyjaci\u00f3\u0142 sprzyjaj\u0105cych dzia\u0142alno\u015bci naszego Oddzia\u0142u SGP.<\/p>","protected":false},"author":2,"featured_media":1037,"comment_status":"open","ping_status":"open","sticky":false,"template":"","format":"standard","meta":{"two_page_speed":[],"footnotes":""},"categories":[10],"tags":[],"class_list":["post-1044","post","type-post","status-publish","format-standard","has-post-thumbnail","hentry","category-informacje"],"_links":{"self":[{"href":"https:\/\/sgp.geodezja.org.pl\/en\/wp-json\/wp\/v2\/posts\/1044","targetHints":{"allow":["GET"]}}],"collection":[{"href":"https:\/\/sgp.geodezja.org.pl\/en\/wp-json\/wp\/v2\/posts"}],"about":[{"href":"https:\/\/sgp.geodezja.org.pl\/en\/wp-json\/wp\/v2\/types\/post"}],"author":[{"embeddable":true,"href":"https:\/\/sgp.geodezja.org.pl\/en\/wp-json\/wp\/v2\/users\/2"}],"replies":[{"embeddable":true,"href":"https:\/\/sgp.geodezja.org.pl\/en\/wp-json\/wp\/v2\/comments?post=1044"}],"version-history":[{"count":0,"href":"https:\/\/sgp.geodezja.org.pl\/en\/wp-json\/wp\/v2\/posts\/1044\/revisions"}],"wp:featuredmedia":[{"embeddable":true,"href":"https:\/\/sgp.geodezja.org.pl\/en\/wp-json\/wp\/v2\/media\/1037"}],"wp:attachment":[{"href":"https:\/\/sgp.geodezja.org.pl\/en\/wp-json\/wp\/v2\/media?parent=1044"}],"wp:term":[{"taxonomy":"category","embeddable":true,"href":"https:\/\/sgp.geodezja.org.pl\/en\/wp-json\/wp\/v2\/categories?post=1044"},{"taxonomy":"post_tag","embeddable":true,"href":"https:\/\/sgp.geodezja.org.pl\/en\/wp-json\/wp\/v2\/tags?post=1044"}],"curies":[{"name":"wp","href":"https:\/\/api.w.org\/{rel}","templated":true}]}}