{"id":1048,"date":"2016-02-10T13:16:41","date_gmt":"2016-02-10T12:16:41","guid":{"rendered":"https:\/\/2.budowaniestron.pl\/zmarl-kolega-tadeusz-martusewicz-czesc-jego-pamieci\/"},"modified":"2016-02-10T13:16:41","modified_gmt":"2016-02-10T12:16:41","slug":"zmarl-kolega-tadeusz-martusewicz-czesc-jego-pamieci","status":"publish","type":"post","link":"https:\/\/sgp.geodezja.org.pl\/en\/zmarl-kolega-tadeusz-martusewicz-czesc-jego-pamieci\/","title":{"rendered":"Zmar\u0142 Kolega Tadeusz Martusewicz &#8211; Cze\u015b\u0107 Jego Pami\u0119ci!"},"content":{"rendered":"<p style=\"text-align: left;\"><strong>Z g\u0142\u0119bok\u0105 powag\u0105 i smutkiem \u017cegnamy zmar\u0142ego 6 lutego 2016 r. <\/strong><strong>naszego Przyjaciela i Koleg\u0119 <\/strong><strong>TADEUSZA MARTUSEWICZA.<\/strong><\/p>\n<p>  <!--more-->  <\/p>\n<p><strong>Z g\u0142\u0119bok\u0105 powag\u0105 i smutkiem \u017cegnamy zmar\u0142ego 6 lutego 2016 r. <\/strong><strong>naszego Przyjaciela i Koleg\u0119 <\/strong><strong>TADEUSZA MARTUSEWICZA.<\/strong><\/p>\n<p>\u00a0<\/p>\n<p><img loading=\"lazy\" decoding=\"async\" class=\"size-full wp-image-1046\" style=\"margin-right: auto; margin-left: auto; display: block;\" src=\"https:\/\/sgp.geodezja.org.pl\/wp-content\/uploads\/2016\/02\/sp_Tadeusz_Martusewicz_b.jpg\" alt=\"\" width=\"167\" height=\"200\" srcset=\"https:\/\/sgp.geodezja.org.pl\/wp-content\/uploads\/2016\/02\/sp_Tadeusz_Martusewicz_b.jpg 502w, https:\/\/sgp.geodezja.org.pl\/wp-content\/uploads\/2016\/02\/sp_Tadeusz_Martusewicz_b-251x300.jpg 251w, https:\/\/sgp.geodezja.org.pl\/wp-content\/uploads\/2016\/02\/sp_Tadeusz_Martusewicz_b-50x60.jpg 50w\" sizes=\"auto, (max-width: 167px) 100vw, 167px\" \/><\/p>\n<p>\u00a0<\/p>\n<table class=\"tabelka\" style=\"border-color: #000000; margin-right: auto; margin-left: auto;\" border=\"1\" width=\"600\" cellspacing=\"1\">\n<tbody>\n<tr>\n<td style=\"border-color: #000000; width: 800px; background-color: #e6e1e1;\" width=\"1031\">\n<p>W dobrych zawodach wyst\u0105pi\u0142em,<br \/>bieg uko\u0144czy\u0142em, wiary ustrzeg\u0142em.<br \/>Na ostatek od\u0142o\u017cono dla mnie wieniec sprawiedliwo\u015bci,<br \/>kt\u00f3ry mi w owym dniu odda Pan,<br \/>Sprawiedliwy S\u0119dzia, a nie tylko mnie,<br \/>ale i wszystkim, kt\u00f3rzy umi\u0142owali pojawienie si\u0119 Jego.<br \/>(drugi list do Tymoteusza 4,7-8)<\/p>\n<p>\u00a0<\/p>\n<p style=\"text-align: center;\"><strong>Z g\u0142\u0119bok\u0105 powag\u0105 i smutkiem \u017cegnamy zmar\u0142ego 6 lutego 2016 r.<\/strong><\/p>\n<p style=\"text-align: center;\"><strong>naszego Przyjaciela i Koleg\u0119<\/strong><\/p>\n<p style=\"text-align: center;\"><strong>TADEUSZA MARTUSEWICZA<\/strong><\/p>\n<p style=\"text-align: center;\"><strong>Geodet\u0119<\/strong><\/p>\n<p style=\"text-align: center;\">\u00a0<strong>wieloletniego pracownika Warszawskiego Przedsi\u0119biorstwa Geodezyjnego S.A.,<br \/><\/strong><strong>wielkiego, nieod\u017ca\u0142owanego dzia\u0142acza spo\u0142ecznego i patriot\u0119,<br \/><\/strong><strong>uhonorowanego najwy\u017cszymi odznaczeniami pa\u0144stwowymi, ko\u015bcielnymi i resortowymi<br \/><\/strong><strong>m.in. Krzy\u017cem Oficerskim Orderu Odrodzenia Polski, Diamentow\u0105 Odznak\u0105 Honorow\u0105 SGP,<br \/><\/strong><strong>przyjaciela wszystkich pokole\u0144, z kt\u00f3rymi i dla kt\u00f3rych przysz\u0142o mu oddawa\u0107 siebie, swoje zas\u0142ugi <\/strong><strong>i do\u015bwiadczenie \u017cyciowe-cz\u0142owieka wielkiej wra\u017cliwo\u015bci, sprawiedliwo\u015bci i mi\u0142o\u015bci oraz poszanowania bli\u017aniego.<\/strong><\/p>\n<p style=\"text-align: center;\">Uroczysto\u015bci pogrzebowe odb\u0119d\u0105 si\u0119 wed\u0142ug nast\u0119puj\u0105cego porz\u0105dku:<\/p>\n<p style=\"text-align: center;\">&#8211;\u00a0\u00a0\u00a0\u00a0\u00a0\u00a0 <strong>Msza \u015bw. \u017ca\u0142obna odprawiona zostanie w dniu 16.02.2016 r. o godz. 12:00 w Ko\u015bciele Parafialnym pw. Matki Bo\u017cej Wspomo\u017cycielki Wiernych, ul. Josepha Conrada 7 w Warszawie, po czym nast\u0105pi wyprowadzenie na Cmentarz Wawrzyszewski.<\/strong><\/p>\n<p style=\"text-align: center;\">&#8211;\u00a0\u00a0\u00a0\u00a0\u00a0\u00a0 <strong>Msza \u015bw. za dusz\u0119 zmar\u0142ego zostanie odprawiona w dniu 17.02.2016 r. o godz. 7:00 w Ko\u015bciele \u015bw. Aleksandra przy Palcu Trzech Krzy\u017cy.<\/strong><\/p>\n<p style=\"text-align: center;\"><strong>Kole\u017canki i Koledzy z SGP<\/strong><\/p>\n<\/td>\n<\/tr>\n<\/tbody>\n<\/table>\n<p>\u00a0<\/p>\n<p><img loading=\"lazy\" decoding=\"async\" class=\"size-full wp-image-1047\" style=\"margin-right: auto; margin-left: auto; display: block;\" src=\"https:\/\/sgp.geodezja.org.pl\/wp-content\/uploads\/2016\/02\/SGP_Tadeusz_Martusewicz_nekrolog_1.jpg\" alt=\"\" width=\"200\" height=\"141\" srcset=\"https:\/\/sgp.geodezja.org.pl\/wp-content\/uploads\/2016\/02\/SGP_Tadeusz_Martusewicz_nekrolog_1.jpg 1415w, https:\/\/sgp.geodezja.org.pl\/wp-content\/uploads\/2016\/02\/SGP_Tadeusz_Martusewicz_nekrolog_1-800x565.jpg 800w, https:\/\/sgp.geodezja.org.pl\/wp-content\/uploads\/2016\/02\/SGP_Tadeusz_Martusewicz_nekrolog_1-300x212.jpg 300w, https:\/\/sgp.geodezja.org.pl\/wp-content\/uploads\/2016\/02\/SGP_Tadeusz_Martusewicz_nekrolog_1-1024x724.jpg 1024w, https:\/\/sgp.geodezja.org.pl\/wp-content\/uploads\/2016\/02\/SGP_Tadeusz_Martusewicz_nekrolog_1-768x543.jpg 768w\" sizes=\"auto, (max-width: 200px) 100vw, 200px\" \/><\/p>\n<p style=\"text-align: right;\">VK<\/p>","protected":false},"excerpt":{"rendered":"<p>Z g\u0142\u0119bok\u0105 powag\u0105 i smutkiem \u017cegnamy zmar\u0142ego 6 lutego 2016 r. naszego Przyjaciela i Koleg\u0119 TADEUSZA MARTUSEWICZA.<\/p>","protected":false},"author":2,"featured_media":1046,"comment_status":"open","ping_status":"open","sticky":false,"template":"","format":"standard","meta":{"two_page_speed":[],"footnotes":""},"categories":[10],"tags":[],"class_list":["post-1048","post","type-post","status-publish","format-standard","has-post-thumbnail","hentry","category-informacje"],"_links":{"self":[{"href":"https:\/\/sgp.geodezja.org.pl\/en\/wp-json\/wp\/v2\/posts\/1048","targetHints":{"allow":["GET"]}}],"collection":[{"href":"https:\/\/sgp.geodezja.org.pl\/en\/wp-json\/wp\/v2\/posts"}],"about":[{"href":"https:\/\/sgp.geodezja.org.pl\/en\/wp-json\/wp\/v2\/types\/post"}],"author":[{"embeddable":true,"href":"https:\/\/sgp.geodezja.org.pl\/en\/wp-json\/wp\/v2\/users\/2"}],"replies":[{"embeddable":true,"href":"https:\/\/sgp.geodezja.org.pl\/en\/wp-json\/wp\/v2\/comments?post=1048"}],"version-history":[{"count":0,"href":"https:\/\/sgp.geodezja.org.pl\/en\/wp-json\/wp\/v2\/posts\/1048\/revisions"}],"wp:featuredmedia":[{"embeddable":true,"href":"https:\/\/sgp.geodezja.org.pl\/en\/wp-json\/wp\/v2\/media\/1046"}],"wp:attachment":[{"href":"https:\/\/sgp.geodezja.org.pl\/en\/wp-json\/wp\/v2\/media?parent=1048"}],"wp:term":[{"taxonomy":"category","embeddable":true,"href":"https:\/\/sgp.geodezja.org.pl\/en\/wp-json\/wp\/v2\/categories?post=1048"},{"taxonomy":"post_tag","embeddable":true,"href":"https:\/\/sgp.geodezja.org.pl\/en\/wp-json\/wp\/v2\/tags?post=1048"}],"curies":[{"name":"wp","href":"https:\/\/api.w.org\/{rel}","templated":true}]}}