{"id":1065,"date":"2016-03-23T22:15:14","date_gmt":"2016-03-23T21:15:14","guid":{"rendered":"https:\/\/2.budowaniestron.pl\/serdeczne-gratulacje-prof-nzw-dr-hab-inz-janusz-walo-prorektorem-pw\/"},"modified":"2016-03-23T22:15:14","modified_gmt":"2016-03-23T21:15:14","slug":"serdeczne-gratulacje-prof-nzw-dr-hab-inz-janusz-walo-prorektorem-pw","status":"publish","type":"post","link":"https:\/\/sgp.geodezja.org.pl\/en\/serdeczne-gratulacje-prof-nzw-dr-hab-inz-janusz-walo-prorektorem-pw\/","title":{"rendered":"Serdeczne gratulacje! Prof. nzw. dr hab. in\u017c. Janusz Walo Prorektorem PW"},"content":{"rendered":"<p style=\"text-align: justify;\">W dniu 23 marca 2016 roku w Ma\u0142ej Auli Gmachu G\u0142\u00f3wnego kolegium elektor\u00f3w wybra\u0142o Prorektor\u00f3w Politechniki Warszawskiej, kt\u00f3rzy w kadencji 2016-2020 realizowa\u0107 b\u0119d\u0105 zadania w powierzonych im obszarach. Dw\u00f3ch z nich obejmie t\u0119 funkcj\u0119 po raz pierwszy.<\/p>\n<p>  <!--more-->  <\/p>\n<p style=\"text-align: justify;\">W dniu 23 marca 2016 roku w Ma\u0142ej Auli Gmachu G\u0142\u00f3wnego kolegium elektor\u00f3w wybra\u0142o Prorektor\u00f3w Politechniki Warszawskiej, kt\u00f3rzy w kadencji 2016-2020 realizowa\u0107 b\u0119d\u0105 zadania w powierzonych im obszarach. Dw\u00f3ch z nich obejmie t\u0119 funkcj\u0119 po raz pierwszy.<\/p>\n<p style=\"text-align: center;\"><img loading=\"lazy\" decoding=\"async\" class=\"size-full wp-image-1064\" style=\"margin-right: auto; margin-left: auto; display: block;\" src=\"https:\/\/sgp.geodezja.org.pl\/wp-content\/uploads\/2016\/03\/160323.JPG\" alt=\"\" width=\"200\" height=\"134\" srcset=\"https:\/\/sgp.geodezja.org.pl\/wp-content\/uploads\/2016\/03\/160323.JPG 799w, https:\/\/sgp.geodezja.org.pl\/wp-content\/uploads\/2016\/03\/160323-300x201.jpg 300w, https:\/\/sgp.geodezja.org.pl\/wp-content\/uploads\/2016\/03\/160323-768x515.jpg 768w, https:\/\/sgp.geodezja.org.pl\/wp-content\/uploads\/2016\/03\/160323-89x60.jpg 89w\" sizes=\"auto, (max-width: 200px) 100vw, 200px\" \/><\/p>\n<p style=\"text-align: center;\">Fot &#8211; drugi od prawej: prof. nzw. dr hab. in\u017c. Janusz Walo, Cz\u0142onek Prezydium Zarz\u0105du G\u0142\u00f3wnego SGP.<\/p>\n<p style=\"text-align: justify;\">Do grona Prorektor\u00f3w do\u0142\u0105cz\u0105 w tej kadencji prof.\u00a0 Wojciech Wawrzy\u0144ski, obecnie Dziekan Wydzia\u0142u Transportu Politechniki Warszawskiej oraz prof. Janusz Walo, Prodziekan ds. Nauczania na Wydziale Geodezji i Kartografii PW.<\/p>\n<p>Prorektorzy kadencji 2016-2020:<\/p>\n<ul>\n<li>prof. dr hab. in\u017c. Stanis\u0142aw Wincenciak &#8211; Prorektor ds. Rozwoju,<\/li>\n<li>prof. dr hab. in\u017c. Wojciech Wawrzy\u0144ski &#8211; Prorektor ds. Og\u00f3lnych,<\/li>\n<li>prof. nzw. dr hab. in\u017c. Krzysztof Lewenstein &#8211; Prorektor ds. Studi\u00f3w,<\/li>\n<li>prof. dr hab. Rajmund Bacewicz &#8211; Prorektor ds. Nauki,<\/li>\n<li>prof. nzw. dr hab. in\u017c. Janusz Walo &#8211; Prorektor ds. Studenckich,<\/li>\n<li>prof. dr hab. in\u017c. Janusz Zieli\u0144ski &#8211; Prorektor ds. Filii w P\u0142ocku.<\/li>\n<\/ul>\n<p style=\"text-align: justify;\">Funkcje Prorektora ds. Og\u00f3lnych oraz Prorektora ds. Studenckich do ko\u0144ca kadencji 2012-2016 sprawowa\u0107 b\u0119d\u0105: prof. Zbigniew Kledy\u0144ski oraz prof. W\u0142adys\u0142aw Wieczorek, dla kt\u00f3rego bie\u017c\u0105ca kadencja by\u0142a ju\u017c drug\u0105 z kolei.<\/p>\n<p>\u0179r\u00f3d\u0142o: pw.edu.pl<\/p>\n<p>\u00a0<\/p>\n<p style=\"text-align: justify;\"><strong><em>Spiesz\u0119 si\u0119 przekaza\u0107 serdeczne gratulacje w imieniu ca\u0142ego Zarz\u0105du G\u0142\u00f3wnego. Ogromnie si\u0119 cieszymy, \u017ce Kolegi wiedza i pracowito\u015b\u0107 zosta\u0142y docenione. \u017bycz\u0119 samych sukces\u00f3w w pe\u0142nieniu funkcji Prorektora.<\/em><\/strong><\/p>\n<p><em>W imieniu ZG SGP<\/em> <em>Stanis\u0142aw Cegielski<\/em> <em>Prezes<\/em><\/p>\n<p style=\"text-align: right;\">R.\u0141 &#8211; W.K.<\/p>","protected":false},"excerpt":{"rendered":"<p>W dniu 23 marca 2016 roku w Ma\u0142ej Auli Gmachu G\u0142\u00f3wnego kolegium elektor\u00f3w wybra\u0142o Prorektor\u00f3w Politechniki Warszawskiej, kt\u00f3rzy w kadencji 2016-2020 realizowa\u0107 b\u0119d\u0105 zadania w powierzonych im obszarach. Dw\u00f3ch z nich obejmie t\u0119 funkcj\u0119 po raz pierwszy.<\/p>","protected":false},"author":2,"featured_media":1064,"comment_status":"open","ping_status":"open","sticky":false,"template":"","format":"standard","meta":{"two_page_speed":[],"footnotes":""},"categories":[10],"tags":[],"class_list":["post-1065","post","type-post","status-publish","format-standard","has-post-thumbnail","hentry","category-informacje"],"_links":{"self":[{"href":"https:\/\/sgp.geodezja.org.pl\/en\/wp-json\/wp\/v2\/posts\/1065","targetHints":{"allow":["GET"]}}],"collection":[{"href":"https:\/\/sgp.geodezja.org.pl\/en\/wp-json\/wp\/v2\/posts"}],"about":[{"href":"https:\/\/sgp.geodezja.org.pl\/en\/wp-json\/wp\/v2\/types\/post"}],"author":[{"embeddable":true,"href":"https:\/\/sgp.geodezja.org.pl\/en\/wp-json\/wp\/v2\/users\/2"}],"replies":[{"embeddable":true,"href":"https:\/\/sgp.geodezja.org.pl\/en\/wp-json\/wp\/v2\/comments?post=1065"}],"version-history":[{"count":0,"href":"https:\/\/sgp.geodezja.org.pl\/en\/wp-json\/wp\/v2\/posts\/1065\/revisions"}],"wp:featuredmedia":[{"embeddable":true,"href":"https:\/\/sgp.geodezja.org.pl\/en\/wp-json\/wp\/v2\/media\/1064"}],"wp:attachment":[{"href":"https:\/\/sgp.geodezja.org.pl\/en\/wp-json\/wp\/v2\/media?parent=1065"}],"wp:term":[{"taxonomy":"category","embeddable":true,"href":"https:\/\/sgp.geodezja.org.pl\/en\/wp-json\/wp\/v2\/categories?post=1065"},{"taxonomy":"post_tag","embeddable":true,"href":"https:\/\/sgp.geodezja.org.pl\/en\/wp-json\/wp\/v2\/tags?post=1065"}],"curies":[{"name":"wp","href":"https:\/\/api.w.org\/{rel}","templated":true}]}}