{"id":1068,"date":"2016-04-08T16:01:54","date_gmt":"2016-04-08T14:01:54","guid":{"rendered":"https:\/\/2.budowaniestron.pl\/zakonczenie-xxxviii-olimpiady-wiedzy-geodezyjnej-i-kartograficznej-krotkie-informacje\/"},"modified":"2016-04-08T16:01:54","modified_gmt":"2016-04-08T14:01:54","slug":"zakonczenie-xxxviii-olimpiady-wiedzy-geodezyjnej-i-kartograficznej-krotkie-informacje","status":"publish","type":"post","link":"https:\/\/sgp.geodezja.org.pl\/en\/zakonczenie-xxxviii-olimpiady-wiedzy-geodezyjnej-i-kartograficznej-krotkie-informacje\/","title":{"rendered":"Zako\u0144czenie XXXVIII Olimpiady Wiedzy Geodezyjnej i Kartograficznej \u2013 kr\u00f3tkie informacje"},"content":{"rendered":"<p style=\"text-align: justify;\">W dniach 31 marca &#8211; 2 kwietnia 2016 r. w Opolu odby\u0142y si\u0119 zawody II i III stopnia, etapy mi\u0119dzyszkolny i centralny, XXXVIII Olimpiady Wiedzy Geodezyjnej i Kartograficznej.<\/p>\n<p>Zwyci\u0119skie szko\u0142y XXXVIII Olimpiady Wiedzy Geodezyjnej i Kartograficznej:<\/p>\n<p>  <!--more-->  <\/p>\n<p>W dniach 31 marca &#8211; 2 kwietnia 2016 r. w Opolu odby\u0142y si\u0119 zawody II i III stopnia, etapy mi\u0119dzyszkolny i centralny, XXXVIII Olimpiady Wiedzy Geodezyjnej i Kartograficznej.<\/p>\n<p>Zwyci\u0119skie szko\u0142y XXXVIII Olimpiady Wiedzy Geodezyjnej i Kartograficznej:<\/p>\n<ol>\n<li><strong>Pa\u0144stwowe Szko\u0142y Budownictwa i Geodezji im. Hieronima \u0141opaci\u0144skiego w Lublinie zesp\u00f3\u0142 w sk\u0142adzie: Konrad Wojtysiak, Dariusz Brodziak i Damian Soko\u0142owski<\/strong>,<\/li>\n<li><strong>Zesp\u00f3\u0142 Szk\u00f3\u0142 Budowlanych w Bydgoszczy zesp\u00f3\u0142 w sk\u0142adzie: Kornel Urban, Izabela Szerwi\u0144ska i Artur Januszewski<\/strong>,<\/li>\n<li><strong>Zesp\u00f3\u0142 Szk\u00f3\u0142 Drogowo-Geodezyjnych i Licealnych im. Augusta Witkowskiego w Jaros\u0142awiu zesp\u00f3\u0142 w sk\u0142adzie: Karolina Magry\u015b, Szymon Rachwa\u0142 i Mateusz Pi\u0105tek<\/strong>,<\/li>\n<\/ol>\n<p>Laureaci XXXVIII Olimpiady Wiedzy Geodezyjnej i Kartograficznej<\/p>\n<ol>\n<li><strong>Konrad Wojtysiak \u2013 PSBiG w Lublinie<\/strong>.<\/li>\n<li><strong>Kornel Urban \u2013 ZSB w Bydgoszczy<\/strong>,<\/li>\n<li><strong>Marcin Miko\u015b \u2013 ZSTiO w Opolu<\/strong>.<\/li>\n<\/ol>\n<p><a href=\"https:\/\/sgp.geodezja.org.pl\/en\/nasza-dzialalnosc\/owgik\/361-xxxviii-owgik-2015-16-wyniki-informacje\/\" rel=\"alternate\"><span style=\"color: #008000;\">Pe\u0142ne wyniki XXXVIII Olimpiady Wiedzy Geodezyjnej i Kartograficznej &gt;&gt;&gt;<\/span><\/a><\/p>\n<p><strong>\u00a0<\/strong><\/p>\n<p>Serdeczne podzi\u0119kowania za przygotowanie i przeprowadzenie XXXVIII Olimpiady Wiedzy Geodezyjnej i Kartograficznej:<\/p>\n<p style=\"padding-left: 30px;\">Komitetowi Organizacyjnemu z Zespo\u0142u Szk\u00f3\u0142 Technicznych i Og\u00f3lnokszta\u0142c\u0105cych im. Kazimierza Gzowskiego w Opolu, kt\u00f3remu przewodniczy\u0142 Pan Dyrektor mgr Zdzis\u0142aw \u015alemp.<\/p>\n<p style=\"padding-left: 30px;\">Komitetowi G\u0142\u00f3wnemu Olimpiady Wiedzy Geodezyjnej i Kartograficznej, a zw\u0142aszcza Panu Andrzejowi Szymczakowi.<\/p>\n<p style=\"padding-left: 30px;\">Jury Olimpiady w sk\u0142adzie:<\/p>\n<p style=\"padding-left: 180px;\">prof. dr hab. in\u017c. Zofia Wi\u0119ckowicz &#8211; Przewodnicz\u0105ca<\/p>\n<p style=\"padding-left: 180px;\">dr in\u017c. Maria Gadomska\u00a0\u00a0\u00a0\u00a0\u00a0\u00a0\u00a0\u00a0\u00a0\u00a0\u00a0\u00a0\u00a0\u00a0 \u00a0 -Wiceprzewodnicz\u0105ca<br \/>dr in\u017c. Adam Boro\u0144<br \/>dr in\u017c. Miros\u0142aw Kacza\u0142ek<br \/>dr in\u017c. Bartosz Mitka<br \/>prof. UZ dr hab. in\u017c. Maria Mr\u00f3wczy\u0144ska<br \/>mgr in\u017c. Miros\u0142aw Marciniak<br \/>prof. PW dr hab. in\u017c. Andrzej Pachuta<br \/>dr in\u017c. Jakub Szczepa\u0144ski<br \/>prof. PW dr hab. in\u017c. Janusz Walo<\/p>\n<p>\u00a0<\/p>\n<p>Kolejna, XXXVIII Olimpiada Wiedzy Geodezyjnej i Kartograficznej mog\u0142a si\u0119 odby\u0107 dzi\u0119ki \u015brodkom przekazanym przez <strong>Ministerstwo Edukacji Narodowej<\/strong> oraz <strong>Stowarzyszenie Geodet\u00f3w Polskich<\/strong> oraz licznym sponsorom, kt\u00f3rzy wsparli j\u0105 finansowo lub przekazali nagrody rzeczowe:<\/p>\n<ul>\n<li><b><strong>Kazimierz Bujakowski \u2013 G\u0142\u00f3wny Geodeta Kraju,<\/strong><\/b><\/li>\n<\/ul>\n<ul>\n<li><strong>\u0141ucjan Pietluch \u2013 Prezes Geokart \u2013 INTERNATIONAL w Rzeszowie,<\/strong><\/li>\n<\/ul>\n<ul>\n<li><strong>Florian Romanowski \u2013 Prezes OPEGIEKA w Elbl\u0105gu,<\/strong><\/li>\n<\/ul>\n<ul>\n<li><strong>Klara Balcerek \u2013 Prezes GeoserV Sp z o.o. w Warszawie,<\/strong><\/li>\n<\/ul>\n<ul>\n<li><strong>Robert Rachwa\u0142 \u2013 Prezes Okr\u0119gowego Przedsi\u0119biorstwa Geodezyjno-Kartograficznego w Krakowie,<\/strong><\/li>\n<\/ul>\n<ul>\n<li><strong>Prezydent Miasta Opola,<\/strong><\/li>\n<\/ul>\n<ul>\n<li><strong>Urz\u0105d Marsza\u0142kowski Wojew\u00f3dztwa Opolskiego,<\/strong><\/li>\n<\/ul>\n<ul>\n<li><strong>Wojciech B\u0119dkowski \u2013 Prezes Okr\u0119gowego Przedsi\u0119biorstwa Geodezyjno-Kartograficznego w Opolu<\/strong><\/li>\n<\/ul>\n<ul>\n<li><strong>Damian Kozio\u0142 \u2013 MEB Technical w Opolu,<\/strong><\/li>\n<\/ul>\n<ul>\n<li><strong>Fundacja G\u00f3ra\u017cd\u017ce Aktywni w Regionie Chorula,<\/strong><\/li>\n<\/ul>\n<ul>\n<li><strong>P. Janowicz Bank PKO S.A. I Oddzia\u0142 Opole,<\/strong><\/li>\n<\/ul>\n<ul>\n<li><strong>Zak\u0142ad Betoniarski s.c. Paso\u0144,<\/strong><\/li>\n<\/ul>\n<ul>\n<li><strong>Danuta i Ireneusz Ogaza,<\/strong><\/li>\n<\/ul>\n<ul>\n<li><strong>J\u00f3zef i Dorota Libera,<\/strong><\/li>\n<\/ul>\n<ul>\n<li><strong>Danuta Labus,<\/strong><\/li>\n<\/ul>\n<ul>\n<li><strong>Dorota Pociecha,<\/strong><\/li>\n<\/ul>\n<ul>\n<li><strong>Andrzej Ga\u0142ga\u0144ski,<\/strong><\/li>\n<\/ul>\n<ul>\n<li><strong>Zott Polska sp. z o.o. w Opolu,<\/strong><\/li>\n<\/ul>\n<ul>\n<li><strong>Piekarnia Wodnicki z K\u0119py,<\/strong><\/li>\n<\/ul>\n<ul>\n<li><strong>Miesi\u0119cznik \u201eGEODETA\u201d.<\/strong><\/li>\n<\/ul>\n<p>\u00a0<\/p>\n<p>Dzi\u0119kujemy wszystkim, kt\u00f3rzy przyczynili si\u0119 do organizacji XXXVIII Olimpiady Wiedzy Geodezyjnej i Kartograficznej w Opolu.<\/p>\n<p><a href=\"http:\/\/www.gzowski.opole.pl\/?system=news&amp;id=835\" rel=\"alternate\">Zobacz fotorelacj\u0119 na stronie Zesp\u00f3\u0142u Szk\u00f3\u0142 Technicznych i Og\u00f3lnokszta\u0142c\u0105cych im. K. Gzowskiego w Opolu &gt;&gt;&gt;<\/a><\/p>\n<p style=\"text-align: right;\">VK<\/p>","protected":false},"excerpt":{"rendered":"<p>W dniach 31 marca &#8211; 2 kwietnia 2016 r. w Opolu odby\u0142y si\u0119 zawody II i III stopnia, etapy mi\u0119dzyszkolny i centralny, XXXVIII Olimpiady Wiedzy Geodezyjnej i Kartograficznej. Zwyci\u0119skie szko\u0142y XXXVIII Olimpiady Wiedzy Geodezyjnej i Kartograficznej:<\/p>","protected":false},"author":2,"featured_media":0,"comment_status":"open","ping_status":"open","sticky":false,"template":"","format":"standard","meta":{"two_page_speed":[],"footnotes":""},"categories":[10],"tags":[],"class_list":["post-1068","post","type-post","status-publish","format-standard","hentry","category-informacje"],"_links":{"self":[{"href":"https:\/\/sgp.geodezja.org.pl\/en\/wp-json\/wp\/v2\/posts\/1068","targetHints":{"allow":["GET"]}}],"collection":[{"href":"https:\/\/sgp.geodezja.org.pl\/en\/wp-json\/wp\/v2\/posts"}],"about":[{"href":"https:\/\/sgp.geodezja.org.pl\/en\/wp-json\/wp\/v2\/types\/post"}],"author":[{"embeddable":true,"href":"https:\/\/sgp.geodezja.org.pl\/en\/wp-json\/wp\/v2\/users\/2"}],"replies":[{"embeddable":true,"href":"https:\/\/sgp.geodezja.org.pl\/en\/wp-json\/wp\/v2\/comments?post=1068"}],"version-history":[{"count":0,"href":"https:\/\/sgp.geodezja.org.pl\/en\/wp-json\/wp\/v2\/posts\/1068\/revisions"}],"wp:attachment":[{"href":"https:\/\/sgp.geodezja.org.pl\/en\/wp-json\/wp\/v2\/media?parent=1068"}],"wp:term":[{"taxonomy":"category","embeddable":true,"href":"https:\/\/sgp.geodezja.org.pl\/en\/wp-json\/wp\/v2\/categories?post=1068"},{"taxonomy":"post_tag","embeddable":true,"href":"https:\/\/sgp.geodezja.org.pl\/en\/wp-json\/wp\/v2\/tags?post=1068"}],"curies":[{"name":"wp","href":"https:\/\/api.w.org\/{rel}","templated":true}]}}