{"id":1076,"date":"2016-04-18T13:10:55","date_gmt":"2016-04-18T11:10:55","guid":{"rendered":"https:\/\/2.budowaniestron.pl\/xx-ogolnopolska-konferencja-z-cyklu-nowe-tendencje-w-teorii-i-praktyce-urzadzania-obszarow-wiejskich-na-temat-rozwoj-obszarow-wiejskich-stan-obecny-i-perspektywy-20-22-czerwca-2016-r\/"},"modified":"2016-04-18T13:10:55","modified_gmt":"2016-04-18T11:10:55","slug":"xx-ogolnopolska-konferencja-z-cyklu-nowe-tendencje-w-teorii-i-praktyce-urzadzania-obszarow-wiejskich-na-temat-rozwoj-obszarow-wiejskich-stan-obecny-i-perspektywy-20-22-czerwca-2016-r","status":"publish","type":"post","link":"https:\/\/sgp.geodezja.org.pl\/en\/xx-ogolnopolska-konferencja-z-cyklu-nowe-tendencje-w-teorii-i-praktyce-urzadzania-obszarow-wiejskich-na-temat-rozwoj-obszarow-wiejskich-stan-obecny-i-perspektywy-20-22-czerwca-2016-r\/","title":{"rendered":"XX Og\u00f3lnopolska Konferencja z cyklu: Nowe Tendencje w Teorii i Praktyce Urz\u0105dzania Obszar\u00f3w Wiejskich na temat: Rozw\u00f3j obszar\u00f3w wiejskich \u2013 stan obecny i perspektywy &#8211; 20-22 czerwca 2016 r."},"content":{"rendered":"<p style=\"text-align: justify;\">W dniach 20-22 czerwca 2016 r. odb\u0119dzie si\u0119 jubileuszowa XX Og\u00f3lnopolska Konferencja z cyklu: Nowe Tendencje w Teorii i Praktyce Urz\u0105dzania Obszar\u00f3w Wiejskich na temat: Rozw\u00f3j obszar\u00f3w wiejskich \u2013 stan obecny i perspektywy. Miejscem obrad b\u0119dzie Hotel Victoria w Lublinie ul. Narutowicza 58\/60.<\/p>\n<p>  <!--more-->  <\/p>\n<p style=\"text-align: justify;\">W dniach 20-22 czerwca 2016 r. odb\u0119dzie si\u0119 jubileuszowa XX Og\u00f3lnopolska Konferencja z cyklu: Nowe Tendencje w Teorii i Praktyce Urz\u0105dzania Obszar\u00f3w Wiejskich na temat: Rozw\u00f3j obszar\u00f3w wiejskich \u2013 stan obecny i perspektywy. Miejscem obrad b\u0119dzie Hotel Victoria w Lublinie ul. Narutowicza 58\/60.<\/p>\n<p>Problematyka Konferencji:<\/p>\n<ol>\n<li>Szanse i zagro\u017cenia rozwoju obszar\u00f3w wiejskich oraz spo\u0142ecze\u0144stwa wiejskiego, wynikaj\u0105ce w uwarunkowa\u0144 Wsp\u00f3lnej Polityki Rolnej Unii Europejskiej.<\/li>\n<li>Uwarunkowania ekologiczne i ekonomiczne rozwoju obszar\u00f3w wiejskich w Polsce.<\/li>\n<li>Problemy realizacji wiejskiej infrastruktury technicznej i spo\u0142ecznej.<\/li>\n<li>Gospodarowanie zasobami glebowymi i wodnymi w procesie rozwoju obszar\u00f3w wiejskich.<\/li>\n<li>Gotowo\u015b\u0107 Polski do realizacji paradygmatu tzw. zintegrowanego rozwoju obszar\u00f3w wiejskich.<\/li>\n<li>Rola partycypacji spo\u0142ecznej i proces\u00f3w oddolnych w rozwoju obszar\u00f3w wiejskich.<\/li>\n<\/ol>\n<p style=\"text-align: justify;\">Organizatorzy: Instytut Uprawy Nawo\u017cenia\u00a0i Gleboznawstwa\u00a0w Pu\u0142awach \u2013 Pa\u0144stwowy Instytut Badawczy, Uniwersytet Przyrodniczy w Lublinie \u2013 Katedra In\u017cynierii Kszta\u0142towania \u015arodowiska i Geodezji, Ministerstwo Rolnictwa i Rozwoju Wsi, Urz\u0105d Marsza\u0142kowski Wojew\u00f3dztwa Lubelskiego, Regionalna Dyrekcja Ochrony \u015arodowiska w Lublinie, Wojew\u00f3dzkie Biuro Geodezji w Lublinie oraz Towarzystwo Rozwoju Obszar\u00f3w Wiejskich wszystkich zainteresowanych serdecznie zapraszaj\u0105.<\/p>\n<p><span style=\"color: #008000;\"><a href=\"https:\/\/sgp.geodezja.org.pl\/wp-content\/uploads\/2016\/04\/Konferencja_Nowe_Tendencje_20160620_Komunikat_2.pdf\" rel=\"alternate\">Komunikat nr 2 &gt;&gt;&gt;<\/a><\/span><\/p>\n<p style=\"text-align: right;\">VK<\/p>","protected":false},"excerpt":{"rendered":"<p>W dniach 20-22 czerwca 2016 r. odb\u0119dzie si\u0119 jubileuszowa XX Og\u00f3lnopolska Konferencja z cyklu: Nowe Tendencje w Teorii i Praktyce Urz\u0105dzania Obszar\u00f3w Wiejskich na temat: Rozw\u00f3j obszar\u00f3w wiejskich \u2013 stan obecny i perspektywy. Miejscem obrad b\u0119dzie Hotel Victoria w Lublinie ul. Narutowicza 58\/60.<\/p>","protected":false},"author":2,"featured_media":0,"comment_status":"open","ping_status":"open","sticky":false,"template":"","format":"standard","meta":{"two_page_speed":[],"footnotes":""},"categories":[10],"tags":[],"class_list":["post-1076","post","type-post","status-publish","format-standard","hentry","category-informacje"],"_links":{"self":[{"href":"https:\/\/sgp.geodezja.org.pl\/en\/wp-json\/wp\/v2\/posts\/1076","targetHints":{"allow":["GET"]}}],"collection":[{"href":"https:\/\/sgp.geodezja.org.pl\/en\/wp-json\/wp\/v2\/posts"}],"about":[{"href":"https:\/\/sgp.geodezja.org.pl\/en\/wp-json\/wp\/v2\/types\/post"}],"author":[{"embeddable":true,"href":"https:\/\/sgp.geodezja.org.pl\/en\/wp-json\/wp\/v2\/users\/2"}],"replies":[{"embeddable":true,"href":"https:\/\/sgp.geodezja.org.pl\/en\/wp-json\/wp\/v2\/comments?post=1076"}],"version-history":[{"count":0,"href":"https:\/\/sgp.geodezja.org.pl\/en\/wp-json\/wp\/v2\/posts\/1076\/revisions"}],"wp:attachment":[{"href":"https:\/\/sgp.geodezja.org.pl\/en\/wp-json\/wp\/v2\/media?parent=1076"}],"wp:term":[{"taxonomy":"category","embeddable":true,"href":"https:\/\/sgp.geodezja.org.pl\/en\/wp-json\/wp\/v2\/categories?post=1076"},{"taxonomy":"post_tag","embeddable":true,"href":"https:\/\/sgp.geodezja.org.pl\/en\/wp-json\/wp\/v2\/tags?post=1076"}],"curies":[{"name":"wp","href":"https:\/\/api.w.org\/{rel}","templated":true}]}}