{"id":109,"date":"2013-10-01T01:40:24","date_gmt":"2013-09-30T23:40:24","guid":{"rendered":"https:\/\/2.budowaniestron.pl\/gis-znow-w-stolicy\/"},"modified":"2022-01-28T12:57:56","modified_gmt":"2022-01-28T11:57:56","slug":"gis-znow-w-stolicy","status":"publish","type":"post","link":"https:\/\/sgp.geodezja.org.pl\/en\/gis-znow-w-stolicy\/","title":{"rendered":"GIS (zn\u00f3w) w Stolicy!"},"content":{"rendered":"<div>\n<p>&#8222;Cz\u0142owiek-\u015arodowisko-Technika&#8221; \u2013 pod takim has\u0142em odb\u0119dzie si\u0119 tegoroczna warszawska edycja obchod\u00f3w GIS Day&#8217;a \u2013 \u015bwi\u0119ta u\u017cytkownik\u00f3w System\u00f3w Informacji Geograficznej. Wydarzenie organizowane przez najwi\u0119ksze uczelnie warszawskie b\u0119dzie cz\u0119\u015bci\u0105 obchodzonego na ca\u0142ym \u015bwiecie Tygodnia \u015awiadomo\u015bci Geograficznej.<\/p>\n<p>Og\u00f3lnowarszawska formu\u0142a organizacji obchod\u00f3w \u015bwiatowego dnia GIS b\u0119dzie praktykowana po raz drugi: w ubieg\u0142ym roku GIS Day &#8222;GIS w Stolicy\u201d organizowany by\u0142 przez Stowarzyszenie Student\u00f3w WGiK &#8222;GEOIDA&#8221; reprezentuj\u0105ce Politechnik\u0119 Warszawsk\u0105 oraz przez Ko\u0142o Naukowe Geoinformatyki i Teledetekcji reprezentuj\u0105ce Uniwersytet Warszawski. Organizatorami tegorocznej edycji wydarzenia s\u0105: Studenckie Ko\u0142o Naukowe Gospodarki Przestrzennej oraz Studenckie Ko\u0142o Naukowe GISowcy ze Szko\u0142y G\u0142\u00f3wnej Gospodarstwa Wiejskiego w Warszawie, Ko\u0142o Naukowe Geoinformatyki i Teledetekcji Uniwersytetu Warszawskiego, a tak\u017ce Stowarzyszenie Student\u00f3w Wydzia\u0142u Geodezji i Kartografii Politechniki Warszawskiej &#8222;GEOIDA&#8221; wraz z Ko\u0142em Naukowym Gospodarki Przestrzennej Politechniki Warszawskiej.<\/p>\n<\/div>\n<div>\n<p>Konferencja obj\u0119ta zosta\u0142a honorowymi patronatami: Ministra Administracji i Cyfryzacji Micha\u0142a Boni; Minister Edukacji Narodowej Krystyny Szumilas; Ministra Rolnictwa i Rozwoju Wsi Stanis\u0142awa Kalemby; Ministra Transportu, Budownictwa i Gospodarki Morskiej S\u0142awomira Nowaka; Wojewody Mazowieckiego Jacka Koz\u0142owskiego; Marsza\u0142ka Wojew\u00f3dztwa Mazowieckiego Adama Struzika; G\u0142\u00f3wnego Geodety Kraju Kazimierza Bujakowskiego; Rektora Szko\u0142y G\u0142\u00f3wnej Gospodarstwa Wiejskiego prof. dr hab. Alojzego Szyma\u0144skiego; Rektora Uniwersytetu Warszawskiego prof. dr hab. Marcina Pa\u0142ysa oraz Rektora Politechniki Warszawskiej prof. dr hab. in\u017c. Jana Szmidta. Honorowe patronaty nad konferencj\u0105 obj\u0119li r\u00f3wnie\u017c dziekani wydzia\u0142\u00f3w, na kt\u00f3rych dzia\u0142aj\u0105 organizuj\u0105ce wydarzenie jednostki: Dziekan Wydzia\u0142u Le\u015bnego SGGW \u2013 prof. dr hab. Henryk \u017bybura, Dziekan Wydzia\u0142u Budownictwa i In\u017cynierii \u015arodowiska SGGW \u2013 prof. dr hab. Jerzy Jeznach, Dziekan Wydzia\u0142u Geodezji i Kartografii PW \u2013 prof. dr hab. Alina Maciejewska oraz Dziekan Wydzia\u0142u Geografii i Studi\u00f3w Regionalnych UW &#8211; prof. dr hab. Andrzej Lisowski.<\/p>\n<p>GIS Day 2013 &#8222;GIS w Stolicy&#8221; odb\u0119dzie si\u0119 21 listopada 2013r. (czwartek) w Centrum<br \/>\nNaukowo-Dydaktycznym Wydzia\u0142u Budownictwa i In\u017cynierii \u015arodowiska ,,Centrum Wodne\u201d<br \/>\nw Szkole G\u0142\u00f3wnej Gospodarstwa Wiejskiego w Warszawie.<\/p>\n<p>W czasie konferencji uczestnicy b\u0119d\u0105 przys\u0142uchiwa\u0107 si\u0119 sesji referatowej, do udzia\u0142u w kt\u00f3rej zaproszono przedstawicieli \u015brodowisk akademickich, instytucji naukowo-badawczych, firm komercyjnych oraz prawdziwych pasjonat\u00f3w GIS-u. Organizatorzy stawiaj\u0105 przede wszystkim na praktyczny wymiar wydarzenia \u2013 sesj\u0119 referatow\u0105 uzupe\u0142ni szereg pokaz\u00f3w i prezentacji, w czasie kt\u00f3rych uczestnicy b\u0119d\u0105 mogli zapozna\u0107 si\u0119 z najnowszymi realizacjami i technologiami w zakresie GIS. Ponadto mi\u0142o\u015bnicy GIS-u w ka\u017cdym wieku b\u0119d\u0105 mieli mo\u017cliwo\u015b\u0107 wzi\u0119cia udzia\u0142u w konkursach internetowych, grze miejskiej w bardzo ciekawej lokalizacji, targach wystawienniczych oraz warsztatach z oprogramowania. Ko\u0144c\u00f3wka listopada dla pasjonat\u00f3w GIS-u zapowiada si\u0119 naprawd\u0119 ciekawie!<\/p>\n<p>Informacje na temat wydarzenia pojawiaj\u0105 si\u0119 na bie\u017c\u0105co na Facebook&#8217;owym profilu wydarzenia:<br \/>\n<a href=\"http:\/\/www.facebook.com\/giswstolicy\">www.facebook.com\/giswstolicy<\/a><\/p>\n<p>Zach\u0119camy r\u00f3wnie\u017c do odwiedzenia strony internetowej wydarzenia:<br \/>\n<a href=\"http:\/\/www.gisday.waw.pl\/\">www.gisday.waw.pl<\/a><\/p>\n<p>Serdecznie zapraszamy do udzia\u0142u,<\/p>\n<p>Komitet Organizacyjny<\/p>\n<p>R\u0141<\/p>\n<\/div>","protected":false},"excerpt":{"rendered":"<p>&#8222;Cz\u0142owiek-\u015arodowisko-Technika&#8221; \u2013 pod takim has\u0142em odb\u0119dzie si\u0119 tegoroczna warszawska edycja obchod\u00f3w GIS Day&#8217;a \u2013 \u015bwi\u0119ta u\u017cytkownik\u00f3w System\u00f3w Informacji Geograficznej. Wydarzenie organizowane przez najwi\u0119ksze uczelnie warszawskie b\u0119dzie cz\u0119\u015bci\u0105 obchodzonego na ca\u0142ym \u015bwiecie Tygodnia \u015awiadomo\u015bci Geograficznej. Og\u00f3lnowarszawska formu\u0142a organizacji obchod\u00f3w \u015bwiatowego dnia GIS b\u0119dzie praktykowana po raz drugi: w ubieg\u0142ym roku GIS Day &#8222;GIS w Stolicy\u201d organizowany [&hellip;]<\/p>\n","protected":false},"author":2,"featured_media":0,"comment_status":"open","ping_status":"open","sticky":false,"template":"","format":"standard","meta":{"two_page_speed":[],"footnotes":""},"categories":[10],"tags":[],"class_list":["post-109","post","type-post","status-publish","format-standard","hentry","category-informacje"],"_links":{"self":[{"href":"https:\/\/sgp.geodezja.org.pl\/en\/wp-json\/wp\/v2\/posts\/109","targetHints":{"allow":["GET"]}}],"collection":[{"href":"https:\/\/sgp.geodezja.org.pl\/en\/wp-json\/wp\/v2\/posts"}],"about":[{"href":"https:\/\/sgp.geodezja.org.pl\/en\/wp-json\/wp\/v2\/types\/post"}],"author":[{"embeddable":true,"href":"https:\/\/sgp.geodezja.org.pl\/en\/wp-json\/wp\/v2\/users\/2"}],"replies":[{"embeddable":true,"href":"https:\/\/sgp.geodezja.org.pl\/en\/wp-json\/wp\/v2\/comments?post=109"}],"version-history":[{"count":1,"href":"https:\/\/sgp.geodezja.org.pl\/en\/wp-json\/wp\/v2\/posts\/109\/revisions"}],"predecessor-version":[{"id":3577,"href":"https:\/\/sgp.geodezja.org.pl\/en\/wp-json\/wp\/v2\/posts\/109\/revisions\/3577"}],"wp:attachment":[{"href":"https:\/\/sgp.geodezja.org.pl\/en\/wp-json\/wp\/v2\/media?parent=109"}],"wp:term":[{"taxonomy":"category","embeddable":true,"href":"https:\/\/sgp.geodezja.org.pl\/en\/wp-json\/wp\/v2\/categories?post=109"},{"taxonomy":"post_tag","embeddable":true,"href":"https:\/\/sgp.geodezja.org.pl\/en\/wp-json\/wp\/v2\/tags?post=109"}],"curies":[{"name":"wp","href":"https:\/\/api.w.org\/{rel}","templated":true}]}}