{"id":1105,"date":"2016-04-22T19:41:51","date_gmt":"2016-04-22T17:41:51","guid":{"rendered":"https:\/\/2.budowaniestron.pl\/jeszcze-mozesz-zostac-uczestnikiem-balu-z-okazji-95-lecia-wydzialu-geodezji-i-kartografii-politechniki-warszawskiej\/"},"modified":"2016-04-22T19:41:51","modified_gmt":"2016-04-22T17:41:51","slug":"jeszcze-mozesz-zostac-uczestnikiem-balu-z-okazji-95-lecia-wydzialu-geodezji-i-kartografii-politechniki-warszawskiej","status":"publish","type":"post","link":"https:\/\/sgp.geodezja.org.pl\/en\/jeszcze-mozesz-zostac-uczestnikiem-balu-z-okazji-95-lecia-wydzialu-geodezji-i-kartografii-politechniki-warszawskiej\/","title":{"rendered":"Jeszcze mo\u017cesz zosta\u0107 uczestnikiem Balu z okazji 95-lecia Wydzia\u0142u Geodezji i Kartografii Politechniki Warszawskiej"},"content":{"rendered":"<p style=\"text-align: justify;\">Ju\u017c ponad <strong>260<\/strong> os\u00f3b wykupi\u0142o zaproszenia na <strong>Bal 95-lecia <\/strong>organizowany z okazji Jubileuszu 95-lecie Wydzia\u0142u Geodezji i Kartografii Politechniki Warszawskiej. Organizowane obchody jubileuszu b\u0119d\u0105 znacz\u0105cym wydarzeniem ca\u0142ego \u015brodowiska geodezyjnego, w kt\u00f3rym uczestniczy\u0107 b\u0119d\u0105 przedstawiciele kilku pokole\u0144 geodet\u00f3w wykszta\u0142conych na Wydziale Geodezji i Kartografii oraz wypromowanych na r\u00f3\u017cnych etapach rozwoju naukowego.<\/p>\n<p>  <!--more-->  <\/p>\n<p style=\"text-align: justify;\">Ju\u017c ponad <strong>260<\/strong> os\u00f3b wykupi\u0142o zaproszenia na <strong>Bal 95-lecia <\/strong>organizowany z okazji Jubileuszu 95-lecie Wydzia\u0142u Geodezji i Kartografii Politechniki Warszawskiej. Organizowane obchody jubileuszu b\u0119d\u0105 znacz\u0105cym wydarzeniem ca\u0142ego \u015brodowiska geodezyjnego, w kt\u00f3rym uczestniczy\u0107 b\u0119d\u0105 przedstawiciele kilku pokole\u0144 geodet\u00f3w wykszta\u0142conych na Wydziale Geodezji i Kartografii oraz wypromowanych na r\u00f3\u017cnych etapach rozwoju naukowego.<\/p>\n<p><img loading=\"lazy\" decoding=\"async\" class=\"size-full wp-image-1104\" style=\"margin-right: auto; margin-left: auto; display: block;\" src=\"https:\/\/sgp.geodezja.org.pl\/wp-content\/uploads\/2016\/04\/Bal_kwiecien_01.jpg\" alt=\"\" width=\"200\" height=\"113\" srcset=\"https:\/\/sgp.geodezja.org.pl\/wp-content\/uploads\/2016\/04\/Bal_kwiecien_01.jpg 1329w, https:\/\/sgp.geodezja.org.pl\/wp-content\/uploads\/2016\/04\/Bal_kwiecien_01-800x453.jpg 800w, https:\/\/sgp.geodezja.org.pl\/wp-content\/uploads\/2016\/04\/Bal_kwiecien_01-300x170.jpg 300w, https:\/\/sgp.geodezja.org.pl\/wp-content\/uploads\/2016\/04\/Bal_kwiecien_01-1024x579.jpg 1024w, https:\/\/sgp.geodezja.org.pl\/wp-content\/uploads\/2016\/04\/Bal_kwiecien_01-768x435.jpg 768w, https:\/\/sgp.geodezja.org.pl\/wp-content\/uploads\/2016\/04\/Bal_kwiecien_01-106x60.jpg 106w\" sizes=\"auto, (max-width: 200px) 100vw, 200px\" \/><\/p>\n<p style=\"text-align: justify;\">Zaproszenia na <strong>Bal 95-lecia<\/strong> (w cenie <strong>250,00z\u0142<\/strong> od osoby) s\u0105 jeszcze dost\u0119pne na stronie: <a href=\"http:\/\/www.bal.gik95lat.pl\/\">www.bal.gik95lat.pl<\/a>. P\u0142atno\u015b\u0107 mo\u017ce by\u0107 zrealizowana <strong>on-line<\/strong> z\u00a0wykorzystaniem p\u0142atno\u015bci internetowych <strong>PayU<\/strong> lub zwyk\u0142ym przelewem na konto bankowe. W przypadku p\u0142atno\u015bci on-line imienne zaproszenie wysy\u0142ane jest automatycznie, a przy przelewie zwyk\u0142ym, po zaksi\u0119gowaniu wp\u0142aty na rachunku organizatora.<\/p>\n<p style=\"text-align: justify;\">Sponsorami g\u0142\u00f3wnymi uroczysto\u015bci s\u0105 firmy <strong>Geo-System Sp z o.o.<\/strong> oraz <strong>WPG S.A.<\/strong>, a wsp\u00f3\u0142organizatorem <strong>Balu 95-lecia<\/strong> jest Stowarzyszenie Geodet\u00f3w Polskich.<\/p>\n<p style=\"text-align: right;\">VK<\/p>\n<p style=\"text-align: justify;\">\u00a0<\/p>","protected":false},"excerpt":{"rendered":"<p>Ju\u017c ponad 260 os\u00f3b wykupi\u0142o zaproszenia na Bal 95-lecia organizowany z okazji Jubileuszu 95-lecie Wydzia\u0142u Geodezji i Kartografii Politechniki Warszawskiej. Organizowane obchody jubileuszu b\u0119d\u0105 znacz\u0105cym wydarzeniem ca\u0142ego \u015brodowiska geodezyjnego, w kt\u00f3rym uczestniczy\u0107 b\u0119d\u0105 przedstawiciele kilku pokole\u0144 geodet\u00f3w wykszta\u0142conych na Wydziale Geodezji i Kartografii oraz wypromowanych na r\u00f3\u017cnych etapach rozwoju naukowego.<\/p>","protected":false},"author":2,"featured_media":1104,"comment_status":"open","ping_status":"open","sticky":false,"template":"","format":"standard","meta":{"two_page_speed":[],"footnotes":""},"categories":[10],"tags":[],"class_list":["post-1105","post","type-post","status-publish","format-standard","has-post-thumbnail","hentry","category-informacje"],"_links":{"self":[{"href":"https:\/\/sgp.geodezja.org.pl\/en\/wp-json\/wp\/v2\/posts\/1105","targetHints":{"allow":["GET"]}}],"collection":[{"href":"https:\/\/sgp.geodezja.org.pl\/en\/wp-json\/wp\/v2\/posts"}],"about":[{"href":"https:\/\/sgp.geodezja.org.pl\/en\/wp-json\/wp\/v2\/types\/post"}],"author":[{"embeddable":true,"href":"https:\/\/sgp.geodezja.org.pl\/en\/wp-json\/wp\/v2\/users\/2"}],"replies":[{"embeddable":true,"href":"https:\/\/sgp.geodezja.org.pl\/en\/wp-json\/wp\/v2\/comments?post=1105"}],"version-history":[{"count":0,"href":"https:\/\/sgp.geodezja.org.pl\/en\/wp-json\/wp\/v2\/posts\/1105\/revisions"}],"wp:featuredmedia":[{"embeddable":true,"href":"https:\/\/sgp.geodezja.org.pl\/en\/wp-json\/wp\/v2\/media\/1104"}],"wp:attachment":[{"href":"https:\/\/sgp.geodezja.org.pl\/en\/wp-json\/wp\/v2\/media?parent=1105"}],"wp:term":[{"taxonomy":"category","embeddable":true,"href":"https:\/\/sgp.geodezja.org.pl\/en\/wp-json\/wp\/v2\/categories?post=1105"},{"taxonomy":"post_tag","embeddable":true,"href":"https:\/\/sgp.geodezja.org.pl\/en\/wp-json\/wp\/v2\/tags?post=1105"}],"curies":[{"name":"wp","href":"https:\/\/api.w.org\/{rel}","templated":true}]}}