{"id":1126,"date":"2016-04-25T14:05:09","date_gmt":"2016-04-25T12:05:09","guid":{"rendered":"https:\/\/2.budowaniestron.pl\/wiosenne-zebranie-zarzadu-glownego-sgp\/"},"modified":"2016-04-25T14:05:09","modified_gmt":"2016-04-25T12:05:09","slug":"wiosenne-zebranie-zarzadu-glownego-sgp","status":"publish","type":"post","link":"https:\/\/sgp.geodezja.org.pl\/en\/wiosenne-zebranie-zarzadu-glownego-sgp\/","title":{"rendered":"Wiosenne zebranie Zarz\u0105du G\u0142\u00f3wnego SGP"},"content":{"rendered":"<p style=\"text-align: justify;\"><strong>Z<\/strong>ebranie Zarz\u0105du G\u0142\u00f3wnego Stowarzyszenia Geodet\u00f3w Polskich w dniu 6 kwietnia 2016 roku w cz\u0119\u015bci pierwszej stanowi\u0142o okazj\u0119 do og\u0142oszenia wynik\u00f3w konkursu prac dyplomowych na kierunku geodezja i kartografia. <strong>O<\/strong>brady Zarz\u0105du G\u0142\u00f3wnego poprzedzi\u0142a prelekcja, w kt\u00f3rej Sebastian Banaszek Dyrektor Operacyjny firmy <em>\u201eDronHaus\u201d <\/em>zarysowa\u0142 rozw\u00f3j bezza\u0142ogowych aparat\u00f3w lataj\u0105cych i ich przystosowanie do pozyskiwania obraz\u00f3w, tak\u017ce na u\u017cytek geodezji.<\/p>\n<p>  <!--more-->  <\/p>\n<p style=\"text-align: justify;\"><strong>Z<\/strong>ebranie Zarz\u0105du G\u0142\u00f3wnego Stowarzyszenia Geodet\u00f3w Polskich w dniu 6 kwietnia 2016 roku w cz\u0119\u015bci pierwszej stanowi\u0142o okazj\u0119 do og\u0142oszenia wynik\u00f3w konkursu prac dyplomowych na kierunku geodezja i kartografia. <strong>O<\/strong>brady Zarz\u0105du G\u0142\u00f3wnego poprzedzi\u0142a prelekcja, w kt\u00f3rej Sebastian Banaszek Dyrektor Operacyjny firmy <em>\u201eDronHaus\u201d <\/em>zarysowa\u0142 rozw\u00f3j bezza\u0142ogowych aparat\u00f3w lataj\u0105cych i ich przystosowanie do pozyskiwania obraz\u00f3w, tak\u017ce na u\u017cytek geodezji.<\/p>\n<p style=\"text-align: center;\"><img loading=\"lazy\" decoding=\"async\" class=\"size-full wp-image-1106\" style=\"margin-right: auto; margin-left: auto; display: block;\" src=\"https:\/\/sgp.geodezja.org.pl\/wp-content\/uploads\/2016\/04\/ZG_12_2.jpg\" alt=\"\" width=\"200\" height=\"146\" srcset=\"https:\/\/sgp.geodezja.org.pl\/wp-content\/uploads\/2016\/04\/ZG_12_2.jpg 1366w, https:\/\/sgp.geodezja.org.pl\/wp-content\/uploads\/2016\/04\/ZG_12_2-800x586.jpg 800w, https:\/\/sgp.geodezja.org.pl\/wp-content\/uploads\/2016\/04\/ZG_12_2-300x220.jpg 300w, https:\/\/sgp.geodezja.org.pl\/wp-content\/uploads\/2016\/04\/ZG_12_2-1024x750.jpg 1024w, https:\/\/sgp.geodezja.org.pl\/wp-content\/uploads\/2016\/04\/ZG_12_2-768x562.jpg 768w, https:\/\/sgp.geodezja.org.pl\/wp-content\/uploads\/2016\/04\/ZG_12_2-82x60.jpg 82w\" sizes=\"auto, (max-width: 200px) 100vw, 200px\" \/><\/p>\n<p style=\"text-align: center;\"><strong>prof. Janusz Walo, Stanis\u0142aw Cegielski<\/strong><\/p>\n<p style=\"text-align: center;\"><strong><img loading=\"lazy\" decoding=\"async\" class=\"size-full wp-image-1107\" src=\"https:\/\/sgp.geodezja.org.pl\/wp-content\/uploads\/2016\/04\/ZG_12_1.jpg\" alt=\"\" width=\"200\" height=\"141\" srcset=\"https:\/\/sgp.geodezja.org.pl\/wp-content\/uploads\/2016\/04\/ZG_12_1.jpg 1421w, https:\/\/sgp.geodezja.org.pl\/wp-content\/uploads\/2016\/04\/ZG_12_1-800x563.jpg 800w, https:\/\/sgp.geodezja.org.pl\/wp-content\/uploads\/2016\/04\/ZG_12_1-300x211.jpg 300w, https:\/\/sgp.geodezja.org.pl\/wp-content\/uploads\/2016\/04\/ZG_12_1-1024x721.jpg 1024w, https:\/\/sgp.geodezja.org.pl\/wp-content\/uploads\/2016\/04\/ZG_12_1-768x540.jpg 768w\" sizes=\"auto, (max-width: 200px) 100vw, 200px\" \/><\/strong><\/p>\n<p style=\"text-align: center;\"><strong>Antoni Bosek, Krzysztof Cisek<\/strong><\/p>\n<p style=\"text-align: center;\"><strong><img loading=\"lazy\" decoding=\"async\" class=\"size-full wp-image-1108\" src=\"https:\/\/sgp.geodezja.org.pl\/wp-content\/uploads\/2016\/04\/ZG_12_3.jpg\" alt=\"\" width=\"182\" height=\"200\" srcset=\"https:\/\/sgp.geodezja.org.pl\/wp-content\/uploads\/2016\/04\/ZG_12_3.jpg 908w, https:\/\/sgp.geodezja.org.pl\/wp-content\/uploads\/2016\/04\/ZG_12_3-800x881.jpg 800w, https:\/\/sgp.geodezja.org.pl\/wp-content\/uploads\/2016\/04\/ZG_12_3-272x300.jpg 272w, https:\/\/sgp.geodezja.org.pl\/wp-content\/uploads\/2016\/04\/ZG_12_3-768x846.jpg 768w\" sizes=\"auto, (max-width: 182px) 100vw, 182px\" \/><\/strong><\/p>\n<p style=\"text-align: center;\"><strong>Piotr Fabia\u0144ski<\/strong><\/p>\n<p style=\"text-align: center;\"><strong><img loading=\"lazy\" decoding=\"async\" class=\"size-full wp-image-1109\" src=\"https:\/\/sgp.geodezja.org.pl\/wp-content\/uploads\/2016\/04\/ZG_12_4.jpg\" alt=\"\" width=\"147\" height=\"200\" srcset=\"https:\/\/sgp.geodezja.org.pl\/wp-content\/uploads\/2016\/04\/ZG_12_4.jpg 734w, https:\/\/sgp.geodezja.org.pl\/wp-content\/uploads\/2016\/04\/ZG_12_4-220x300.jpg 220w\" sizes=\"auto, (max-width: 147px) 100vw, 147px\" \/><\/strong><\/p>\n<p style=\"text-align: center;\"><strong>Tadeusz Borysiuk<\/strong><\/p>\n<p><strong>P<\/strong>rezes <em>Stanis\u0142aw Cegielski <\/em>podda\u0142 szczeg\u00f3\u0142owemu om\u00f3wieniu sprawozdanie z wykonania bud\u017cetu Stowarzyszenia Geodet\u00f3w Polskich i Zespo\u0142u Rzeczoznawc\u00f3w za 2015 rok, akcentuj\u0105c zr\u00f3\u017cnicowanie w stopniu wsparcia finansowego dzia\u0142alno\u015bci Zarz\u0105du G\u0142\u00f3wnego przez poszczeg\u00f3lne oddzia\u0142y. Dotyczy to zar\u00f3wno odpisu ze sk\u0142adek cz\u0142onkowskich, jak te\u017c podejmowania przez oddzia\u0142y dzia\u0142a\u0144 dochodowych. <em>\u201eNiezb\u0119dne jest wzmo\u017cenie wysi\u0142ku, kt\u00f3ry poprawi \u015bci\u0105galno\u015b\u0107 sk\u0142adek \u2013 <\/em>uzna\u0142 Prezes \u2013 <em>bowiem obecny poziom jest mocno niezadowalaj\u0105cy\u201d. <\/em>Nadal wiele oddzia\u0142\u00f3w nie opracowa\u0142o listy elektronicznej swoich cz\u0142onk\u00f3w, co nie sprzyja skutecznej \u015bci\u0105galno\u015bci sk\u0142adek. Celowe te\u017c b\u0119dzie poszerzenie szkole\u0144 zawodowych tak, aby ich tematyka zainteresowa\u0142a szerokie grono geodet\u00f3w.<\/p>\n<p style=\"text-align: center;\"><img loading=\"lazy\" decoding=\"async\" class=\"size-full wp-image-1110\" src=\"https:\/\/sgp.geodezja.org.pl\/wp-content\/uploads\/2016\/04\/ZG_12_5.jpg\" alt=\"\" width=\"200\" height=\"194\" srcset=\"https:\/\/sgp.geodezja.org.pl\/wp-content\/uploads\/2016\/04\/ZG_12_5.jpg 1031w, https:\/\/sgp.geodezja.org.pl\/wp-content\/uploads\/2016\/04\/ZG_12_5-800x776.jpg 800w, https:\/\/sgp.geodezja.org.pl\/wp-content\/uploads\/2016\/04\/ZG_12_5-300x291.jpg 300w, https:\/\/sgp.geodezja.org.pl\/wp-content\/uploads\/2016\/04\/ZG_12_5-1024x993.jpg 1024w, https:\/\/sgp.geodezja.org.pl\/wp-content\/uploads\/2016\/04\/ZG_12_5-768x745.jpg 768w\" sizes=\"auto, (max-width: 200px) 100vw, 200px\" \/><\/p>\n<p style=\"text-align: center;\"><strong>Teresa R\u017canek-Kmiecik, w g\u0142\u0119bi W\u0142odzimierz Chytry<\/strong><\/p>\n<p style=\"text-align: center;\"><img loading=\"lazy\" decoding=\"async\" class=\"size-full wp-image-1111\" src=\"https:\/\/sgp.geodezja.org.pl\/wp-content\/uploads\/2016\/04\/ZG_12_6.jpg\" alt=\"\" width=\"177\" height=\"200\" srcset=\"https:\/\/sgp.geodezja.org.pl\/wp-content\/uploads\/2016\/04\/ZG_12_6.jpg 884w, https:\/\/sgp.geodezja.org.pl\/wp-content\/uploads\/2016\/04\/ZG_12_6-800x905.jpg 800w, https:\/\/sgp.geodezja.org.pl\/wp-content\/uploads\/2016\/04\/ZG_12_6-265x300.jpg 265w, https:\/\/sgp.geodezja.org.pl\/wp-content\/uploads\/2016\/04\/ZG_12_6-768x869.jpg 768w\" sizes=\"auto, (max-width: 177px) 100vw, 177px\" \/><\/p>\n<p style=\"text-align: center;\"><strong>Jan Ceg\u0142a<\/strong><\/p>\n<p style=\"text-align: center;\"><img loading=\"lazy\" decoding=\"async\" class=\"size-full wp-image-1112\" src=\"https:\/\/sgp.geodezja.org.pl\/wp-content\/uploads\/2016\/04\/ZG_12_7.jpg\" alt=\"\" width=\"200\" height=\"102\" srcset=\"https:\/\/sgp.geodezja.org.pl\/wp-content\/uploads\/2016\/04\/ZG_12_7.jpg 1500w, https:\/\/sgp.geodezja.org.pl\/wp-content\/uploads\/2016\/04\/ZG_12_7-800x407.jpg 800w, https:\/\/sgp.geodezja.org.pl\/wp-content\/uploads\/2016\/04\/ZG_12_7-300x153.jpg 300w, https:\/\/sgp.geodezja.org.pl\/wp-content\/uploads\/2016\/04\/ZG_12_7-1024x522.jpg 1024w, https:\/\/sgp.geodezja.org.pl\/wp-content\/uploads\/2016\/04\/ZG_12_7-768x391.jpg 768w\" sizes=\"auto, (max-width: 200px) 100vw, 200px\" \/><\/p>\n<p style=\"text-align: center;\"><strong>Od prawej Kazimierz Borkowy, Robert Rachwa\u0142, Tadeusz Szczutko, Marek K\u0142opotek<\/strong><\/p>\n<p style=\"text-align: center;\"><img loading=\"lazy\" decoding=\"async\" class=\"size-full wp-image-1113\" src=\"https:\/\/sgp.geodezja.org.pl\/wp-content\/uploads\/2016\/04\/ZG_12_8.jpg\" alt=\"\" width=\"200\" height=\"106\" srcset=\"https:\/\/sgp.geodezja.org.pl\/wp-content\/uploads\/2016\/04\/ZG_12_8.jpg 1500w, https:\/\/sgp.geodezja.org.pl\/wp-content\/uploads\/2016\/04\/ZG_12_8-800x423.jpg 800w, https:\/\/sgp.geodezja.org.pl\/wp-content\/uploads\/2016\/04\/ZG_12_8-300x159.jpg 300w, https:\/\/sgp.geodezja.org.pl\/wp-content\/uploads\/2016\/04\/ZG_12_8-1024x542.jpg 1024w, https:\/\/sgp.geodezja.org.pl\/wp-content\/uploads\/2016\/04\/ZG_12_8-768x407.jpg 768w\" sizes=\"auto, (max-width: 200px) 100vw, 200px\" \/><\/p>\n<p style=\"text-align: center;\"><strong>Grzegorz \u0141uczka, Zdzis\u0142aw G\u0105siorowski, Mariola Gilska<\/strong><\/p>\n<p style=\"text-align: justify;\"><strong>P<\/strong>rzewodnicz\u0105ca G\u0142\u00f3wnej Komisji Rewizyjnej <em>Helena Milanowska <\/em>wyrazi\u0142a niepok\u00f3j wynikaj\u0105cy z niedoboru \u015brodk\u00f3w finansowych, ukazanym w sprawozdaniu finansowym Stowarzyszenia za 2015 rok i w planie na 2016. Opowiedzia\u0142a si\u0119 za bardziej radykalnym <em>\u201edyscyplinowaniem zarz\u0105d\u00f3w oddzia\u0142\u00f3w do poprawy stopnia \u015bci\u0105galno\u015bci sk\u0142adek cz\u0142onkowskich\u201d. <\/em>Uzna\u0142a za wskazane rozliczanie dzia\u0142alno\u015bci oddzia\u0142\u00f3w poprzez Zesp\u00f3\u0142 Rzeczoznawc\u00f3w SGP, a tak\u017ce szukanie mo\u017cliwo\u015bci si\u0119gania przez Stowarzyszenie wsparcia w unijnych \u015brodkach finansowych.<\/p>\n<p style=\"text-align: center;\"><img loading=\"lazy\" decoding=\"async\" class=\"size-full wp-image-1114\" src=\"https:\/\/sgp.geodezja.org.pl\/wp-content\/uploads\/2016\/04\/ZG_12_9.jpg\" alt=\"\" width=\"200\" height=\"72\" srcset=\"https:\/\/sgp.geodezja.org.pl\/wp-content\/uploads\/2016\/04\/ZG_12_9.jpg 1500w, https:\/\/sgp.geodezja.org.pl\/wp-content\/uploads\/2016\/04\/ZG_12_9-800x288.jpg 800w, https:\/\/sgp.geodezja.org.pl\/wp-content\/uploads\/2016\/04\/ZG_12_9-300x108.jpg 300w, https:\/\/sgp.geodezja.org.pl\/wp-content\/uploads\/2016\/04\/ZG_12_9-1024x369.jpg 1024w, https:\/\/sgp.geodezja.org.pl\/wp-content\/uploads\/2016\/04\/ZG_12_9-768x276.jpg 768w\" sizes=\"auto, (max-width: 200px) 100vw, 200px\" \/><\/p>\n<p style=\"text-align: center;\"><strong>Przy stole prezydialnym prof. Janusz Walo, W\u0142odzimierz K\u0119dziora, Stanis\u0142aw Cegielski, Kazimierz Bujakowski, Ludmi\u0142a Pietrzak<\/strong><\/p>\n<p><strong><em>Z<\/em><\/strong><em>dzis\u0142aw Dworakowski <\/em>wskaza\u0142 na brak dzia\u0142alno\u015bci szkoleniowej w znacznej liczbie oddzia\u0142\u00f3w. A ten wysi\u0142ek przynosi poka\u017ane korzy\u015bci, o czym za\u015bwiadczaj\u0105 rezultaty pracy Warszawy, Krakowa, Kalisza i kilku innych Oddzia\u0142\u00f3w. <em>Jan Ceg\u0142a <\/em>poda\u0142 pod rozwag\u0119 powo\u0142anie zespo\u0142u, kt\u00f3ry w <em>\u201eci\u0105gu pi\u0119ciu miesi\u0119cy dobierze fachowc\u00f3w potrafi\u0105cych wskaza\u0107 na skuteczniejsze pozyskiwanie \u015brodk\u00f3w finansowych przez Stowarzyszenie\u201d. Ludmi\u0142a Pietrzak <\/em>uzna\u0142a, \u017ce zbyt wiele oddzia\u0142\u00f3w nie podejmuje wysi\u0142ku zwi\u0105zanego z prowadzeniem fachowych szkole\u0144.<\/p>\n<p style=\"text-align: center;\"><img loading=\"lazy\" decoding=\"async\" class=\"size-full wp-image-1115\" src=\"https:\/\/sgp.geodezja.org.pl\/wp-content\/uploads\/2016\/04\/ZG_12_10.jpg\" alt=\"\" width=\"200\" height=\"192\" srcset=\"https:\/\/sgp.geodezja.org.pl\/wp-content\/uploads\/2016\/04\/ZG_12_10.jpg 1042w, https:\/\/sgp.geodezja.org.pl\/wp-content\/uploads\/2016\/04\/ZG_12_10-800x768.jpg 800w, https:\/\/sgp.geodezja.org.pl\/wp-content\/uploads\/2016\/04\/ZG_12_10-300x288.jpg 300w, https:\/\/sgp.geodezja.org.pl\/wp-content\/uploads\/2016\/04\/ZG_12_10-1024x983.jpg 1024w, https:\/\/sgp.geodezja.org.pl\/wp-content\/uploads\/2016\/04\/ZG_12_10-768x737.jpg 768w\" sizes=\"auto, (max-width: 200px) 100vw, 200px\" \/><\/p>\n<p style=\"text-align: center;\"><strong>Ryszard Soroko<\/strong><\/p>\n<p style=\"text-align: center;\"><img loading=\"lazy\" decoding=\"async\" class=\"size-full wp-image-1116\" src=\"https:\/\/sgp.geodezja.org.pl\/wp-content\/uploads\/2016\/04\/ZG_12_11.jpg\" alt=\"\" width=\"191\" height=\"200\" srcset=\"https:\/\/sgp.geodezja.org.pl\/wp-content\/uploads\/2016\/04\/ZG_12_11.jpg 954w, https:\/\/sgp.geodezja.org.pl\/wp-content\/uploads\/2016\/04\/ZG_12_11-800x839.jpg 800w, https:\/\/sgp.geodezja.org.pl\/wp-content\/uploads\/2016\/04\/ZG_12_11-286x300.jpg 286w, https:\/\/sgp.geodezja.org.pl\/wp-content\/uploads\/2016\/04\/ZG_12_11-768x805.jpg 768w\" sizes=\"auto, (max-width: 191px) 100vw, 191px\" \/><\/p>\n<p style=\"text-align: center;\"><strong>Zdzis\u0142aw G\u0105siorowski<\/strong><\/p>\n<p style=\"text-align: justify;\"><strong>P<\/strong>owy\u017csza wymiana zda\u0144 poprzedzi\u0142a g\u0142osowanie, w kt\u00f3rym sprawozdanie finansowe za rok 2015 zosta\u0142o przyj\u0119te wi\u0119kszo\u015bci\u0105 g\u0142os\u00f3w, przy jednym wstrzymuj\u0105cym si\u0119.<\/p>\n<p style=\"text-align: justify;\"><strong>P<\/strong>rezes <em>Stanis\u0142aw Cegielski <\/em>przedk\u0142adaj\u0105c projekt planu finansowego na 2016 rok zwr\u00f3ci\u0142 uwag\u0119, \u017ce zapisano w nim niedob\u00f3r. <em>Tadeusz Borysiuk <\/em>stwierdzi\u0142, \u017ce bia\u0142ostocki oddzia\u0142 nie mo\u017ce poprze\u0107 planu ze wskazanym niedoborem. W Stowarzyszeniu nale\u017cy <em>\u201eurealni\u0107 \u015bci\u0105galno\u015b\u0107 sk\u0142adek cz\u0142onkowskich, a statystyki \u015bci\u0105galno\u015bci sk\u0142adek doprowadzi\u0107 do stanu rzeczywistego\u201d. Krzysztof Cisek<\/em>:<em> \u201esolidaryzuj\u0119 si\u0119 z tymi uwagami\u201d.<\/em><\/p>\n<p style=\"text-align: center;\"><em><img loading=\"lazy\" decoding=\"async\" class=\"size-full wp-image-1117\" src=\"https:\/\/sgp.geodezja.org.pl\/wp-content\/uploads\/2016\/04\/ZG_12_12.jpg\" alt=\"\" width=\"200\" height=\"197\" srcset=\"https:\/\/sgp.geodezja.org.pl\/wp-content\/uploads\/2016\/04\/ZG_12_12.jpg 1015w, https:\/\/sgp.geodezja.org.pl\/wp-content\/uploads\/2016\/04\/ZG_12_12-100x100.jpg 100w, https:\/\/sgp.geodezja.org.pl\/wp-content\/uploads\/2016\/04\/ZG_12_12-800x788.jpg 800w, https:\/\/sgp.geodezja.org.pl\/wp-content\/uploads\/2016\/04\/ZG_12_12-300x296.jpg 300w, https:\/\/sgp.geodezja.org.pl\/wp-content\/uploads\/2016\/04\/ZG_12_12-768x757.jpg 768w\" sizes=\"auto, (max-width: 200px) 100vw, 200px\" \/><\/em><\/p>\n<p style=\"text-align: center;\"><strong>Helena Milanowska prezentuje opini\u0119 G\u0142\u00f3wnej Komisji Rewizyjnej<\/strong><\/p>\n<p style=\"text-align: center;\"><em><img loading=\"lazy\" decoding=\"async\" class=\"size-full wp-image-1118\" src=\"https:\/\/sgp.geodezja.org.pl\/wp-content\/uploads\/2016\/04\/ZG_12_13.jpg\" alt=\"\" width=\"200\" height=\"172\" srcset=\"https:\/\/sgp.geodezja.org.pl\/wp-content\/uploads\/2016\/04\/ZG_12_13.jpg 1163w, https:\/\/sgp.geodezja.org.pl\/wp-content\/uploads\/2016\/04\/ZG_12_13-800x688.jpg 800w, https:\/\/sgp.geodezja.org.pl\/wp-content\/uploads\/2016\/04\/ZG_12_13-300x258.jpg 300w, https:\/\/sgp.geodezja.org.pl\/wp-content\/uploads\/2016\/04\/ZG_12_13-1024x880.jpg 1024w, https:\/\/sgp.geodezja.org.pl\/wp-content\/uploads\/2016\/04\/ZG_12_13-768x660.jpg 768w\" sizes=\"auto, (max-width: 200px) 100vw, 200px\" \/><\/em><\/p>\n<p style=\"text-align: center;\"><strong>Tadeusz Borysiuk, Jerzy Bara\u0144ski<\/strong><\/p>\n<p style=\"text-align: justify;\"><strong><em>T<\/em><\/strong><em>adeusz Kury\u0142owicz<\/em> uzna\u0142, \u017ce nie nale\u017cy tworzy\u0107 zespo\u0142u, a wykorzysta\u0107 potencja\u0142 os\u00f3b aktywnych do dzia\u0142a\u0144 dochodowych. Nale\u017cy te\u017c przes\u0142a\u0107 plan szkole\u0144 i przewidywane wp\u0142ywy na rzecz Zarz\u0105du G\u0142\u00f3wnego SGP.<\/p>\n<p style=\"text-align: center;\"><img loading=\"lazy\" decoding=\"async\" class=\"size-full wp-image-1119\" src=\"https:\/\/sgp.geodezja.org.pl\/wp-content\/uploads\/2016\/04\/ZG_12_14.jpg\" alt=\"\" width=\"200\" height=\"85\" srcset=\"https:\/\/sgp.geodezja.org.pl\/wp-content\/uploads\/2016\/04\/ZG_12_14.jpg 1500w, https:\/\/sgp.geodezja.org.pl\/wp-content\/uploads\/2016\/04\/ZG_12_14-800x339.jpg 800w, https:\/\/sgp.geodezja.org.pl\/wp-content\/uploads\/2016\/04\/ZG_12_14-300x127.jpg 300w, https:\/\/sgp.geodezja.org.pl\/wp-content\/uploads\/2016\/04\/ZG_12_14-1024x433.jpg 1024w, https:\/\/sgp.geodezja.org.pl\/wp-content\/uploads\/2016\/04\/ZG_12_14-768x325.jpg 768w\" sizes=\"auto, (max-width: 200px) 100vw, 200px\" \/><\/p>\n<p style=\"text-align: center;\"><strong>Henryk Musiatowicz, Antoni My\u0142ka, Boles\u0142aw Krystowczyk, Sebastian Banaszek<\/strong><\/p>\n<p style=\"text-align: justify;\"><strong>N<\/strong>a wniosek <em>Stanis\u0142awa Cegielskiego <\/em>Zarz\u0105d G\u0142\u00f3wny podj\u0105\u0142 uchwa\u0142\u0119 o przeznaczeniu wypracowanego w 2016 roku zysku na cele statutowe.<\/p>\n<p style=\"text-align: center;\"><img loading=\"lazy\" decoding=\"async\" class=\"size-full wp-image-1120\" src=\"https:\/\/sgp.geodezja.org.pl\/wp-content\/uploads\/2016\/04\/ZG_12_15.jpg\" alt=\"\" width=\"174\" height=\"200\" srcset=\"https:\/\/sgp.geodezja.org.pl\/wp-content\/uploads\/2016\/04\/ZG_12_15.jpg 869w, https:\/\/sgp.geodezja.org.pl\/wp-content\/uploads\/2016\/04\/ZG_12_15-800x921.jpg 800w, https:\/\/sgp.geodezja.org.pl\/wp-content\/uploads\/2016\/04\/ZG_12_15-261x300.jpg 261w, https:\/\/sgp.geodezja.org.pl\/wp-content\/uploads\/2016\/04\/ZG_12_15-768x884.jpg 768w\" sizes=\"auto, (max-width: 174px) 100vw, 174px\" \/><\/p>\n<p style=\"text-align: center;\"><strong>prof. Zdzis\u0142aw Adamczewski<\/strong><\/p>\n<p style=\"text-align: center;\"><img loading=\"lazy\" decoding=\"async\" class=\"size-full wp-image-1121\" src=\"https:\/\/sgp.geodezja.org.pl\/wp-content\/uploads\/2016\/04\/ZG_12_16.jpg\" alt=\"\" width=\"200\" height=\"161\" srcset=\"https:\/\/sgp.geodezja.org.pl\/wp-content\/uploads\/2016\/04\/ZG_12_16.jpg 1246w, https:\/\/sgp.geodezja.org.pl\/wp-content\/uploads\/2016\/04\/ZG_12_16-800x642.jpg 800w, https:\/\/sgp.geodezja.org.pl\/wp-content\/uploads\/2016\/04\/ZG_12_16-300x241.jpg 300w, https:\/\/sgp.geodezja.org.pl\/wp-content\/uploads\/2016\/04\/ZG_12_16-1024x822.jpg 1024w, https:\/\/sgp.geodezja.org.pl\/wp-content\/uploads\/2016\/04\/ZG_12_16-768x616.jpg 768w\" sizes=\"auto, (max-width: 200px) 100vw, 200px\" \/><\/p>\n<p style=\"text-align: center;\"><strong>Bo\u017cena Tabisz, W\u0142odzimierz Chytry<\/strong><\/p>\n<p style=\"text-align: justify;\"><strong>P<\/strong>rojekt plan\u00f3w finansowych Stowarzyszenia Geodet\u00f3w Polskich i Zespo\u0142u Rzeczoznawc\u00f3w SGP na 2016 rok, mimo wypowiadanych w dyskusji w\u0105tpliwo\u015bci, zosta\u0142 przyj\u0119ty jednog\u0142o\u015bnie.<\/p>\n<p style=\"text-align: justify;\"><strong><em>M<\/em><\/strong><em>ariola Gilska <\/em>zg\u0142osi\u0142a propozycj\u0119 powierzenia organizacji Zjazdu SGP w 2017 roku Olsztynowi. W imieniu Zarz\u0105du oddzia\u0142u warszawskiego <em>Zdzis\u0142aw Dworakowski <\/em>zg\u0142osi\u0142 r\u00f3wnie\u017c wol\u0119 zorganizowania najbli\u017cszego Zjazdu SGP. Miejscem spotkania mo\u017ce by\u0107 Warszawa, ale <em>\u201emo\u017cemy spotka\u0107 si\u0119 w innym interesuj\u0105cym delegat\u00f3w miejscu\u201d. Stanis\u0142aw Cegielski <\/em>podzi\u0119kowa\u0142 za wyra\u017cone deklaracje, uznaj\u0105c, \u017ce zapa\u0142 organizacyjny mo\u017ce by\u0107 wykorzystany do przeprowadzenia obchod\u00f3w stulecia Stowarzyszenia Geodet\u00f3w Polskich w roku 2019.<\/p>\n<p style=\"text-align: justify;\"><strong>P<\/strong>odczas wymiany zda\u0144, kt\u00f3rej przedmiotem by\u0142 wyb\u00f3r organizatora i miejsca Mi\u0119dzynarodowych Dni Geodezji Polsko-S\u0142owacko-Czeskie w 2017 roku, wskazywano na Rzesz\u00f3w i pas przy po\u0142udniowej granicy kraju. <em>El\u017cbieta Biel <\/em>wyrazi\u0142a sugesti\u0119 przeprowadzenia tego wydarzenia w Zakopanem.<\/p>\n<p style=\"text-align: center;\"><img loading=\"lazy\" decoding=\"async\" class=\"size-full wp-image-1122\" src=\"https:\/\/sgp.geodezja.org.pl\/wp-content\/uploads\/2016\/04\/ZG_12_17.jpg\" alt=\"\" width=\"200\" height=\"185\" srcset=\"https:\/\/sgp.geodezja.org.pl\/wp-content\/uploads\/2016\/04\/ZG_12_17.jpg 1081w, https:\/\/sgp.geodezja.org.pl\/wp-content\/uploads\/2016\/04\/ZG_12_17-800x740.jpg 800w, https:\/\/sgp.geodezja.org.pl\/wp-content\/uploads\/2016\/04\/ZG_12_17-300x278.jpg 300w, https:\/\/sgp.geodezja.org.pl\/wp-content\/uploads\/2016\/04\/ZG_12_17-1024x947.jpg 1024w, https:\/\/sgp.geodezja.org.pl\/wp-content\/uploads\/2016\/04\/ZG_12_17-768x710.jpg 768w\" sizes=\"auto, (max-width: 200px) 100vw, 200px\" \/><\/p>\n<p style=\"text-align: center;\"><strong>Krzysztof M\u0105czewski sk\u0142ada gratulacje, w imieniu cz\u0142onk\u00f3w Zarz\u0105du G\u0142\u00f3wnego i Cz\u0142onk\u00f3w Honorowych SGP<\/strong><br \/><strong>prof. Januszowi Walo po obj\u0119ciu obowi\u0105zk\u00f3w Prorektora Politechniki Warszawskiej\u00a0<\/strong>\u00a0\u00a0\u00a0\u00a0\u00a0\u00a0\u00a0\u00a0\u00a0\u00a0\u00a0\u00a0\u00a0\u00a0\u00a0\u00a0\u00a0\u00a0\u00a0\u00a0<\/p>\n<p style=\"text-align: center;\"><img loading=\"lazy\" decoding=\"async\" class=\"size-full wp-image-1123\" src=\"https:\/\/sgp.geodezja.org.pl\/wp-content\/uploads\/2016\/04\/ZG_12_18.jpg\" alt=\"\" width=\"167\" height=\"200\" srcset=\"https:\/\/sgp.geodezja.org.pl\/wp-content\/uploads\/2016\/04\/ZG_12_18.jpg 835w, https:\/\/sgp.geodezja.org.pl\/wp-content\/uploads\/2016\/04\/ZG_12_18-800x958.jpg 800w, https:\/\/sgp.geodezja.org.pl\/wp-content\/uploads\/2016\/04\/ZG_12_18-251x300.jpg 251w, https:\/\/sgp.geodezja.org.pl\/wp-content\/uploads\/2016\/04\/ZG_12_18-768x920.jpg 768w\" sizes=\"auto, (max-width: 167px) 100vw, 167px\" \/><\/p>\n<p style=\"text-align: center;\"><strong>Tadeusz Kury\u0142owicz<\/strong><\/p>\n<p style=\"text-align: justify;\"><strong>Z<\/strong>arz\u0105d G\u0142\u00f3wny, na wniosek Prezydium, podj\u0105\u0142 uchwa\u0142y zatwierdzaj\u0105ce wyr\u00f3\u017cnienie os\u00f3b zas\u0142u\u017conych w pracy na rzecz Stowarzyszenia i geodezji. Medal SGP <em>\u201eW dow\u00f3d uznania\u201d <\/em>zosta\u0142 nadany Piotrowi Fabia\u0144skiemu (\u0141\u00f3d\u017a) i Sylwestrowi Zgoli\u0144skiemu (Rzesz\u00f3w). Diamentow\u0105 Odznak\u0105 Honorow\u0105 SGP zostali odznaczeni: Miros\u0142aw \u017bo\u0142ek (Legnica); El\u017cbieta Hajdul, Piotr G\u00f3ral, Kazimierz Chudzikiewicz (Gda\u0144sk); Maria Grzegorczyk, Andrzej Klimczak, Jerzy Malinowski, J\u00f3zef Wo\u017aniak (Wroc\u0142aw). Godno\u015b\u0107 <em>\u201eZas\u0142u\u017conego Seniora SGP\u201d <\/em>Zarz\u0105d G\u0142\u00f3wny nada\u0142: Zbigniewowi Koziarzowi, Tadeuszowi Kalinowskiemu (Gda\u0144sk); Janowi Ciskowi, Krzysztofowi Dylowi, Eugeniuszowi Ryszardowi Jopkowi, Henrykowi Witakowi (Wroc\u0142aw).<\/p>\n<p style=\"text-align: center;\"><img loading=\"lazy\" decoding=\"async\" class=\"size-full wp-image-1124\" src=\"https:\/\/sgp.geodezja.org.pl\/wp-content\/uploads\/2016\/04\/ZG_12_19.jpg\" alt=\"\" width=\"183\" height=\"200\" srcset=\"https:\/\/sgp.geodezja.org.pl\/wp-content\/uploads\/2016\/04\/ZG_12_19.jpg 913w, https:\/\/sgp.geodezja.org.pl\/wp-content\/uploads\/2016\/04\/ZG_12_19-800x876.jpg 800w, https:\/\/sgp.geodezja.org.pl\/wp-content\/uploads\/2016\/04\/ZG_12_19-274x300.jpg 274w, https:\/\/sgp.geodezja.org.pl\/wp-content\/uploads\/2016\/04\/ZG_12_19-768x841.jpg 768w\" sizes=\"auto, (max-width: 183px) 100vw, 183px\" \/><\/p>\n<p style=\"text-align: center;\"><strong>Mariola Gilska<\/strong><\/p>\n<p style=\"text-align: justify;\"><strong>Z<\/strong>amykaj\u0105c obrady prezes <em>Stanis\u0142aw Cegielski <\/em>podzi\u0119kowa\u0142 uczestnikom zebrania za aktywny w nim udzia\u0142 i \u017cyczy\u0142 szcz\u0119\u015bliwego powrotu do dom\u00f3w.<\/p>\n<p style=\"text-align: justify;\">Tekst i zdj\u0119cia Stanis\u0142aw Marcin Wili\u0144sk<\/p>\n<p style=\"text-align: justify;\"><a href=\"https:\/\/sgp.geodezja.org.pl\/wp-content\/uploads\/2016\/04\/Wiosenne_zebranie_Zarzadu_Glownego_SG1.pdf\" rel=\"alternate\"><span style=\"color: #008000;\">Relacja z zebrania (pdf) &gt;&gt;&gt;<\/span><\/a><\/p>\n<p style=\"text-align: justify;\">\u00a0<\/p>\n<p style=\"text-align: right;\">VK<\/p>\n<p style=\"text-align: justify;\">\u00a0<\/p>\n<p style=\"text-align: justify;\">\u00a0<\/p>","protected":false},"excerpt":{"rendered":"<p>Zebranie Zarz\u0105du G\u0142\u00f3wnego Stowarzyszenia Geodet\u00f3w Polskich w dniu 6 kwietnia 2016 roku w cz\u0119\u015bci pierwszej stanowi\u0142o okazj\u0119 do og\u0142oszenia wynik\u00f3w konkursu prac dyplomowych na kierunku geodezja i kartografia. Obrady Zarz\u0105du G\u0142\u00f3wnego poprzedzi\u0142a prelekcja, w kt\u00f3rej Sebastian Banaszek Dyrektor Operacyjny firmy \u201eDronHaus\u201d zarysowa\u0142 rozw\u00f3j bezza\u0142ogowych aparat\u00f3w lataj\u0105cych i ich przystosowanie do pozyskiwania obraz\u00f3w, tak\u017ce na u\u017cytek [&hellip;]<\/p>\n","protected":false},"author":2,"featured_media":1106,"comment_status":"open","ping_status":"open","sticky":false,"template":"","format":"standard","meta":{"two_page_speed":[],"footnotes":""},"categories":[10],"tags":[],"class_list":["post-1126","post","type-post","status-publish","format-standard","has-post-thumbnail","hentry","category-informacje"],"_links":{"self":[{"href":"https:\/\/sgp.geodezja.org.pl\/en\/wp-json\/wp\/v2\/posts\/1126","targetHints":{"allow":["GET"]}}],"collection":[{"href":"https:\/\/sgp.geodezja.org.pl\/en\/wp-json\/wp\/v2\/posts"}],"about":[{"href":"https:\/\/sgp.geodezja.org.pl\/en\/wp-json\/wp\/v2\/types\/post"}],"author":[{"embeddable":true,"href":"https:\/\/sgp.geodezja.org.pl\/en\/wp-json\/wp\/v2\/users\/2"}],"replies":[{"embeddable":true,"href":"https:\/\/sgp.geodezja.org.pl\/en\/wp-json\/wp\/v2\/comments?post=1126"}],"version-history":[{"count":0,"href":"https:\/\/sgp.geodezja.org.pl\/en\/wp-json\/wp\/v2\/posts\/1126\/revisions"}],"wp:featuredmedia":[{"embeddable":true,"href":"https:\/\/sgp.geodezja.org.pl\/en\/wp-json\/wp\/v2\/media\/1106"}],"wp:attachment":[{"href":"https:\/\/sgp.geodezja.org.pl\/en\/wp-json\/wp\/v2\/media?parent=1126"}],"wp:term":[{"taxonomy":"category","embeddable":true,"href":"https:\/\/sgp.geodezja.org.pl\/en\/wp-json\/wp\/v2\/categories?post=1126"},{"taxonomy":"post_tag","embeddable":true,"href":"https:\/\/sgp.geodezja.org.pl\/en\/wp-json\/wp\/v2\/tags?post=1126"}],"curies":[{"name":"wp","href":"https:\/\/api.w.org\/{rel}","templated":true}]}}