{"id":1134,"date":"2016-04-29T15:18:13","date_gmt":"2016-04-29T13:18:13","guid":{"rendered":"https:\/\/2.budowaniestron.pl\/xxv-kongres-technikow-polskich-i-iii-swiatowy-zjazd-inzynierow-polskich-wroclaw-16-18-czerwca-2016-r\/"},"modified":"2016-04-29T15:18:13","modified_gmt":"2016-04-29T13:18:13","slug":"xxv-kongres-technikow-polskich-i-iii-swiatowy-zjazd-inzynierow-polskich-wroclaw-16-18-czerwca-2016-r","status":"publish","type":"post","link":"https:\/\/sgp.geodezja.org.pl\/en\/xxv-kongres-technikow-polskich-i-iii-swiatowy-zjazd-inzynierow-polskich-wroclaw-16-18-czerwca-2016-r\/","title":{"rendered":"XXV Kongres Technik\u00f3w Polskich i III \u015awiatowy Zjazd In\u017cynier\u00f3w Polskich, Wroc\u0142aw, 16-18 czerwca 2016 r."},"content":{"rendered":"<p style=\"text-align: justify;\">Zapraszamy wszystkich in\u017cynier\u00f3w do udzia\u0142u w XXV KONGRESIE TECHNIK\u00d3W POLSKICH (KTP) i III \u015aWIATOWYM ZJE\u0179DZIE IN\u017bYNIER\u00d3W POLSKICH (SZIP) organizowanych w dniach 16 &#8211; 18 czerwca 2016 r. we Wroc\u0142awiu &#8211; Europejskiej Stolicy Kultury.<br \/>Celem obu spotka\u0144 in\u017cynierskich jest integracja i wymiana do\u015bwiadcze\u0144 b\u0119d\u0105cych udzia\u0142em in\u017cynier\u00f3w z kraju oraz mieszkaj\u0105cych i pracuj\u0105cych poza jego granicami.<\/p>\n<p>  <!--more-->  <\/p>\n<p>Zapraszamy wszystkich in\u017cynier\u00f3w do udzia\u0142u w XXV KONGRESIE TECHNIK\u00d3W POLSKICH (KTP) i III \u015aWIATOWYM ZJE\u0179DZIE IN\u017bYNIER\u00d3W POLSKICH (SZIP) organizowanych w dniach 16 &#8211; 18 czerwca 2016 r. we Wroc\u0142awiu &#8211; Europejskiej Stolicy Kultury.<\/p>\n<p><img loading=\"lazy\" decoding=\"async\" class=\"size-full wp-image-1133\" style=\"margin-right: auto; margin-left: auto; display: block;\" src=\"https:\/\/sgp.geodezja.org.pl\/wp-content\/uploads\/2016\/04\/720x298.jpg\" alt=\"\" width=\"200\" height=\"83\" srcset=\"https:\/\/sgp.geodezja.org.pl\/wp-content\/uploads\/2016\/04\/720x298.jpg 720w, https:\/\/sgp.geodezja.org.pl\/wp-content\/uploads\/2016\/04\/720x298-300x124.jpg 300w, https:\/\/sgp.geodezja.org.pl\/wp-content\/uploads\/2016\/04\/720x298-145x60.jpg 145w\" sizes=\"auto, (max-width: 200px) 100vw, 200px\" \/><\/p>\n<p>Celem obu spotka\u0144 in\u017cynierskich jest integracja i wymiana do\u015bwiadcze\u0144 b\u0119d\u0105cych udzia\u0142em in\u017cynier\u00f3w z kraju oraz mieszkaj\u0105cych i pracuj\u0105cych poza jego granicami.<\/p>\n<p>Tematami debat plenarnych i konferencji naukowo-technicznych w czasie obu wydarze\u0144 b\u0119d\u0105 m.in. istotne dla polskiej gospodarki zagadnienia: relacje mi\u0119dzy nauk\u0105 a gospodark\u0105, w tym transfer zaawansowanych technologii; kszta\u0142cenie in\u017cynier\u00f3w; stan polskiej elektryki oraz transportu; rozw\u00f3j techniki a uwarunkowania ekologiczne.<\/p>\n<p>Uczestnicy XXV KTP i III SZIP b\u0119d\u0105 mogli zapozna\u0107 si\u0119 z raportem wypracowanym na II Kongresie Elektryk\u00f3w Polskich (przygotowanym przez Stowarzyszenie Elektryk\u00f3w Polskich &#8211; SEP), a tak\u017ce z najnowszymi tendencjami IT (Information Technology) w odniesieniu do urz\u0105dze\u0144 i aplikacji. Interesuj\u0105cymi tematami b\u0119dzie wsp\u00f3\u0142dzia\u0142anie techniki z medycyn\u0105, gospodarka wodna a zmiany klimatyczne oraz infrastruktura \u2013 budownictwo \u2013 BIM.<\/p>\n<p>W czasie wroc\u0142awskich obrad zostan\u0105 podj\u0119te tak\u017ce aktualne obecnie zagadnienia strefy wolnego handlu mi\u0119dzy USA a UE oraz roli in\u017cynier\u00f3w w reindustrializacji.<\/p>\n<p>Kongresy Technik\u00f3w Polskich s\u0105 wa\u017cnym wydarzeniem dla ca\u0142ego polskiego \u015brodowiska naukowo-technicznego. Has\u0142em XXV Kongresu jest \u201e<em>Technika-Cz\u0142owiekowi<\/em>\u201d. Pierwszy, historyczny Kongres odby\u0142 si\u0119 w 1882 r. w Krakowie. Przyjechali na\u0144 technicy i in\u017cynierowie z trzech zabor\u00f3w oraz spoza kraju. T\u0119 ide\u0119 wsp\u00f3lnych obrad polskich in\u017cynier\u00f3w z kraju i spoza jego granic chcemy kontynuowa\u0107 organizuj\u0105c oba spotkania in\u017cynierskie wsp\u00f3lnie.<\/p>\n<p>Idea zwo\u0142ywania Zjazd\u00f3w zrodzi\u0142a si\u0119 z inicjatywy polonijnych \u015brodowisk technicznych, jako kontynuacja wcze\u015bniejszych sympozj\u00f3w integracyjnych \u201ePolacy Razem\u201d \u015brodowisk in\u017cynier\u00f3w polskich oraz polonijnych organizowanych przez Federacj\u0119 Stowarzysze\u0144 Naukowo-Technicznych NOT od 1996 r. Ka\u017cdy kolejny Zjazd przyci\u0105ga\u0142 uwag\u0119 coraz wi\u0119kszej liczby uczestnik\u00f3w.<\/p>\n<p>Has\u0142o III \u015awiatowego Zjazdu In\u017cynier\u00f3w Polskich brzmi \u201e<em>In\u017cynierowie Polsce i \u015awiatu<\/em>\u201d.<\/p>\n<p>Organizatorami XXV KTP i III SZIP s\u0105:<\/p>\n<ul>\n<li>Federacja Stowarzysze\u0144 Naukowo-Technicznych NOT,<\/li>\n<li>Europejska Federacja Polonijnych Stowarzysze\u0144 Naukowo-Technicznych,<\/li>\n<li>Rada Polskich In\u017cynier\u00f3w w Ameryce P\u00f3\u0142nocnej,<\/li>\n<li>Rada G\u0142\u00f3wna Instytut\u00f3w Badawczych,<\/li>\n<li>Akademia In\u017cynierska w Polsce,<\/li>\n<li>Konferencja Rektor\u00f3w Polskich Uczelni Technicznych,<\/li>\n<li>Politechnika Wroc\u0142awska.<\/li>\n<\/ul>\n<p>\u00a0<\/p>\n<p>Wi\u0119cej informacji na stronach: <a href=\"http:\/\/www.ktp.enot.pl\/\">www.ktp.enot.pl<\/a> i <a href=\"http:\/\/www.szip.org.pl\/\">www.szip.org.pl<\/a><\/p>\n<p>\u00a0<\/p>\n<p><strong>WE\u0179 UDZIA\u0141 WE WROC\u0141AWSKIM SPOTKANIU TW\u00d3RC\u00d3W TECHNIKI<\/strong><\/p>\n<p style=\"text-align: right;\">VK<\/p>\n<p style=\"text-align: justify;\">\u00a0<\/p>\n<p style=\"text-align: justify;\">\u00a0<\/p>","protected":false},"excerpt":{"rendered":"<p>Zapraszamy wszystkich in\u017cynier\u00f3w do udzia\u0142u w XXV KONGRESIE TECHNIK\u00d3W POLSKICH (KTP) i III \u015aWIATOWYM ZJE\u0179DZIE IN\u017bYNIER\u00d3W POLSKICH (SZIP) organizowanych w dniach 16 &#8211; 18 czerwca 2016 r. we Wroc\u0142awiu &#8211; Europejskiej Stolicy Kultury.Celem obu spotka\u0144 in\u017cynierskich jest integracja i wymiana do\u015bwiadcze\u0144 b\u0119d\u0105cych udzia\u0142em in\u017cynier\u00f3w z kraju oraz mieszkaj\u0105cych i pracuj\u0105cych poza jego granicami.<\/p>","protected":false},"author":2,"featured_media":1133,"comment_status":"open","ping_status":"open","sticky":false,"template":"","format":"standard","meta":{"two_page_speed":[],"footnotes":""},"categories":[10],"tags":[],"class_list":["post-1134","post","type-post","status-publish","format-standard","has-post-thumbnail","hentry","category-informacje"],"_links":{"self":[{"href":"https:\/\/sgp.geodezja.org.pl\/en\/wp-json\/wp\/v2\/posts\/1134","targetHints":{"allow":["GET"]}}],"collection":[{"href":"https:\/\/sgp.geodezja.org.pl\/en\/wp-json\/wp\/v2\/posts"}],"about":[{"href":"https:\/\/sgp.geodezja.org.pl\/en\/wp-json\/wp\/v2\/types\/post"}],"author":[{"embeddable":true,"href":"https:\/\/sgp.geodezja.org.pl\/en\/wp-json\/wp\/v2\/users\/2"}],"replies":[{"embeddable":true,"href":"https:\/\/sgp.geodezja.org.pl\/en\/wp-json\/wp\/v2\/comments?post=1134"}],"version-history":[{"count":0,"href":"https:\/\/sgp.geodezja.org.pl\/en\/wp-json\/wp\/v2\/posts\/1134\/revisions"}],"wp:featuredmedia":[{"embeddable":true,"href":"https:\/\/sgp.geodezja.org.pl\/en\/wp-json\/wp\/v2\/media\/1133"}],"wp:attachment":[{"href":"https:\/\/sgp.geodezja.org.pl\/en\/wp-json\/wp\/v2\/media?parent=1134"}],"wp:term":[{"taxonomy":"category","embeddable":true,"href":"https:\/\/sgp.geodezja.org.pl\/en\/wp-json\/wp\/v2\/categories?post=1134"},{"taxonomy":"post_tag","embeddable":true,"href":"https:\/\/sgp.geodezja.org.pl\/en\/wp-json\/wp\/v2\/tags?post=1134"}],"curies":[{"name":"wp","href":"https:\/\/api.w.org\/{rel}","templated":true}]}}