{"id":1196,"date":"2016-05-25T20:08:27","date_gmt":"2016-05-25T18:08:27","guid":{"rendered":"https:\/\/2.budowaniestron.pl\/xxii-miedzynarodowe-dni-geodezji-w-koszycach-relacja\/"},"modified":"2016-05-25T20:08:27","modified_gmt":"2016-05-25T18:08:27","slug":"xxii-miedzynarodowe-dni-geodezji-w-koszycach-relacja","status":"publish","type":"post","link":"https:\/\/sgp.geodezja.org.pl\/en\/xxii-miedzynarodowe-dni-geodezji-w-koszycach-relacja\/","title":{"rendered":"XXII Mi\u0119dzynarodowe Dni Geodezji w Koszycach &#8211; relacja"},"content":{"rendered":"<p style=\"text-align: justify;\"><strong>K<\/strong>olejne dwudzieste drugie Mi\u0119dzynarodowe Dni Geodezji organizowane przez geodet\u00f3w s\u0142owackich w Koszycach trwa\u0142y w dniach od 5 do 7 maja 2016 roku. Przyby\u0142ych na konferencj\u0119 powita\u0142 <em>\u0160tefan Nagy,<\/em> kt\u00f3ry w imieniu organizator\u00f3w wyrazi\u0142 wielkie zadowolenie z obecno\u015bci tak <em>\u201elicznej spo\u0142eczno\u015bci geodet\u00f3w trzech s\u0105siednich kraj\u00f3w\u201d.<\/em> Go\u015b\u0107mi spotkania, witanymi serdecznie, byli szefowie s\u0142u\u017cby geodezyjnej S\u0142owacji <em>M\u00e1ria Frindrichov\u00e1<\/em>, Polski <em>Kazimierz Bujakowski, <\/em>Czech <em>Karel Ve\u010de\u0159e <\/em>oraz prezesi organizacji skupiaj\u0105cych geodet\u00f3w i kartograf\u00f3w S\u0142owacji <em>Du\u0161an Feriac, <\/em>Polski<em> Stanis\u0142aw Cegielski, <\/em>Czech <em>V\u00e1clav \u0160anda.<\/em><\/p>\n<p>  <!--more-->  <\/p>\n<p style=\"text-align: justify;\"><strong>K<\/strong>olejne dwudzieste drugie Mi\u0119dzynarodowe Dni Geodezji organizowane przez geodet\u00f3w s\u0142owackich w Koszycach trwa\u0142y w dniach od 5 do 7 maja 2016 roku. Przyby\u0142ych na konferencj\u0119 powita\u0142 <em>\u0160tefan Nagy,<\/em> kt\u00f3ry w imieniu organizator\u00f3w wyrazi\u0142 wielkie zadowolenie z obecno\u015bci tak <em>\u201elicznej spo\u0142eczno\u015bci geodet\u00f3w trzech s\u0105siednich kraj\u00f3w\u201d.<\/em> Go\u015b\u0107mi spotkania, witanymi serdecznie, byli szefowie s\u0142u\u017cby geodezyjnej S\u0142owacji <em>M\u00e1ria Frindrichov\u00e1<\/em>, Polski <em>Kazimierz Bujakowski, <\/em>Czech <em>Karel Ve\u010de\u0159e <\/em>oraz prezesi organizacji skupiaj\u0105cych geodet\u00f3w i kartograf\u00f3w S\u0142owacji <em>Du\u0161an Feriac, <\/em>Polski<em> Stanis\u0142aw Cegielski, <\/em>Czech <em>V\u00e1clav \u0160anda.<\/em><\/p>\n<p style=\"text-align: center;\"><em><img loading=\"lazy\" decoding=\"async\" class=\"size-full wp-image-1163\" style=\"margin-right: auto; margin-left: auto; display: block;\" src=\"https:\/\/sgp.geodezja.org.pl\/wp-content\/uploads\/2016\/05\/XXII_DNI_Geodezji_Koszyce_2016_1.jpg\" alt=\"\" width=\"109\" height=\"200\" srcset=\"https:\/\/sgp.geodezja.org.pl\/wp-content\/uploads\/2016\/05\/XXII_DNI_Geodezji_Koszyce_2016_1.jpg 545w, https:\/\/sgp.geodezja.org.pl\/wp-content\/uploads\/2016\/05\/XXII_DNI_Geodezji_Koszyce_2016_1-164x300.jpg 164w, https:\/\/sgp.geodezja.org.pl\/wp-content\/uploads\/2016\/05\/XXII_DNI_Geodezji_Koszyce_2016_1-33x60.jpg 33w\" sizes=\"auto, (max-width: 109px) 100vw, 109px\" \/><\/em><\/p>\n<p style=\"text-align: center;\"><em><strong>\u0160tefan Luc\u00e1\u010d<\/strong><\/em><\/p>\n<p style=\"text-align: center;\"><em><strong><img loading=\"lazy\" decoding=\"async\" class=\"size-full wp-image-1164\" src=\"https:\/\/sgp.geodezja.org.pl\/wp-content\/uploads\/2016\/05\/XXII_DNI_Geodezji_Koszyce_2016_2.jpg\" alt=\"\" width=\"200\" height=\"148\" srcset=\"https:\/\/sgp.geodezja.org.pl\/wp-content\/uploads\/2016\/05\/XXII_DNI_Geodezji_Koszyce_2016_2.jpg 1352w, https:\/\/sgp.geodezja.org.pl\/wp-content\/uploads\/2016\/05\/XXII_DNI_Geodezji_Koszyce_2016_2-800x592.jpg 800w, https:\/\/sgp.geodezja.org.pl\/wp-content\/uploads\/2016\/05\/XXII_DNI_Geodezji_Koszyce_2016_2-300x222.jpg 300w, https:\/\/sgp.geodezja.org.pl\/wp-content\/uploads\/2016\/05\/XXII_DNI_Geodezji_Koszyce_2016_2-1024x757.jpg 1024w, https:\/\/sgp.geodezja.org.pl\/wp-content\/uploads\/2016\/05\/XXII_DNI_Geodezji_Koszyce_2016_2-768x568.jpg 768w\" sizes=\"auto, (max-width: 200px) 100vw, 200px\" \/><\/strong><\/em><\/p>\n<p style=\"text-align: center;\"><em><strong>Vladimir Nechuta, Lenka Salyova, w drugim rz\u0105dzie po lewej Alicja Kulka, stoi Jan Ceg\u0142a<\/strong><\/em><\/p>\n<p style=\"text-align: justify;\"><strong>W<\/strong>yst\u0105pienia powitalne prezes\u00f3w organizacji geodezyjnych wyra\u017ca\u0142y zadowolenie z kolejnego spotkania geodet\u00f3w trzech s\u0105siednich kraj\u00f3w. <em>Du\u0161an Feriac <\/em>(Slowensk\u00e1 spolo\u010dnos\u0165 geodetov a kartografov) dzi\u0119kowa\u0142 obecnym za przyj\u0119cie zaproszenia na spotkanie w Koszycach, kt\u00f3re maj\u0105 bogat\u0105 histori\u0119 i jest przekonany, \u017ce przygotowany program, jego r\u00f3\u017cnorodno\u015b\u0107, da zadowolenie wszystkim uczestnicz\u0105cym w konferencji.<\/p>\n<p style=\"text-align: center;\"><img loading=\"lazy\" decoding=\"async\" class=\"size-full wp-image-1165\" style=\"margin-right: auto; margin-left: auto; display: block;\" src=\"https:\/\/sgp.geodezja.org.pl\/wp-content\/uploads\/2016\/05\/XXII_DNI_Geodezji_Koszyce_2016_3.jpg\" alt=\"\" width=\"200\" height=\"145\" srcset=\"https:\/\/sgp.geodezja.org.pl\/wp-content\/uploads\/2016\/05\/XXII_DNI_Geodezji_Koszyce_2016_3.jpg 1376w, https:\/\/sgp.geodezja.org.pl\/wp-content\/uploads\/2016\/05\/XXII_DNI_Geodezji_Koszyce_2016_3-800x581.jpg 800w, https:\/\/sgp.geodezja.org.pl\/wp-content\/uploads\/2016\/05\/XXII_DNI_Geodezji_Koszyce_2016_3-300x218.jpg 300w, https:\/\/sgp.geodezja.org.pl\/wp-content\/uploads\/2016\/05\/XXII_DNI_Geodezji_Koszyce_2016_3-1024x744.jpg 1024w, https:\/\/sgp.geodezja.org.pl\/wp-content\/uploads\/2016\/05\/XXII_DNI_Geodezji_Koszyce_2016_3-768x558.jpg 768w\" sizes=\"auto, (max-width: 200px) 100vw, 200px\" \/><\/p>\n<p style=\"text-align: center;\"><em><strong>Tomasz Lipecki, prof. Andrzej Pachuta<\/strong><\/em><\/p>\n<p style=\"text-align: center;\"><img loading=\"lazy\" decoding=\"async\" class=\"size-full wp-image-1166\" style=\"margin-right: auto; margin-left: auto; display: block;\" src=\"https:\/\/sgp.geodezja.org.pl\/wp-content\/uploads\/2016\/05\/XXII_DNI_Geodezji_Koszyce_2016_4.jpg\" alt=\"\" width=\"174\" height=\"200\" srcset=\"https:\/\/sgp.geodezja.org.pl\/wp-content\/uploads\/2016\/05\/XXII_DNI_Geodezji_Koszyce_2016_4.jpg 869w, https:\/\/sgp.geodezja.org.pl\/wp-content\/uploads\/2016\/05\/XXII_DNI_Geodezji_Koszyce_2016_4-800x921.jpg 800w, https:\/\/sgp.geodezja.org.pl\/wp-content\/uploads\/2016\/05\/XXII_DNI_Geodezji_Koszyce_2016_4-261x300.jpg 261w, https:\/\/sgp.geodezja.org.pl\/wp-content\/uploads\/2016\/05\/XXII_DNI_Geodezji_Koszyce_2016_4-768x884.jpg 768w\" sizes=\"auto, (max-width: 174px) 100vw, 174px\" \/><\/p>\n<p style=\"text-align: center;\"><em><strong>Du\u0161an Feriac otwiera spotkanie, w g\u0142\u0119bi \u0160tefan Nagy<\/strong><\/em><\/p>\n<p><strong><em>S<\/em><\/strong><em>tanis\u0142aw Cegielski <\/em>(Stowarzyszenie Geodet\u00f3w Polskich) powita\u0142 po s\u0142owacku <em>Mari\u0119 Frindrichow\u0105<\/em>. Wspominaj\u0105c pocz\u0105tki Mi\u0119dzynarodowych Dni Geodezji wyrazi\u0142 zadowolenie, \u017ce umocni\u0142y si\u0119 one i stanowi\u0105 dobre forum prezentowania zmian i post\u0119pu w geodezji i kartografii <em>\u201enaszych trzech kraj\u00f3w. Jestem przekonany, i\u017c mimo rozmaitych trudno\u015bci, z kt\u00f3rymi si\u0119 borykamy, te spotkania przetrwaj\u0105\u201d.<\/em><\/p>\n<p style=\"text-align: center;\"><em><img loading=\"lazy\" decoding=\"async\" class=\"size-full wp-image-1167\" style=\"margin-right: auto; margin-left: auto; display: block;\" src=\"https:\/\/sgp.geodezja.org.pl\/wp-content\/uploads\/2016\/05\/XXII_DNI_Geodezji_Koszyce_2016_5.jpg\" alt=\"\" width=\"200\" height=\"133\" srcset=\"https:\/\/sgp.geodezja.org.pl\/wp-content\/uploads\/2016\/05\/XXII_DNI_Geodezji_Koszyce_2016_5.jpg 1500w, https:\/\/sgp.geodezja.org.pl\/wp-content\/uploads\/2016\/05\/XXII_DNI_Geodezji_Koszyce_2016_5-800x533.jpg 800w, https:\/\/sgp.geodezja.org.pl\/wp-content\/uploads\/2016\/05\/XXII_DNI_Geodezji_Koszyce_2016_5-300x200.jpg 300w, https:\/\/sgp.geodezja.org.pl\/wp-content\/uploads\/2016\/05\/XXII_DNI_Geodezji_Koszyce_2016_5-1024x683.jpg 1024w, https:\/\/sgp.geodezja.org.pl\/wp-content\/uploads\/2016\/05\/XXII_DNI_Geodezji_Koszyce_2016_5-768x512.jpg 768w\" sizes=\"auto, (max-width: 200px) 100vw, 200px\" \/><\/em><\/p>\n<p style=\"text-align: center;\"><em><strong>Jerzy Zieli\u0144ski, Kazimierz Bujakowski, M\u00e1ria Frindrichov\u00e1, Karel Ve\u010de\u0159e<\/strong><\/em><\/p>\n<p style=\"text-align: center;\"><em><img loading=\"lazy\" decoding=\"async\" class=\"size-full wp-image-1168\" style=\"margin-right: auto; margin-left: auto; display: block;\" src=\"https:\/\/sgp.geodezja.org.pl\/wp-content\/uploads\/2016\/05\/XXII_DNI_Geodezji_Koszyce_2016_6.jpg\" alt=\"\" width=\"200\" height=\"153\" srcset=\"https:\/\/sgp.geodezja.org.pl\/wp-content\/uploads\/2016\/05\/XXII_DNI_Geodezji_Koszyce_2016_6.jpg 1310w, https:\/\/sgp.geodezja.org.pl\/wp-content\/uploads\/2016\/05\/XXII_DNI_Geodezji_Koszyce_2016_6-800x611.jpg 800w, https:\/\/sgp.geodezja.org.pl\/wp-content\/uploads\/2016\/05\/XXII_DNI_Geodezji_Koszyce_2016_6-300x229.jpg 300w, https:\/\/sgp.geodezja.org.pl\/wp-content\/uploads\/2016\/05\/XXII_DNI_Geodezji_Koszyce_2016_6-1024x782.jpg 1024w, https:\/\/sgp.geodezja.org.pl\/wp-content\/uploads\/2016\/05\/XXII_DNI_Geodezji_Koszyce_2016_6-768x586.jpg 768w\" sizes=\"auto, (max-width: 200px) 100vw, 200px\" \/><\/em><\/p>\n<p style=\"text-align: center;\"><em><strong>Alicja Kulka, Wies\u0142aw Serewi\u015b<\/strong><\/em><\/p>\n<p><strong><em>V<\/em><\/strong><em>\u00e1clav \u0160anda <\/em>(\u010cesk\u00fd svaz geodet\u016f a kartograf\u016f) podzi\u0119kowa\u0142 geodetom s\u0142owackim za przygotowanie kolejnego spotkania i za bogaty program oraz interesuj\u0105c\u0105 propozycj\u0119 aktywnego wypoczynku.<\/p>\n<p style=\"text-align: center;\"><img loading=\"lazy\" decoding=\"async\" class=\"size-full wp-image-1169\" style=\"margin-right: auto; margin-left: auto; display: block;\" src=\"https:\/\/sgp.geodezja.org.pl\/wp-content\/uploads\/2016\/05\/XXII_DNI_Geodezji_Koszyce_2016_7.jpg\" alt=\"\" width=\"187\" height=\"200\" srcset=\"https:\/\/sgp.geodezja.org.pl\/wp-content\/uploads\/2016\/05\/XXII_DNI_Geodezji_Koszyce_2016_7.jpg 933w, https:\/\/sgp.geodezja.org.pl\/wp-content\/uploads\/2016\/05\/XXII_DNI_Geodezji_Koszyce_2016_7-800x857.jpg 800w, https:\/\/sgp.geodezja.org.pl\/wp-content\/uploads\/2016\/05\/XXII_DNI_Geodezji_Koszyce_2016_7-280x300.jpg 280w, https:\/\/sgp.geodezja.org.pl\/wp-content\/uploads\/2016\/05\/XXII_DNI_Geodezji_Koszyce_2016_7-768x823.jpg 768w\" sizes=\"auto, (max-width: 187px) 100vw, 187px\" \/><\/p>\n<p style=\"text-align: center;\"><em><strong>\u0160tefan Nagy<\/strong><\/em><\/p>\n<p style=\"text-align: center;\"><img loading=\"lazy\" decoding=\"async\" class=\"size-full wp-image-1170\" style=\"margin-right: auto; margin-left: auto; display: block;\" src=\"https:\/\/sgp.geodezja.org.pl\/wp-content\/uploads\/2016\/05\/XXII_DNI_Geodezji_Koszyce_2016_8.jpg\" alt=\"\" width=\"199\" height=\"200\" srcset=\"https:\/\/sgp.geodezja.org.pl\/wp-content\/uploads\/2016\/05\/XXII_DNI_Geodezji_Koszyce_2016_8.jpg 994w, https:\/\/sgp.geodezja.org.pl\/wp-content\/uploads\/2016\/05\/XXII_DNI_Geodezji_Koszyce_2016_8-325x325.jpg 325w, https:\/\/sgp.geodezja.org.pl\/wp-content\/uploads\/2016\/05\/XXII_DNI_Geodezji_Koszyce_2016_8-100x100.jpg 100w, https:\/\/sgp.geodezja.org.pl\/wp-content\/uploads\/2016\/05\/XXII_DNI_Geodezji_Koszyce_2016_8-800x805.jpg 800w, https:\/\/sgp.geodezja.org.pl\/wp-content\/uploads\/2016\/05\/XXII_DNI_Geodezji_Koszyce_2016_8-298x300.jpg 298w, https:\/\/sgp.geodezja.org.pl\/wp-content\/uploads\/2016\/05\/XXII_DNI_Geodezji_Koszyce_2016_8-150x150.jpg 150w, https:\/\/sgp.geodezja.org.pl\/wp-content\/uploads\/2016\/05\/XXII_DNI_Geodezji_Koszyce_2016_8-768x773.jpg 768w\" sizes=\"auto, (max-width: 199px) 100vw, 199px\" \/><\/p>\n<p style=\"text-align: center;\"><em><strong>\u013dubica Hudecov\u00e1, \u0160tefan Luc\u00e1\u010d<\/strong><\/em><\/p>\n<p style=\"text-align: justify;\"><strong>D<\/strong>okonania s\u0142u\u017cby geodezyjnej i kartograficznej kraj\u00f3w uczestnicz\u0105cych w XXII Mi\u0119dzynarodowych Dniach Geodezji by\u0142y przedmiotem wyst\u0105pie\u0144 szef\u00f3w tych s\u0142u\u017cb.<br \/><strong><em>M<\/em><\/strong><em>\u00e1ria Frindrichov\u00e1 <\/em>(predsedn\u00ed\u010dka \u00daradu geod\u00e9zie, kartografie a katastra Slovenskej republiky) w wyst\u0105pieniu, kt\u00f3re zarysowa\u0142o dokonania s\u0142u\u017cby geodezyjnej i kartograficznej Republiki S\u0142owackiej w ostatnich dwunastu miesi\u0105cach, g\u0142\u00f3wny akcent zosta\u0142 po\u0142o\u017cony na podj\u0119te dzia\u0142ania powoduj\u0105ce aktualizowanie i klasyfikowanie danych przestrzennych, wchodz\u0105cych w zakres katastru nieruchomo\u015bci. Wskazano na post\u0119p w tworzeniu katastralnych map wektorowych i baz danych przestrzennych, rozw\u00f3j baz metadanych, wzrost dost\u0119pno\u015bci do danych katastralnych poprzez portal <em>ESKN<\/em>. Zasygnalizowano now\u0105 koncepcj\u0119 sprawnego rozstrzygania spor\u00f3w granicznych. W\u015br\u00f3d g\u0142\u00f3wnych zamierze\u0144 Urz\u0119du jest u\u0142atwienie dost\u0119pu do danych przestrzennych i poszerzenie ich katalogu.<br \/><strong><em>K<\/em><\/strong><em>azimierz Bujakowski <\/em>(G\u0142\u00f3wny Geodeta Kraju Prezes GUGiK) przekaza\u0142 <em>\u201ekilka informacji na temat budowy baz danych przestrzennych, kt\u00f3re mog\u0105 by\u0107 bazami referencyjnymi dla innych baz\u201d. <\/em>W Polsce celem infrastruktury informacji przestrzennej jest wprowadzenie w tej sferze porz\u0105dku. Temu s\u0142u\u017cy d\u0105\u017cenie do osi\u0105gania interoperacyjno\u015bci zbior\u00f3w danych przestrzennych, metadanych i us\u0142ug danych przestrzennych, w procesie harmonizacji prowadz\u0105cym do wsp\u00f3\u0142dzia\u0142ania tych komponent\u00f3w.<\/p>\n<p><img loading=\"lazy\" decoding=\"async\" class=\"size-full wp-image-1171\" style=\"margin-right: auto; margin-left: auto; display: block;\" src=\"https:\/\/sgp.geodezja.org.pl\/wp-content\/uploads\/2016\/05\/XXII_DNI_Geodezji_Koszyce_2016_9.jpg\" alt=\"\" width=\"107\" height=\"200\" srcset=\"https:\/\/sgp.geodezja.org.pl\/wp-content\/uploads\/2016\/05\/XXII_DNI_Geodezji_Koszyce_2016_9.jpg 536w, https:\/\/sgp.geodezja.org.pl\/wp-content\/uploads\/2016\/05\/XXII_DNI_Geodezji_Koszyce_2016_9-161x300.jpg 161w\" sizes=\"auto, (max-width: 107px) 100vw, 107px\" \/><\/p>\n<p style=\"text-align: center;\"><em><strong>M\u00e1ria Frindrichov\u00e1<\/strong><\/em><\/p>\n<p style=\"text-align: center;\"><img loading=\"lazy\" decoding=\"async\" class=\"size-full wp-image-1172\" style=\"margin-right: auto; margin-left: auto; display: block;\" src=\"https:\/\/sgp.geodezja.org.pl\/wp-content\/uploads\/2016\/05\/XXII_DNI_Geodezji_Koszyce_2016_10.jpg\" alt=\"\" width=\"200\" height=\"126\" srcset=\"https:\/\/sgp.geodezja.org.pl\/wp-content\/uploads\/2016\/05\/XXII_DNI_Geodezji_Koszyce_2016_10.jpg 1500w, https:\/\/sgp.geodezja.org.pl\/wp-content\/uploads\/2016\/05\/XXII_DNI_Geodezji_Koszyce_2016_10-800x505.jpg 800w, https:\/\/sgp.geodezja.org.pl\/wp-content\/uploads\/2016\/05\/XXII_DNI_Geodezji_Koszyce_2016_10-300x189.jpg 300w, https:\/\/sgp.geodezja.org.pl\/wp-content\/uploads\/2016\/05\/XXII_DNI_Geodezji_Koszyce_2016_10-1024x646.jpg 1024w, https:\/\/sgp.geodezja.org.pl\/wp-content\/uploads\/2016\/05\/XXII_DNI_Geodezji_Koszyce_2016_10-768x484.jpg 768w\" sizes=\"auto, (max-width: 200px) 100vw, 200px\" \/><\/p>\n<p style=\"text-align: center;\"><strong><em>uczestnicy konferencji podczas wyk\u0142adu<\/em><\/strong><\/p>\n<p style=\"text-align: justify;\"><strong>Z<\/strong>budowanie Infrastruktury Informacji Przestrzennej (IIP) jest zadaniem zapisanym w Strategii Rozwoju Kraju 2020, stanowi\u0105cej g\u0142\u00f3wn\u0105 strategi\u0119 rozwojow\u0105 Polski do 2020 roku. IIP jest fundamentalnym elementem w budowaniu pa\u0144stwa cyfrowego, z elektroniczn\u0105 administracj\u0105 i elektronicznymi us\u0142ugami publicznymi. Z uwagi na szczup\u0142o\u015b\u0107 \u015brodk\u00f3w finansowych s\u0142u\u017cba geodezyjna podj\u0119\u0142a dzia\u0142ania, kt\u00f3re skutkowa\u0142y wykorzystaniem \u015brodk\u00f3w unijnych.<\/p>\n<p><img loading=\"lazy\" decoding=\"async\" class=\"size-full wp-image-1173\" style=\"margin-right: auto; margin-left: auto; display: block;\" src=\"https:\/\/sgp.geodezja.org.pl\/wp-content\/uploads\/2016\/05\/XXII_DNI_Geodezji_Koszyce_2016_11.jpg\" alt=\"\" width=\"130\" height=\"200\" srcset=\"https:\/\/sgp.geodezja.org.pl\/wp-content\/uploads\/2016\/05\/XXII_DNI_Geodezji_Koszyce_2016_11.jpg 652w, https:\/\/sgp.geodezja.org.pl\/wp-content\/uploads\/2016\/05\/XXII_DNI_Geodezji_Koszyce_2016_11-196x300.jpg 196w\" sizes=\"auto, (max-width: 130px) 100vw, 130px\" \/><\/p>\n<p style=\"text-align: center;\"><em><strong>Kazimierz Bujakowski<\/strong><\/em><\/p>\n<p style=\"text-align: center;\"><img loading=\"lazy\" decoding=\"async\" class=\"size-full wp-image-1174\" style=\"margin-right: auto; margin-left: auto; display: block;\" src=\"https:\/\/sgp.geodezja.org.pl\/wp-content\/uploads\/2016\/05\/XXII_DNI_Geodezji_Koszyce_2016_12.jpg\" alt=\"\" width=\"200\" height=\"171\" srcset=\"https:\/\/sgp.geodezja.org.pl\/wp-content\/uploads\/2016\/05\/XXII_DNI_Geodezji_Koszyce_2016_12.jpg 1172w, https:\/\/sgp.geodezja.org.pl\/wp-content\/uploads\/2016\/05\/XXII_DNI_Geodezji_Koszyce_2016_12-800x683.jpg 800w, https:\/\/sgp.geodezja.org.pl\/wp-content\/uploads\/2016\/05\/XXII_DNI_Geodezji_Koszyce_2016_12-300x256.jpg 300w, https:\/\/sgp.geodezja.org.pl\/wp-content\/uploads\/2016\/05\/XXII_DNI_Geodezji_Koszyce_2016_12-1024x874.jpg 1024w, https:\/\/sgp.geodezja.org.pl\/wp-content\/uploads\/2016\/05\/XXII_DNI_Geodezji_Koszyce_2016_12-768x655.jpg 768w\" sizes=\"auto, (max-width: 200px) 100vw, 200px\" \/><\/p>\n<p style=\"text-align: center;\"><em><strong>Karel Ve\u010de\u0159e<\/strong><\/em><\/p>\n<p style=\"text-align: justify;\"><strong>W<\/strong>\u015br\u00f3d zrealizowanych projekt\u00f3w ze szczeg\u00f3ln\u0105 uwag\u0105 zosta\u0142 zarysowany projekt Georeferencyjnej Bazy Danych Obiekt\u00f3w Topograficznych, kt\u00f3ry wraz z <em>\u201ekrajowym systemem zarz\u0105dzania by\u0142 najwi\u0119kszym realizowanym w Polsce przedsi\u0119wzi\u0119ciem geodezyjno-informatycznym w zakresie budowy zharmonizowanej bazy danych\u201d. <\/em>Zawiera ona informacje o lokalizacji obiekt\u00f3w przestrzennych i zjawisk na obszarze ca\u0142ego kraju, w jednym modelu. Projekt by\u0142 wykonywany we wsp\u00f3\u0142dzia\u0142aniu ze s\u0142u\u017cbami Czech, S\u0142owacji i Niemiec, w celu opracowania jednolitych map topograficznych. Kolejne projekty om\u00f3wione w wyst\u0105pieniu to Zintegrowany System Informacji o Nieruchomo\u015bciach (maj\u0105cy na celu podniesienie jako\u015bci danych ewidencji grunt\u00f3w i budynk\u00f3w), TERYT 3 (s\u0142u\u017c\u0105cy rozbudowie system\u00f3w do prowadzenia rejestr\u00f3w adresowych).<\/p>\n<p style=\"text-align: center;\"><img loading=\"lazy\" decoding=\"async\" class=\"size-full wp-image-1175\" style=\"margin-right: auto; margin-left: auto; display: block;\" src=\"https:\/\/sgp.geodezja.org.pl\/wp-content\/uploads\/2016\/05\/XXII_DNI_Geodezji_Koszyce_2016_13.jpg\" alt=\"\" width=\"200\" height=\"132\" srcset=\"https:\/\/sgp.geodezja.org.pl\/wp-content\/uploads\/2016\/05\/XXII_DNI_Geodezji_Koszyce_2016_13.jpg 1500w, https:\/\/sgp.geodezja.org.pl\/wp-content\/uploads\/2016\/05\/XXII_DNI_Geodezji_Koszyce_2016_13-800x527.jpg 800w, https:\/\/sgp.geodezja.org.pl\/wp-content\/uploads\/2016\/05\/XXII_DNI_Geodezji_Koszyce_2016_13-300x198.jpg 300w, https:\/\/sgp.geodezja.org.pl\/wp-content\/uploads\/2016\/05\/XXII_DNI_Geodezji_Koszyce_2016_13-1024x674.jpg 1024w, https:\/\/sgp.geodezja.org.pl\/wp-content\/uploads\/2016\/05\/XXII_DNI_Geodezji_Koszyce_2016_13-768x506.jpg 768w\" sizes=\"auto, (max-width: 200px) 100vw, 200px\" \/><\/p>\n<p style=\"text-align: center;\"><em><strong>Helena Ry\u0161kov\u00e1, Jan Ceg\u0142a<\/strong><\/em><\/p>\n<p style=\"text-align: center;\"><img loading=\"lazy\" decoding=\"async\" class=\"size-full wp-image-1176\" style=\"margin-right: auto; margin-left: auto; display: block;\" src=\"https:\/\/sgp.geodezja.org.pl\/wp-content\/uploads\/2016\/05\/XXII_DNI_Geodezji_Koszyce_2016_14.jpg\" alt=\"\" width=\"200\" height=\"129\" srcset=\"https:\/\/sgp.geodezja.org.pl\/wp-content\/uploads\/2016\/05\/XXII_DNI_Geodezji_Koszyce_2016_14.jpg 1500w, https:\/\/sgp.geodezja.org.pl\/wp-content\/uploads\/2016\/05\/XXII_DNI_Geodezji_Koszyce_2016_14-800x516.jpg 800w, https:\/\/sgp.geodezja.org.pl\/wp-content\/uploads\/2016\/05\/XXII_DNI_Geodezji_Koszyce_2016_14-300x193.jpg 300w, https:\/\/sgp.geodezja.org.pl\/wp-content\/uploads\/2016\/05\/XXII_DNI_Geodezji_Koszyce_2016_14-1024x660.jpg 1024w, https:\/\/sgp.geodezja.org.pl\/wp-content\/uploads\/2016\/05\/XXII_DNI_Geodezji_Koszyce_2016_14-768x495.jpg 768w\" sizes=\"auto, (max-width: 200px) 100vw, 200px\" \/><\/p>\n<p style=\"text-align: center;\"><em><strong>V\u00e1clav \u0160anda, Jana Chudobov\u00e1, prof. Andrzej Pachuta<\/strong><\/em><\/p>\n<p style=\"text-align: justify;\"><strong>P<\/strong>rojekt ZSIN stanowi\u0107 ma podstawow\u0105 baz\u0119 danych o nieruchomo\u015bciach i w\u0142a\u015bcicielach nieruchomo\u015bci. W wyniku powstania tego systemu powstanie centralne repozytorium ewidencji grunt\u00f3w i budynk\u00f3w. Dane w tym rejestrze b\u0119d\u0105 aktualizowane zmianami powstaj\u0105cymi w powiatach. Informatyczny System Os\u0142ony Kraju jest projektem polegaj\u0105cym na budowaniu referencyjnych, zharmonizowanych i interoperacyjnych baz danych przestrzennych, z powszechnym do nich dost\u0119pem za pomoc\u0105 geoportalu.<\/p>\n<p style=\"text-align: center;\"><img loading=\"lazy\" decoding=\"async\" class=\"size-full wp-image-1177\" style=\"margin-right: auto; margin-left: auto; display: block;\" src=\"https:\/\/sgp.geodezja.org.pl\/wp-content\/uploads\/2016\/05\/XXII_DNI_Geodezji_Koszyce_2016_15.jpg\" alt=\"\" width=\"156\" height=\"200\" srcset=\"https:\/\/sgp.geodezja.org.pl\/wp-content\/uploads\/2016\/05\/XXII_DNI_Geodezji_Koszyce_2016_15.jpg 781w, https:\/\/sgp.geodezja.org.pl\/wp-content\/uploads\/2016\/05\/XXII_DNI_Geodezji_Koszyce_2016_15-234x300.jpg 234w, https:\/\/sgp.geodezja.org.pl\/wp-content\/uploads\/2016\/05\/XXII_DNI_Geodezji_Koszyce_2016_15-768x983.jpg 768w\" sizes=\"auto, (max-width: 156px) 100vw, 156px\" \/><\/p>\n<p style=\"text-align: center;\"><em><strong>Odeta Poldaufov\u00e1<\/strong><\/em><\/p>\n<p><img loading=\"lazy\" decoding=\"async\" class=\"size-full wp-image-1178\" style=\"margin-right: auto; margin-left: auto; display: block;\" src=\"https:\/\/sgp.geodezja.org.pl\/wp-content\/uploads\/2016\/05\/XXII_DNI_Geodezji_Koszyce_2016_16.jpg\" alt=\"\" width=\"173\" height=\"200\" srcset=\"https:\/\/sgp.geodezja.org.pl\/wp-content\/uploads\/2016\/05\/XXII_DNI_Geodezji_Koszyce_2016_16.jpg 863w, https:\/\/sgp.geodezja.org.pl\/wp-content\/uploads\/2016\/05\/XXII_DNI_Geodezji_Koszyce_2016_16-800x927.jpg 800w, https:\/\/sgp.geodezja.org.pl\/wp-content\/uploads\/2016\/05\/XXII_DNI_Geodezji_Koszyce_2016_16-259x300.jpg 259w, https:\/\/sgp.geodezja.org.pl\/wp-content\/uploads\/2016\/05\/XXII_DNI_Geodezji_Koszyce_2016_16-768x890.jpg 768w\" sizes=\"auto, (max-width: 173px) 100vw, 173px\" \/><\/p>\n<p style=\"text-align: center;\"><strong>\u013dubica Hudecov\u00e1<\/strong><\/p>\n<p style=\"text-align: justify;\"><strong>P<\/strong>oza dzia\u0142aniami zwi\u0105zanymi z tworzeniem i rozbudowywaniem baz danych przestrzennych G\u0142\u00f3wny Urz\u0105d Geodezji i Kartografii zajmuje si\u0119 aktualizowaniem przepis\u00f3w prawa. Nowe projekty podj\u0119te w Urz\u0119dzie to Centrum Analiz Przestrzennych Administracji Publicznej (CAPAP), Krajowa Baza Danych Geodezyjnej Ewidencji Sieci Uzbrojenia Terenu (K-GESUT) oraz ZSIN \u2013 Faza II. W\u015br\u00f3d problem\u00f3w, z kt\u00f3rymi boryka si\u0119 Urz\u0105d wymieniono: wyniszczaj\u0105c\u0105 firmy konkurencj\u0119 na rynku geodezyjnym, niewystarczaj\u0105ce finansowanie dzia\u0142a\u0144 geodezji przez samorz\u0105dy, <em>\u201enadregulacj\u0119<\/em> <em>prawn\u0105\u201d<\/em> oraz nadmiern\u0105 ilo\u015b\u0107 fachowc\u00f3w. Wyzwaniem dla Urz\u0119du jest pozyskanie \u015brodk\u00f3w finansowych na realizacje opisanych wy\u017cej projekt\u00f3w.<\/p>\n<p style=\"text-align: center;\"><img loading=\"lazy\" decoding=\"async\" class=\"size-full wp-image-1179\" style=\"margin-right: auto; margin-left: auto; display: block;\" src=\"https:\/\/sgp.geodezja.org.pl\/wp-content\/uploads\/2016\/05\/XXII_DNI_Geodezji_Koszyce_2016_17.jpg\" alt=\"\" width=\"175\" height=\"200\" srcset=\"https:\/\/sgp.geodezja.org.pl\/wp-content\/uploads\/2016\/05\/XXII_DNI_Geodezji_Koszyce_2016_17.jpg 874w, https:\/\/sgp.geodezja.org.pl\/wp-content\/uploads\/2016\/05\/XXII_DNI_Geodezji_Koszyce_2016_17-800x915.jpg 800w, https:\/\/sgp.geodezja.org.pl\/wp-content\/uploads\/2016\/05\/XXII_DNI_Geodezji_Koszyce_2016_17-262x300.jpg 262w, https:\/\/sgp.geodezja.org.pl\/wp-content\/uploads\/2016\/05\/XXII_DNI_Geodezji_Koszyce_2016_17-768x879.jpg 768w\" sizes=\"auto, (max-width: 175px) 100vw, 175px\" \/><\/p>\n<p style=\"text-align: center;\"><em><strong>Peter Katona<\/strong><\/em><\/p>\n<p style=\"text-align: center;\"><img loading=\"lazy\" decoding=\"async\" class=\"size-full wp-image-1180\" style=\"margin-right: auto; margin-left: auto; display: block;\" src=\"https:\/\/sgp.geodezja.org.pl\/wp-content\/uploads\/2016\/05\/XXII_DNI_Geodezji_Koszyce_2016_18.jpg\" alt=\"\" width=\"200\" height=\"152\" srcset=\"https:\/\/sgp.geodezja.org.pl\/wp-content\/uploads\/2016\/05\/XXII_DNI_Geodezji_Koszyce_2016_18.jpg 1314w, https:\/\/sgp.geodezja.org.pl\/wp-content\/uploads\/2016\/05\/XXII_DNI_Geodezji_Koszyce_2016_18-800x609.jpg 800w, https:\/\/sgp.geodezja.org.pl\/wp-content\/uploads\/2016\/05\/XXII_DNI_Geodezji_Koszyce_2016_18-300x228.jpg 300w, https:\/\/sgp.geodezja.org.pl\/wp-content\/uploads\/2016\/05\/XXII_DNI_Geodezji_Koszyce_2016_18-1024x779.jpg 1024w, https:\/\/sgp.geodezja.org.pl\/wp-content\/uploads\/2016\/05\/XXII_DNI_Geodezji_Koszyce_2016_18-768x584.jpg 768w\" sizes=\"auto, (max-width: 200px) 100vw, 200px\" \/><\/p>\n<p style=\"text-align: center;\"><em><strong>Du\u0161an Feriac, Vaclav \u0160anda, Stanis\u0142aw Cegielski<\/strong><\/em><\/p>\n<p style=\"text-align: justify;\"><strong><em>K<\/em><\/strong><em>arel Ve\u010de\u0159e <\/em>(p\u0159edseda \u010cesk\u00e9ho \u00fa\u0159adu zem\u011bm\u011b\u0159ick\u00e9ho a katastr\u00e1ln\u00edho) wypowiedzia\u0142 si\u0119 z pewn\u0105 refleksyjno\u015bci\u0105 na temat odbywanych spotka\u0144 geodet\u00f3w trzech s\u0105siednich kraj\u00f3w, m\u00f3wi\u0105c <em>\u201erok po roku prezentujemy tu to, co si\u0119 nam udaje, czego nie osi\u0105gamy i co by\u015bmy chcieli uzyska\u0107\u201d. <br \/><\/em><strong>P<\/strong>rzechodz\u0105c do tematyki wyst\u0105pienia <em>Karel Ve\u010de\u0159e <\/em>przedstawi\u0142 dokonania maj\u0105ce na celu ujawnienie w katastrze nieruchomo\u015bci praw do w\u0142asno\u015bci. Om\u00f3wi\u0142 nowe obszary us\u0142ug elektronicznych oraz post\u0119p w digitalizacji danych przestrzennych i map katastralnych (92%). S\u0142u\u017cba geodezyjna podj\u0119\u0142a czwarty cykl aktualizacji baz danych przestrzennych. W Czechach trwa dyskusja nad powo\u0142aniem samorz\u0105dowej izby geodezyjnej.<\/p>\n<p style=\"text-align: justify;\"><strong>W<\/strong>iecz\u00f3r pierwszego dnia konferencji to uroczysta kolacja i radosna zabawa, urozmaicona brawurowym wykonaniem pie\u015bni niezapomnianego Armstronga oraz popisowym wyst\u0119pem instrumentalnego zespo\u0142u folklorystycznego.<\/p>\n<p><img loading=\"lazy\" decoding=\"async\" class=\"size-full wp-image-1181\" style=\"margin-right: auto; margin-left: auto; display: block;\" src=\"https:\/\/sgp.geodezja.org.pl\/wp-content\/uploads\/2016\/05\/XXII_DNI_Geodezji_Koszyce_2016_19.jpg\" alt=\"\" width=\"176\" height=\"200\" srcset=\"https:\/\/sgp.geodezja.org.pl\/wp-content\/uploads\/2016\/05\/XXII_DNI_Geodezji_Koszyce_2016_19.jpg 879w, https:\/\/sgp.geodezja.org.pl\/wp-content\/uploads\/2016\/05\/XXII_DNI_Geodezji_Koszyce_2016_19-800x910.jpg 800w, https:\/\/sgp.geodezja.org.pl\/wp-content\/uploads\/2016\/05\/XXII_DNI_Geodezji_Koszyce_2016_19-264x300.jpg 264w, https:\/\/sgp.geodezja.org.pl\/wp-content\/uploads\/2016\/05\/XXII_DNI_Geodezji_Koszyce_2016_19-768x874.jpg 768w\" sizes=\"auto, (max-width: 176px) 100vw, 176px\" \/><\/p>\n<p style=\"text-align: center;\"><em><strong>Alicja Kulka<\/strong><\/em><\/p>\n<p style=\"text-align: center;\"><img loading=\"lazy\" decoding=\"async\" class=\"size-full wp-image-1182\" style=\"margin-right: auto; margin-left: auto; display: block;\" src=\"https:\/\/sgp.geodezja.org.pl\/wp-content\/uploads\/2016\/05\/XXII_DNI_Geodezji_Koszyce_2016_20.jpg\" alt=\"\" width=\"200\" height=\"119\" srcset=\"https:\/\/sgp.geodezja.org.pl\/wp-content\/uploads\/2016\/05\/XXII_DNI_Geodezji_Koszyce_2016_20.jpg 1500w, https:\/\/sgp.geodezja.org.pl\/wp-content\/uploads\/2016\/05\/XXII_DNI_Geodezji_Koszyce_2016_20-800x477.jpg 800w, https:\/\/sgp.geodezja.org.pl\/wp-content\/uploads\/2016\/05\/XXII_DNI_Geodezji_Koszyce_2016_20-300x179.jpg 300w, https:\/\/sgp.geodezja.org.pl\/wp-content\/uploads\/2016\/05\/XXII_DNI_Geodezji_Koszyce_2016_20-1024x611.jpg 1024w, https:\/\/sgp.geodezja.org.pl\/wp-content\/uploads\/2016\/05\/XXII_DNI_Geodezji_Koszyce_2016_20-768x458.jpg 768w\" sizes=\"auto, (max-width: 200px) 100vw, 200px\" \/><\/p>\n<p style=\"text-align: center;\"><em><strong>Karel Ve\u010de\u0159e, Kazimierz Bujakowski, \u0160tefan Luc\u00e1\u010d <\/strong><\/em><\/p>\n<p style=\"text-align: justify;\"><strong>T<\/strong>ematyka obrad drugiego dnia konferencji przybli\u017ca\u0142a problemy ograniczonych praw rzeczowych na nieruchomo\u015bciach oraz przepis\u00f3w reguluj\u0105cych mo\u017cliwo\u015bci wykorzystywania lataj\u0105cych aparat\u00f3w bezza\u0142ogowych (dron\u00f3w).<\/p>\n<p style=\"text-align: justify;\"><strong><em>O<\/em><\/strong><em>deta Poldaufov\u00e1, Peter Katona <\/em>(\u00daGKK SR) przedstawili zagadnienie ograniczonych praw rzeczowych jakie wyst\u0119puj\u0105 na S\u0142owacji. Przywo\u0142ano aspekt historyczny tego prawa, wyra\u017caj\u0105cy si\u0119 w poj\u0119ciach <em>\u201es\u0142u\u017cebno\u015bci\u201d <\/em>i <em>\u201eobci\u0105\u017ceniu rzeczowym\u201d <\/em>oraz wsp\u00f3\u0142cze\u015bnie obowi\u0105zuj\u0105ce przepisy prawa. Wskazano na podmiotowy i przedmiotowy zakres i skutki ograniczonego prawa rzeczowego oraz na ujawnianie tego prawa w katastrze nieruchomo\u015bci.<\/p>\n<p style=\"text-align: center;\"><img loading=\"lazy\" decoding=\"async\" class=\"size-full wp-image-1183\" style=\"margin-right: auto; margin-left: auto; display: block;\" src=\"https:\/\/sgp.geodezja.org.pl\/wp-content\/uploads\/2016\/05\/XXII_DNI_Geodezji_Koszyce_2016_21.jpg\" alt=\"\" width=\"151\" height=\"200\" srcset=\"https:\/\/sgp.geodezja.org.pl\/wp-content\/uploads\/2016\/05\/XXII_DNI_Geodezji_Koszyce_2016_21.jpg 754w, https:\/\/sgp.geodezja.org.pl\/wp-content\/uploads\/2016\/05\/XXII_DNI_Geodezji_Koszyce_2016_21-226x300.jpg 226w\" sizes=\"auto, (max-width: 151px) 100vw, 151px\" \/><\/p>\n<p style=\"text-align: center;\"><em><strong>Eva Bare\u0161ov\u00e1<\/strong><\/em><\/p>\n<p style=\"text-align: center;\"><img loading=\"lazy\" decoding=\"async\" class=\"size-full wp-image-1184\" style=\"margin-right: auto; margin-left: auto; display: block;\" src=\"https:\/\/sgp.geodezja.org.pl\/wp-content\/uploads\/2016\/05\/XXII_DNI_Geodezji_Koszyce_2016_22.jpg\" alt=\"\" width=\"171\" height=\"200\" srcset=\"https:\/\/sgp.geodezja.org.pl\/wp-content\/uploads\/2016\/05\/XXII_DNI_Geodezji_Koszyce_2016_22.jpg 856w, https:\/\/sgp.geodezja.org.pl\/wp-content\/uploads\/2016\/05\/XXII_DNI_Geodezji_Koszyce_2016_22-800x935.jpg 800w, https:\/\/sgp.geodezja.org.pl\/wp-content\/uploads\/2016\/05\/XXII_DNI_Geodezji_Koszyce_2016_22-257x300.jpg 257w, https:\/\/sgp.geodezja.org.pl\/wp-content\/uploads\/2016\/05\/XXII_DNI_Geodezji_Koszyce_2016_22-768x897.jpg 768w\" sizes=\"auto, (max-width: 171px) 100vw, 171px\" \/><\/p>\n<p style=\"text-align: center;\"><em><strong>\u013dubislav Michal\u00edk<\/strong><\/em><\/p>\n<p>\u00a0<\/p>\n<p style=\"text-align: justify;\"><strong><em>A<\/em><\/strong><em>licja Kulka<\/em> (Wojew\u00f3dzki O\u015brodek Dokumentacji Geodezyjnej i Kartograficznej w Katowicach) da\u0142a szeroki przegl\u0105d, poparty przyk\u0142adami, dzia\u0142ania ograniczonego prawa rzeczowego i w\u0105tpliwo\u015bci, jakie wywo\u0142uje ich stosowanie (np. prawo przesy\u0142u). W wyst\u0105pieniu znalaz\u0142o si\u0119 odniesienie do u\u017cytkowania wieczystego nieruchomo\u015bci i zwi\u0105zane z tym prawo do jej zabudowy.<\/p>\n<p style=\"text-align: center;\"><img loading=\"lazy\" decoding=\"async\" class=\"size-full wp-image-1185\" style=\"margin-right: auto; margin-left: auto; display: block;\" src=\"https:\/\/sgp.geodezja.org.pl\/wp-content\/uploads\/2016\/05\/XXII_DNI_Geodezji_Koszyce_2016_23.jpg\" alt=\"\" width=\"169\" height=\"200\" srcset=\"https:\/\/sgp.geodezja.org.pl\/wp-content\/uploads\/2016\/05\/XXII_DNI_Geodezji_Koszyce_2016_23.jpg 845w, https:\/\/sgp.geodezja.org.pl\/wp-content\/uploads\/2016\/05\/XXII_DNI_Geodezji_Koszyce_2016_23-800x947.jpg 800w, https:\/\/sgp.geodezja.org.pl\/wp-content\/uploads\/2016\/05\/XXII_DNI_Geodezji_Koszyce_2016_23-254x300.jpg 254w, https:\/\/sgp.geodezja.org.pl\/wp-content\/uploads\/2016\/05\/XXII_DNI_Geodezji_Koszyce_2016_23-768x909.jpg 768w\" sizes=\"auto, (max-width: 169px) 100vw, 169px\" \/><\/p>\n<p style=\"text-align: center;\"><em><strong>Miros\u0142aw Pawelec<\/strong><\/em><\/p>\n<p style=\"text-align: center;\"><img loading=\"lazy\" decoding=\"async\" class=\"size-full wp-image-1186\" style=\"margin-right: auto; margin-left: auto; display: block;\" src=\"https:\/\/sgp.geodezja.org.pl\/wp-content\/uploads\/2016\/05\/XXII_DNI_Geodezji_Koszyce_2016_24.jpg\" alt=\"\" width=\"168\" height=\"200\" srcset=\"https:\/\/sgp.geodezja.org.pl\/wp-content\/uploads\/2016\/05\/XXII_DNI_Geodezji_Koszyce_2016_24.jpg 840w, https:\/\/sgp.geodezja.org.pl\/wp-content\/uploads\/2016\/05\/XXII_DNI_Geodezji_Koszyce_2016_24-800x952.jpg 800w, https:\/\/sgp.geodezja.org.pl\/wp-content\/uploads\/2016\/05\/XXII_DNI_Geodezji_Koszyce_2016_24-252x300.jpg 252w, https:\/\/sgp.geodezja.org.pl\/wp-content\/uploads\/2016\/05\/XXII_DNI_Geodezji_Koszyce_2016_24-768x914.jpg 768w\" sizes=\"auto, (max-width: 168px) 100vw, 168px\" \/><\/p>\n<p style=\"text-align: center;\"><em><strong>Darina Norovsk\u00e1<\/strong><\/em><\/p>\n<p style=\"text-align: justify;\"><strong>W<\/strong>skazano te\u017c na pewne kwestie wymagaj\u0105ce rozwi\u0105za\u0144 prawnych i technicznych, np. jak zarejestrowa\u0107 w katastrze nieruchomo\u015b\u0107 umiejscowion\u0105 w przestrzeni tr\u00f3jwymiarowej (<em>\u201erodzi si\u0119 potrzeba budowy katastru 3D\u201d<\/em>)? Brak narz\u0119dzi prawnych w formie <em>\u201ekatastru 3D\u201d <\/em>uniemo\u017cliwia zabudow\u0119 przestrzeni w wykopie kolejowym i nad nim, co nasuwa pytanie o mo\u017cliwo\u015b\u0107 wzniesienia budowli<em> \u201enad powierzchni\u0105 cudzego gruntu\u201d? <\/em>Skonstatowano, \u017ce <em>\u201eistnieje potrzeba utworzenia katastru pozwalaj\u0105cego rejestrowa\u0107 obiekty wielowymiarowe\u201d.<\/em><\/p>\n<p style=\"text-align: center;\"><em><img loading=\"lazy\" decoding=\"async\" class=\"size-full wp-image-1187\" style=\"margin-right: auto; margin-left: auto; display: block;\" src=\"https:\/\/sgp.geodezja.org.pl\/wp-content\/uploads\/2016\/05\/XXII_DNI_Geodezji_Koszyce_2016_25.jpg\" alt=\"\" width=\"149\" height=\"200\" srcset=\"https:\/\/sgp.geodezja.org.pl\/wp-content\/uploads\/2016\/05\/XXII_DNI_Geodezji_Koszyce_2016_25.jpg 744w, https:\/\/sgp.geodezja.org.pl\/wp-content\/uploads\/2016\/05\/XXII_DNI_Geodezji_Koszyce_2016_25-223x300.jpg 223w\" sizes=\"auto, (max-width: 149px) 100vw, 149px\" \/><\/em><\/p>\n<p style=\"text-align: center;\"><em><strong>Sebastian Banaszek<\/strong><\/em><\/p>\n<p style=\"text-align: center;\"><em><img loading=\"lazy\" decoding=\"async\" class=\"size-full wp-image-1188\" style=\"margin-right: auto; margin-left: auto; display: block;\" src=\"https:\/\/sgp.geodezja.org.pl\/wp-content\/uploads\/2016\/05\/XXII_DNI_Geodezji_Koszyce_2016_26.jpg\" alt=\"\" width=\"149\" height=\"200\" srcset=\"https:\/\/sgp.geodezja.org.pl\/wp-content\/uploads\/2016\/05\/XXII_DNI_Geodezji_Koszyce_2016_26.jpg 745w, https:\/\/sgp.geodezja.org.pl\/wp-content\/uploads\/2016\/05\/XXII_DNI_Geodezji_Koszyce_2016_26-224x300.jpg 224w\" sizes=\"auto, (max-width: 149px) 100vw, 149px\" \/><\/em><\/p>\n<p style=\"text-align: center;\"><em><strong>David Balhar<\/strong><\/em><\/p>\n<p style=\"text-align: justify;\"><strong><em>E<\/em><\/strong><em>va Bare\u0161ov\u00e1<\/em> ( \u010cesk\u00fd \u00fa\u0159ad zem\u011bm\u011b\u0159ick\u00fd a katastr\u00e1ln\u00ed, Praha) przywo\u0142a\u0142a prawa reguluj\u0105ce ograniczanie praw do korzystania z nieruchomo\u015bci, w tym prawa jej w\u0142a\u015bciciela, praw s\u0105siad\u00f3w, kwestii wi\u0105\u017c\u0105cych si\u0119 z wyw\u0142aszczeniem tego prawa, a tak\u017ce rejestrowania tych praw w katastrze nieruchomo\u015bci, poprzez wskazanie zobowi\u0105za\u0144 ci\u0105\u017c\u0105cych na nieruchomo\u015bci, np. s\u0142u\u017cebno\u015bci gruntowej.<\/p>\n<p style=\"text-align: center;\"><img loading=\"lazy\" decoding=\"async\" class=\"size-full wp-image-1189\" style=\"margin-right: auto; margin-left: auto; display: block;\" src=\"https:\/\/sgp.geodezja.org.pl\/wp-content\/uploads\/2016\/05\/XXII_DNI_Geodezji_Koszyce_2016_27.jpg\" alt=\"\" width=\"200\" height=\"196\" srcset=\"https:\/\/sgp.geodezja.org.pl\/wp-content\/uploads\/2016\/05\/XXII_DNI_Geodezji_Koszyce_2016_27.jpg 1018w, https:\/\/sgp.geodezja.org.pl\/wp-content\/uploads\/2016\/05\/XXII_DNI_Geodezji_Koszyce_2016_27-800x786.jpg 800w, https:\/\/sgp.geodezja.org.pl\/wp-content\/uploads\/2016\/05\/XXII_DNI_Geodezji_Koszyce_2016_27-300x295.jpg 300w, https:\/\/sgp.geodezja.org.pl\/wp-content\/uploads\/2016\/05\/XXII_DNI_Geodezji_Koszyce_2016_27-768x754.jpg 768w\" sizes=\"auto, (max-width: 200px) 100vw, 200px\" \/><\/p>\n<p style=\"text-align: center;\"><strong><em>Pawe\u0142 W\u00f3jcik<\/em><\/strong><\/p>\n<p style=\"text-align: center;\"><img loading=\"lazy\" decoding=\"async\" class=\"size-full wp-image-1190\" style=\"margin-right: auto; margin-left: auto; display: block;\" src=\"https:\/\/sgp.geodezja.org.pl\/wp-content\/uploads\/2016\/05\/XXII_DNI_Geodezji_Koszyce_2016_28.jpg\" alt=\"\" width=\"200\" height=\"130\" srcset=\"https:\/\/sgp.geodezja.org.pl\/wp-content\/uploads\/2016\/05\/XXII_DNI_Geodezji_Koszyce_2016_28.jpg 1500w, https:\/\/sgp.geodezja.org.pl\/wp-content\/uploads\/2016\/05\/XXII_DNI_Geodezji_Koszyce_2016_28-800x519.jpg 800w, https:\/\/sgp.geodezja.org.pl\/wp-content\/uploads\/2016\/05\/XXII_DNI_Geodezji_Koszyce_2016_28-300x195.jpg 300w, https:\/\/sgp.geodezja.org.pl\/wp-content\/uploads\/2016\/05\/XXII_DNI_Geodezji_Koszyce_2016_28-1024x665.jpg 1024w, https:\/\/sgp.geodezja.org.pl\/wp-content\/uploads\/2016\/05\/XXII_DNI_Geodezji_Koszyce_2016_28-768x499.jpg 768w\" sizes=\"auto, (max-width: 200px) 100vw, 200px\" \/><\/p>\n<p style=\"text-align: center;\"><em><strong>W drodze na tras\u0119 \u201ep\u00f3\u0142maratonu\u201d Jan Ceg\u0142a, Lenka Salyova, Stanis\u0142aw Cegielski<\/strong><\/em><\/p>\n<p style=\"text-align: justify;\"><strong><em>\u013d<\/em><\/strong><em>ubislav Michal\u00edk<\/em> (Geodetick\u00fd a kartografick\u00fd \u00fastav, Bratislava) przedstawi\u0142 stan obecny i zamierzenia w zakresie funkcjonowania s\u0142owackiego systemu GIS, wskazuj\u0105c na warunki jego funkcjonowania i prezentuj\u0105c wyniki w postaci mapy. Przywo\u0142a\u0142 zagadnienia kontroli jako\u015bci danych przestrzennych i ich generalizacji. Om\u00f3wi\u0142 funkcjonowanie portalu mapowego i mo\u017cliwo\u015bci korzystania z danych, a tak\u017ce zosta\u0142a zarysowana planowana aktywno\u015b\u0107 s\u0142u\u017cby w najbli\u017cszej przysz\u0142o\u015bci.<\/p>\n<p><img loading=\"lazy\" decoding=\"async\" class=\"size-full wp-image-1191\" style=\"margin-right: auto; margin-left: auto; display: block;\" src=\"https:\/\/sgp.geodezja.org.pl\/wp-content\/uploads\/2016\/05\/XXII_DNI_Geodezji_Koszyce_2016_29.jpg\" alt=\"\" width=\"200\" height=\"110\" srcset=\"https:\/\/sgp.geodezja.org.pl\/wp-content\/uploads\/2016\/05\/XXII_DNI_Geodezji_Koszyce_2016_29.jpg 1500w, https:\/\/sgp.geodezja.org.pl\/wp-content\/uploads\/2016\/05\/XXII_DNI_Geodezji_Koszyce_2016_29-800x440.jpg 800w, https:\/\/sgp.geodezja.org.pl\/wp-content\/uploads\/2016\/05\/XXII_DNI_Geodezji_Koszyce_2016_29-300x165.jpg 300w, https:\/\/sgp.geodezja.org.pl\/wp-content\/uploads\/2016\/05\/XXII_DNI_Geodezji_Koszyce_2016_29-1024x563.jpg 1024w, https:\/\/sgp.geodezja.org.pl\/wp-content\/uploads\/2016\/05\/XXII_DNI_Geodezji_Koszyce_2016_29-768x422.jpg 768w\" sizes=\"auto, (max-width: 200px) 100vw, 200px\" \/><\/p>\n<p style=\"text-align: center;\"><strong><em>\u2026 uczestnicy biegu po ulicach Koszyc na wsp\u00f3lne fotografii przed startem &#8230;<\/em><\/strong><\/p>\n<p style=\"text-align: center;\"><strong><em><img loading=\"lazy\" decoding=\"async\" class=\"size-full wp-image-1192\" src=\"https:\/\/sgp.geodezja.org.pl\/wp-content\/uploads\/2016\/05\/XXII_DNI_Geodezji_Koszyce_2016_30.jpg\" alt=\"\" width=\"200\" height=\"129\" srcset=\"https:\/\/sgp.geodezja.org.pl\/wp-content\/uploads\/2016\/05\/XXII_DNI_Geodezji_Koszyce_2016_30.jpg 1500w, https:\/\/sgp.geodezja.org.pl\/wp-content\/uploads\/2016\/05\/XXII_DNI_Geodezji_Koszyce_2016_30-800x518.jpg 800w, https:\/\/sgp.geodezja.org.pl\/wp-content\/uploads\/2016\/05\/XXII_DNI_Geodezji_Koszyce_2016_30-300x194.jpg 300w, https:\/\/sgp.geodezja.org.pl\/wp-content\/uploads\/2016\/05\/XXII_DNI_Geodezji_Koszyce_2016_30-1024x663.jpg 1024w, https:\/\/sgp.geodezja.org.pl\/wp-content\/uploads\/2016\/05\/XXII_DNI_Geodezji_Koszyce_2016_30-768x497.jpg 768w\" sizes=\"auto, (max-width: 200px) 100vw, 200px\" \/><\/em><\/strong><\/p>\n<p style=\"text-align: center;\"><strong> \u2026 i na starcie &#8230;<\/strong><\/p>\n<p style=\"text-align: justify;\"><strong><em>M<\/em><\/strong><em>iros\u0142aw Pawelec<\/em> (Bentley Systems) pracuj\u0105cy na rzecz geodet\u00f3w S\u0142owacji, Czech i Polski prezentuj\u0105c <em>\u201eco nowego w ostatnim czasie\u201d, <\/em>zauwa\u017cy\u0142, \u017ce <em>\u201erok 2016 przenosi nas w chmur\u0119 punkt\u00f3w\u201d. <\/em>Aktualnie proponowane przez firm\u0119 Bentley narz\u0119dzia umo\u017cliwiaj\u0105 projektowanie <em>\u201ew chmurach punkt\u00f3w\u201d, <\/em>pozwalaj\u0105 na zarz\u0105dzanie danymi przestrzennymi w postaci <em>\u201echmury punkt\u00f3w\u201d <\/em>oraz modelowanie rzeczywisto\u015bci na podstawie danych w takiej postaci. Drugim prezentowanym projektem jest <em>\u201eLumen RT\u201d<\/em>, kt\u00f3ry pozwala na pe\u0142n\u0105 przestrzenn\u0105 wizualizacj\u0119 terenu.<\/p>\n<p style=\"text-align: center;\"><img loading=\"lazy\" decoding=\"async\" class=\"size-full wp-image-1193\" style=\"margin-right: auto; margin-left: auto; display: block;\" src=\"https:\/\/sgp.geodezja.org.pl\/wp-content\/uploads\/2016\/05\/XXII_DNI_Geodezji_Koszyce_2016_31.jpg\" alt=\"\" width=\"200\" height=\"144\" srcset=\"https:\/\/sgp.geodezja.org.pl\/wp-content\/uploads\/2016\/05\/XXII_DNI_Geodezji_Koszyce_2016_31.jpg 1388w, https:\/\/sgp.geodezja.org.pl\/wp-content\/uploads\/2016\/05\/XXII_DNI_Geodezji_Koszyce_2016_31-800x576.jpg 800w, https:\/\/sgp.geodezja.org.pl\/wp-content\/uploads\/2016\/05\/XXII_DNI_Geodezji_Koszyce_2016_31-300x216.jpg 300w, https:\/\/sgp.geodezja.org.pl\/wp-content\/uploads\/2016\/05\/XXII_DNI_Geodezji_Koszyce_2016_31-1024x738.jpg 1024w, https:\/\/sgp.geodezja.org.pl\/wp-content\/uploads\/2016\/05\/XXII_DNI_Geodezji_Koszyce_2016_31-768x553.jpg 768w\" sizes=\"auto, (max-width: 200px) 100vw, 200px\" \/><\/p>\n<p style=\"text-align: center;\"><img loading=\"lazy\" decoding=\"async\" class=\"size-full wp-image-1194\" src=\"https:\/\/sgp.geodezja.org.pl\/wp-content\/uploads\/2016\/05\/XXII_DNI_Geodezji_Koszyce_2016_32.jpg\" alt=\"\" width=\"200\" height=\"171\" srcset=\"https:\/\/sgp.geodezja.org.pl\/wp-content\/uploads\/2016\/05\/XXII_DNI_Geodezji_Koszyce_2016_32.jpg 1167w, https:\/\/sgp.geodezja.org.pl\/wp-content\/uploads\/2016\/05\/XXII_DNI_Geodezji_Koszyce_2016_32-800x686.jpg 800w, https:\/\/sgp.geodezja.org.pl\/wp-content\/uploads\/2016\/05\/XXII_DNI_Geodezji_Koszyce_2016_32-300x257.jpg 300w, https:\/\/sgp.geodezja.org.pl\/wp-content\/uploads\/2016\/05\/XXII_DNI_Geodezji_Koszyce_2016_32-1024x877.jpg 1024w, https:\/\/sgp.geodezja.org.pl\/wp-content\/uploads\/2016\/05\/XXII_DNI_Geodezji_Koszyce_2016_32-768x658.jpg 768w\" sizes=\"auto, (max-width: 200px) 100vw, 200px\" \/><\/p>\n<p style=\"text-align: center;\"><strong><em>\u2026 uczestnicy \u201ep\u00f3\u0142maratonu\u201d na trasie biegu &#8230;<\/em><\/strong><\/p>\n<p style=\"text-align: justify;\"><strong><em>D<\/em><\/strong><em>arina Norovsk\u00e1<\/em> (Ministerstvo obrony SR, Bratislava) stwierdzi\u0142a, \u017ce w Republice S\u0142owacji wyra\u017cenie zgody na pozyskiwanie zobrazowa\u0144 lotniczych pozostaje w kompetencji ministerstwa obrony. Ono wydaje zezwolenia na naloty i jest jedynym urz\u0119dem posiadaj\u0105cym takie kompetencje. Te stwierdzenia by\u0142y poparte przedstawieniem przepis\u00f3w prawa, obowi\u0105zuj\u0105cych w S\u0142owacji.<\/p>\n<p style=\"text-align: justify;\"><strong><em>S<\/em><\/strong><em>ebastian Banaszek<\/em> (DRONHOUSE group) m\u00f3wi\u0142 o wsp\u00f3\u0142czesnym zastosowaniu dron\u00f3w na cywilnym rynku. W referacie wskazano na podstawy prawne wykonywania lot\u00f3w (ustawa z dnia 3 lipca 2002 roku <em>Prawo lotnicze,<\/em> rozporz\u0105dzenia wykonawcze do tej ustawy z 2013 roku) i zasady wykonywania lot\u00f3w. Operator\u00f3w dron\u00f3w obowi\u0105zuj\u0105 te same zasady prawa lotniczego, kt\u00f3rym podlegaj\u0105 piloci samolot\u00f3w, a kt\u00f3re obowi\u0105zuj\u0105 w przestrzeni. Do pilotowania drona niezb\u0119dne jest uzyskanie stosownych uprawnie\u0144, na podstawie odpowiedniego egzaminu.<br \/><strong>P<\/strong>rzepisy dziel\u0105 przestrze\u0144 na kontrolowan\u0105 i niekontrolowan\u0105. Przestrze\u0144 kontrolowana rozci\u0105ga si\u0119 do obszaru, w kt\u00f3rym nie traci si\u0119 kontaktu wzrokowego z aparatem lataj\u0105cym. Pilotowanie drona wymaga utrzymania <em>\u201eseparacji ze wszystkimi obiektami w powietrzu, tej separacji nie uzyska si\u0119 poza zasi\u0119giem wzroku\u201d. <\/em>Zatem lot drona mo\u017ce odbywa\u0107 si\u0119 w przestrzeni ograniczonej, a na korzystanie z niej <em>\u201etrzeba wcze\u015bniej uzyska\u0107 rezerwacj\u0119\u201d. <\/em>Nad miastem powy\u017cej 25 tysi\u0119cy mieszka\u0144c\u00f3w obowi\u0105zuje zakaz wykonywania lot\u00f3w takiego aparatu. Na loty nad Warszaw\u0105 trzeba uzyska\u0107 pi\u0119\u0107 zezwole\u0144. Przestrzeganie tych zasad zwi\u0119ksza bezpiecze\u0144stwo wykonywania lot\u00f3w, a to wa\u017cne, bo w Polsce zarejestrowano 20 tysi\u0119cy bezza\u0142ogowych aparat\u00f3w lataj\u0105cych.<br \/><strong>R<\/strong>eferent przywo\u0142a\u0142 przepisy, kt\u00f3rych przestrzegania oczekuje si\u0119 od pilota. Dron jako kategoria bezza\u0142ogowych statk\u00f3w powietrznych jest elementem przenosz\u0105cym sensory.<br \/><strong>Z<\/strong> perspektywy zainteresowa\u0144 geodety <em>\u201edron wyznacza pewien porz\u0105dek, kt\u00f3ry wskazuje na zaistnia\u0142e zjawisko, a nie zapewnia oczekiwanej dok\u0142adno\u015bci wyznaczenia po\u0142o\u017cenia przedmiotu terenowego\u201d.<\/em> Mo\u017cna jednak wskaza\u0107 na korzy\u015bci z nalotu w celu uzyskania informacji w formie <em>\u201eortofotoprodukcji\u201d<\/em>. W Polsce jest dwa tysi\u0105ce operator\u00f3w, oko\u0142o siedemset firm \u015bwiadczy us\u0142ugi <em>\u201edronowe\u201d<\/em>; w tym jest kilku geodet\u00f3w.<\/p>\n<p style=\"text-align: justify;\"><strong><em>D<\/em><\/strong><em>avid Balhar<\/em> (Robodrone Indrusties s.r.o., Brno-Praha) zwracaj\u0105c uwag\u0119 na wzrost zainteresowania bezza\u0142ogowymi statkami powietrznymi om\u00f3wi\u0142 kategorie tych aparat\u00f3w oraz sposoby rozwi\u0105zywania ich konstrukcji, co wi\u0105\u017ce si\u0119 z ilo\u015bci\u0105 wprowadzonych do nich \u015bmigie\u0142. Poda\u0142 cechy drona, do czego jest wykorzystywany i zwi\u0105zane z tym ryzyko. Przywo\u0142a\u0142 tak\u017ce katalog przepis\u00f3w, jakie odnosz\u0105 si\u0119 do stosowania bezza\u0142ogowych aparat\u00f3w lataj\u0105cych.<\/p>\n<p style=\"text-align: justify;\"><strong><em>P<\/em><\/strong><em>awe\u0142 W\u00f3jcik<\/em> (Wydzia\u0142u Geodezji i Kartografii Politechniki Warszawskiej) naszkicowa\u0142 wykorzystanie bezza\u0142ogowego statku lataj\u0105cego do wykonania zdj\u0105\u0107 cyfrowych kopalni odkrywkowej, ha\u0142dy piasku wraz z otaczaj\u0105cym terenem, konstrukcji dzwonnicy i dachu budynku. Celem tych prac by\u0142o odpowiednio: wskazanie warunk\u00f3w bezpiecznej pracy, okre\u015blenie obj\u0119to\u015bci ha\u0142dy oraz uzyskanie warunk\u00f3w pozwalaj\u0105cych na opracowanie projektu remontu wie\u017cy. Wykonane opracowania pozwoli\u0142y na sformu\u0142owanie przekonania o uzyskaniu wystarczaj\u0105cych dok\u0142adno\u015bci opisania badanych obiekt\u00f3w.<\/p>\n<p style=\"text-align: justify;\"><strong>G<\/strong>odziny popo\u0142udniowe sp\u0119dzili uczestnicy XXII Mi\u0119dzynarodowych Dni Geodezji na biegu i spacerze po ulicach starych Koszyc, w ramach <em>\u201ep\u00f3\u0142maratonu\u201d <\/em>na 2.1 km dystansie. Potem by\u0142o zwiedzanie katedry \u015aw. El\u017cbiety (i wspinanie si\u0119 na wie\u017c\u0119 po 165 kamiennych, spiralnie u\u0142o\u017conych stopniach) oraz autokarowa przeja\u017cd\u017cka do interesuj\u0105cych miejsc miasta. Raut ko\u0144cz\u0105cy dzie\u0144 stanowi\u0142 okazj\u0119 do czynienia przez organizator\u00f3w podsumowa\u0144 i wyr\u00f3\u017cnienia okoliczno\u015bciowymi dyplomami, gratulacjami i upominkami najbardziej sprawnych zawodnik\u00f3w <em>\u201ep\u00f3\u0142maratonu\u201d. <\/em>Upominkami wyr\u00f3\u017cniono tak\u017ce osoby, kt\u00f3re dzi\u0119ki swej postawie na konferencji znalaz\u0142y uznanie jej organizator\u00f3w.<\/p>\n<p style=\"text-align: justify;\"><strong>S<\/strong>obotnie obrady toczy\u0142y si\u0119 w dw\u00f3ch sesjach. Wyst\u0105pienia w pierwszej sesji by\u0142y nakierowane na dane przestrzenne: metody i techniki pozyskiwania danych, ich jako\u015b\u0107, dok\u0142adno\u015b\u0107 i dost\u0119pno\u015b\u0107. Zagadnienia referowali: <em>\u013dubo\u0161 Halvo\u0148 <\/em>(N\u00e1rodn\u00e9 lesn\u00edcke centrum, Zvolen), <em>Jerzy Zieli\u0144ski <\/em>(GUGiK), <em>Peter Sou\u010dek <\/em>(\u010c\u00daZK, Praha). Podczas drugiej sesji studenci z uniwersytet\u00f3w technicznych S\u0142owacji i Czech (Helena Mich\u0148ov\u00e1, Luk\u00e1\u0161 Oravec, Gabriela Ovesn\u00e1) prezentowali wyniki swoich prac badawczych.<\/p>\n<p style=\"text-align: justify;\"><strong><em>D<\/em><\/strong><em>u\u0161an Feriac <\/em>zamykaj\u0105c obrady dzi\u0119kowa\u0142 uczestnikom konferencji za aktywny udzia\u0142 we wszystkich propozycjach przygotowanych przez organizator\u00f3w. Nast\u0119pnie przekaza\u0142 <em>Stanis\u0142awowi Cegielskiemu <\/em>flagi narodowe i zapowiedzia\u0142: <em>\u201eza rok<\/em> <em>spotkamy si\u0119 w Warszawie\u201d.\u00a0\u00a0\u00a0\u00a0\u00a0\u00a0\u00a0\u00a0\u00a0\u00a0\u00a0\u00a0\u00a0\u00a0\u00a0\u00a0 <\/em><\/p>\n<p style=\"text-align: justify;\"><em>Tekst i zdj\u0119cia Stanis\u0142aw Marcin Wili\u0144ski<\/em><\/p>\n<p style=\"text-align: justify;\"><span style=\"color: #008000;\"><a style=\"color: #008000;\" href=\"https:\/\/sgp.geodezja.org.pl\/wp-content\/uploads\/2016\/05\/XXII_DNI_Geodezji_Koszyce_2016_strona.pdf\" rel=\"alternate\">XXII Mi\u0119dzynarodowe Dni Geodezji w Koszycach &#8211; relacja (pdf) &gt;&gt;&gt;<\/a><\/span><\/p>\n<p style=\"text-align: right;\">VK<\/p>\n<p style=\"text-align: justify;\">\u00a0<\/p>\n<p style=\"text-align: justify;\">\u00a0<\/p>","protected":false},"excerpt":{"rendered":"<p>Kolejne dwudzieste drugie Mi\u0119dzynarodowe Dni Geodezji organizowane przez geodet\u00f3w s\u0142owackich w Koszycach trwa\u0142y w dniach od 5 do 7 maja 2016 roku. Przyby\u0142ych na konferencj\u0119 powita\u0142 \u0160tefan Nagy, kt\u00f3ry w imieniu organizator\u00f3w wyrazi\u0142 wielkie zadowolenie z obecno\u015bci tak \u201elicznej spo\u0142eczno\u015bci geodet\u00f3w trzech s\u0105siednich kraj\u00f3w\u201d. Go\u015b\u0107mi spotkania, witanymi serdecznie, byli szefowie s\u0142u\u017cby geodezyjnej S\u0142owacji M\u00e1ria Frindrichov\u00e1, [&hellip;]<\/p>\n","protected":false},"author":2,"featured_media":1163,"comment_status":"open","ping_status":"open","sticky":false,"template":"","format":"standard","meta":{"two_page_speed":[],"footnotes":""},"categories":[10],"tags":[],"class_list":["post-1196","post","type-post","status-publish","format-standard","has-post-thumbnail","hentry","category-informacje"],"_links":{"self":[{"href":"https:\/\/sgp.geodezja.org.pl\/en\/wp-json\/wp\/v2\/posts\/1196","targetHints":{"allow":["GET"]}}],"collection":[{"href":"https:\/\/sgp.geodezja.org.pl\/en\/wp-json\/wp\/v2\/posts"}],"about":[{"href":"https:\/\/sgp.geodezja.org.pl\/en\/wp-json\/wp\/v2\/types\/post"}],"author":[{"embeddable":true,"href":"https:\/\/sgp.geodezja.org.pl\/en\/wp-json\/wp\/v2\/users\/2"}],"replies":[{"embeddable":true,"href":"https:\/\/sgp.geodezja.org.pl\/en\/wp-json\/wp\/v2\/comments?post=1196"}],"version-history":[{"count":0,"href":"https:\/\/sgp.geodezja.org.pl\/en\/wp-json\/wp\/v2\/posts\/1196\/revisions"}],"wp:featuredmedia":[{"embeddable":true,"href":"https:\/\/sgp.geodezja.org.pl\/en\/wp-json\/wp\/v2\/media\/1163"}],"wp:attachment":[{"href":"https:\/\/sgp.geodezja.org.pl\/en\/wp-json\/wp\/v2\/media?parent=1196"}],"wp:term":[{"taxonomy":"category","embeddable":true,"href":"https:\/\/sgp.geodezja.org.pl\/en\/wp-json\/wp\/v2\/categories?post=1196"},{"taxonomy":"post_tag","embeddable":true,"href":"https:\/\/sgp.geodezja.org.pl\/en\/wp-json\/wp\/v2\/tags?post=1196"}],"curies":[{"name":"wp","href":"https:\/\/api.w.org\/{rel}","templated":true}]}}