{"id":1198,"date":"2016-06-01T14:03:13","date_gmt":"2016-06-01T12:03:13","guid":{"rendered":"https:\/\/2.budowaniestron.pl\/baltycki-kongres-geodezyjny-rozpocznie-sie-juz-jutro\/"},"modified":"2016-06-01T14:03:13","modified_gmt":"2016-06-01T12:03:13","slug":"baltycki-kongres-geodezyjny-rozpocznie-sie-juz-jutro","status":"publish","type":"post","link":"https:\/\/sgp.geodezja.org.pl\/en\/baltycki-kongres-geodezyjny-rozpocznie-sie-juz-jutro\/","title":{"rendered":"Ba\u0142tycki Kongres Geodezyjny rozpocznie si\u0119 ju\u017c jutro"},"content":{"rendered":"<p style=\"text-align: justify;\">W dniach 2-4 czerwca 2016 r. odb\u0119dzie si\u0119 Ba\u0142tycki Kongres Geodezyjny &#8211; BKG 2016. Organizatorami tego wydarzenia s\u0105 Stowarzyszenie Geodet\u00f3w Polskich oddzia\u0142 w Gda\u0144sku oraz Katedra Geodezji Wydzia\u0142u In\u017cynierii L\u0105dowej i \u015arodowiska Politechniki Gda\u0144skiej.<\/p>\n<p>  <!--more-->  <\/p>\n<p style=\"text-align: justify;\">W dniach 2-4 czerwca 2016 r. odb\u0119dzie si\u0119 Ba\u0142tycki Kongres Geodezyjny &#8211; BKG 2016. Organizatorami tego wydarzenia s\u0105 Stowarzyszenie Geodet\u00f3w Polskich oddzia\u0142 w Gda\u0144sku oraz Katedra Geodezji Wydzia\u0142u In\u017cynierii L\u0105dowej i \u015arodowiska Politechniki Gda\u0144skiej.<\/p>\n<p style=\"text-align: justify;\">BKG 2016 ma na celu zebranie wiod\u0105cych naukowc\u00f3w akademickich, badaczy oraz os\u00f3b zwi\u0105zanych z szeroko poj\u0119t\u0105 geodezj\u0105 w tym pracownik\u00f3w, pracodawc\u00f3w i student\u00f3w. W ramach BKG 2016 mo\u017cliwa b\u0119dzie wymiana i dzielenie si\u0119 do\u015bwiadczeniem oraz wynikami bada\u0144 w zakresie geomatyki, geodezji, kartografii oraz nauk powi\u0105zanych.<\/p>\n<p>Na Ba\u0142tycki Kongres Geodezyjny w Gda\u0144sku sk\u0142adaj\u0105 si\u0119:<\/p>\n<ul>\n<li>obchody 70-lecia Stowarzyszenia Geodet\u00f3w Polskich w Gda\u0144sku,<\/li>\n<li>Mi\u0119dzynarodowa Konferencja Naukowo-Techniczna Geomatyka 2016, w tym seminaria technologiczne, wystawy i panele dyskusyjne.<\/li>\n<\/ul>\n<p>Ba\u0142tycki Kongres Geodezyjny po\u0142\u0105czony b\u0119dzie z benefisem jubileuszowym Profesora Miros\u0142awa \u017baka i wspomnieniem, zmar\u0142ego 25 marca br., Profesora Adama \u017burowskiego.<\/p>\n<p><img loading=\"lazy\" decoding=\"async\" class=\"size-full wp-image-1197\" style=\"margin-right: auto; margin-left: auto; display: block;\" src=\"https:\/\/sgp.geodezja.org.pl\/wp-content\/uploads\/2016\/06\/70pp.jpg\" alt=\"\" width=\"200\" height=\"142\" srcset=\"https:\/\/sgp.geodezja.org.pl\/wp-content\/uploads\/2016\/06\/70pp.jpg 500w, https:\/\/sgp.geodezja.org.pl\/wp-content\/uploads\/2016\/06\/70pp-300x212.jpg 300w, https:\/\/sgp.geodezja.org.pl\/wp-content\/uploads\/2016\/06\/70pp-85x60.jpg 85w\" sizes=\"auto, (max-width: 200px) 100vw, 200px\" \/><\/p>\n<p><span style=\"color: #008000;\"><a style=\"color: #008000;\" href=\"http:\/\/www.bkg.geomatyka.eu\/2016\/\">Wi\u0119cej informacji na stronie Ba\u0142tyckiego Kongresu Geodezyjnego &gt;&gt;&gt;<\/a><\/span><\/p>\n<p style=\"text-align: right;\">VK<\/p>\n<p>\u00a0<\/p>","protected":false},"excerpt":{"rendered":"<p>W dniach 2-4 czerwca 2016 r. odb\u0119dzie si\u0119 Ba\u0142tycki Kongres Geodezyjny &#8211; BKG 2016. Organizatorami tego wydarzenia s\u0105 Stowarzyszenie Geodet\u00f3w Polskich oddzia\u0142 w Gda\u0144sku oraz Katedra Geodezji Wydzia\u0142u In\u017cynierii L\u0105dowej i \u015arodowiska Politechniki Gda\u0144skiej.<\/p>","protected":false},"author":2,"featured_media":1197,"comment_status":"open","ping_status":"open","sticky":false,"template":"","format":"standard","meta":{"two_page_speed":[],"footnotes":""},"categories":[10],"tags":[],"class_list":["post-1198","post","type-post","status-publish","format-standard","has-post-thumbnail","hentry","category-informacje"],"_links":{"self":[{"href":"https:\/\/sgp.geodezja.org.pl\/en\/wp-json\/wp\/v2\/posts\/1198","targetHints":{"allow":["GET"]}}],"collection":[{"href":"https:\/\/sgp.geodezja.org.pl\/en\/wp-json\/wp\/v2\/posts"}],"about":[{"href":"https:\/\/sgp.geodezja.org.pl\/en\/wp-json\/wp\/v2\/types\/post"}],"author":[{"embeddable":true,"href":"https:\/\/sgp.geodezja.org.pl\/en\/wp-json\/wp\/v2\/users\/2"}],"replies":[{"embeddable":true,"href":"https:\/\/sgp.geodezja.org.pl\/en\/wp-json\/wp\/v2\/comments?post=1198"}],"version-history":[{"count":0,"href":"https:\/\/sgp.geodezja.org.pl\/en\/wp-json\/wp\/v2\/posts\/1198\/revisions"}],"wp:featuredmedia":[{"embeddable":true,"href":"https:\/\/sgp.geodezja.org.pl\/en\/wp-json\/wp\/v2\/media\/1197"}],"wp:attachment":[{"href":"https:\/\/sgp.geodezja.org.pl\/en\/wp-json\/wp\/v2\/media?parent=1198"}],"wp:term":[{"taxonomy":"category","embeddable":true,"href":"https:\/\/sgp.geodezja.org.pl\/en\/wp-json\/wp\/v2\/categories?post=1198"},{"taxonomy":"post_tag","embeddable":true,"href":"https:\/\/sgp.geodezja.org.pl\/en\/wp-json\/wp\/v2\/tags?post=1198"}],"curies":[{"name":"wp","href":"https:\/\/api.w.org\/{rel}","templated":true}]}}