{"id":1200,"date":"2016-06-06T10:23:52","date_gmt":"2016-06-06T08:23:52","guid":{"rendered":"https:\/\/2.budowaniestron.pl\/xii-ogolnopolskie-sympozjum-krakowskie-spotkania-z-inspire-juz-wkrotce\/"},"modified":"2016-06-06T10:23:52","modified_gmt":"2016-06-06T08:23:52","slug":"xii-ogolnopolskie-sympozjum-krakowskie-spotkania-z-inspire-juz-wkrotce","status":"publish","type":"post","link":"https:\/\/sgp.geodezja.org.pl\/en\/xii-ogolnopolskie-sympozjum-krakowskie-spotkania-z-inspire-juz-wkrotce\/","title":{"rendered":"XII Og\u00f3lnopolskie Sympozjum Krakowskie Spotkania z INSPIRE ju\u017c wkr\u00f3tce"},"content":{"rendered":"<p style=\"text-align: justify;\">W dniach 13-14 czerwca 2016 r. odb\u0119dzie si\u0119 XII Og\u00f3lnopolskie Sympozjum Krakowskie Spotkania z INSPIRE na temat: <strong>\u201eKluczowe dane referencyjne z perspektywy krajowej i europejskiej\u201d<\/strong>. Organizatorem kolejnego sympozjum jest Urz\u0105d Marsza\u0142kowski Wojew\u00f3dztwa Ma\u0142opolskiego przy wsp\u00f3\u0142udziale Urz\u0119du Miasta Krakowa, Ma\u0142opolskiego Urz\u0119du Wojew\u00f3dzkiego, Akademii G\u00f3rniczo-Hutniczej im. Stanis\u0142awa Staszica w Krakowie oraz Okr\u0119gowego Przedsi\u0119biorstwa Geodezyjno-Kartograficznego Sp. z o.o.\u00a0 w Krakowie. Spotkanie odb\u0119dzie si\u0119 w Ma\u0142opolskim Ogrodzie Sztuki przy ul. Rajskiej 12.<\/p>\n<p>  <!--more-->  <\/p>\n<p style=\"text-align: justify;\">W dniach 13-14 czerwca 2016 r. odb\u0119dzie si\u0119 XII Og\u00f3lnopolskie Sympozjum Krakowskie Spotkania z INSPIRE na temat: <strong>\u201eKluczowe dane referencyjne z perspektywy krajowej i europejskiej\u201d<\/strong>. Organizatorem kolejnego sympozjum jest Urz\u0105d Marsza\u0142kowski Wojew\u00f3dztwa Ma\u0142opolskiego przy wsp\u00f3\u0142udziale Urz\u0119du Miasta Krakowa, Ma\u0142opolskiego Urz\u0119du Wojew\u00f3dzkiego, Akademii G\u00f3rniczo-Hutniczej im. Stanis\u0142awa Staszica w Krakowie oraz Okr\u0119gowego Przedsi\u0119biorstwa Geodezyjno-Kartograficznego Sp. z o.o.\u00a0 w Krakowie. Spotkanie odb\u0119dzie si\u0119 w Ma\u0142opolskim Ogrodzie Sztuki przy ul. Rajskiej 12.<\/p>\n<p><img loading=\"lazy\" decoding=\"async\" class=\"pull-center size-full wp-image-1199\" style=\"margin-right: auto; margin-left: auto; display: block;\" src=\"https:\/\/sgp.geodezja.org.pl\/wp-content\/uploads\/2016\/06\/Oglosz_INSPIRE2016_strona_1.jpg\" alt=\"\" width=\"1413\" height=\"1000\" srcset=\"https:\/\/sgp.geodezja.org.pl\/wp-content\/uploads\/2016\/06\/Oglosz_INSPIRE2016_strona_1.jpg 1413w, https:\/\/sgp.geodezja.org.pl\/wp-content\/uploads\/2016\/06\/Oglosz_INSPIRE2016_strona_1-800x566.jpg 800w, https:\/\/sgp.geodezja.org.pl\/wp-content\/uploads\/2016\/06\/Oglosz_INSPIRE2016_strona_1-300x212.jpg 300w, https:\/\/sgp.geodezja.org.pl\/wp-content\/uploads\/2016\/06\/Oglosz_INSPIRE2016_strona_1-1024x725.jpg 1024w, https:\/\/sgp.geodezja.org.pl\/wp-content\/uploads\/2016\/06\/Oglosz_INSPIRE2016_strona_1-768x544.jpg 768w, https:\/\/sgp.geodezja.org.pl\/wp-content\/uploads\/2016\/06\/Oglosz_INSPIRE2016_strona_1-85x60.jpg 85w\" sizes=\"auto, (max-width: 1413px) 100vw, 1413px\" \/><\/p>\n<p><strong>Program Sympozjum<\/strong><\/p>\n<p><strong>Pierwszy dzie\u0144 13.06 (poniedzia\u0142ek)<\/strong><\/p>\n<p><strong>10.30 \u2013 11.15\u00a0\u00a0\u00a0 Sesja otwarcia: <\/strong>Wyst\u0105pienia Honorowych Patron\u00f3w Sympozjum<\/p>\n<p><strong>11.15 \u2013 11.30 \u00a0\u00a0 przerwa kawowa<\/strong><\/p>\n<p><strong>11.30 \u2013 14.00 \u00a0\u00a0 sesja I: Rezultaty projektu European Location Framework<\/strong><\/p>\n<ul>\n<li><i>Mick Cory: <em>European Location Framework and INSPIRE* <\/em><\/i><\/li>\n<\/ul>\n<ul>\n<li>J\u00f6rgen Hartnor: <em>ELF services for different users* <\/em><\/li>\n<\/ul>\n<ul>\n<li>Bart De Lathouwer: <em>Enabling access to Official Reference Data and how to use the* <\/em><\/li>\n<\/ul>\n<ul>\n<li>Ewa Wysocka: <em>ELF &#8211; interoperacyjno\u015b\u0107 danych przestrzennych w skali paneuropejskiej <\/em><\/li>\n<\/ul>\n<ul>\n<li>Marcin Grudzie\u0144: <em>Wsp\u00f3\u0142dzielenie krajowych danych referencyjnych poprzez platform\u0119 ELF <\/em><\/li>\n<\/ul>\n<ul>\n<li>10 min na pytania<\/li>\n<\/ul>\n<p><strong>14.00 \u2013 15.00 \u00a0\u00a0 obiad<\/strong><\/p>\n<p><strong>15.00 \u2013 17.30 <\/strong><strong>\u00a0\u00a0 <\/strong><strong>sesja II: ZSiN I dla ZSiN II <\/strong><\/p>\n<ul>\n<li>Dyskusja panelowa: Ludmi\u0142a Pietrzak (moderator), Alicja Meusz, Ewa Maj, Jaros\u0142aw Wysoki,<\/li>\n<li>Robert Rachwa\u0142, Karol Kaim, Piotr Be\u015bciak<\/li>\n<\/ul>\n<ul>\n<li>45 min na dyskusj\u0119 otwart\u0105<\/li>\n<\/ul>\n<p><strong>19.00\u00a0\u00a0\u00a0 kolacja<\/strong><\/p>\n<p><strong>20.00 \u00a0\u00a0 Koncert \u201eMuzyczne wampiry i upiory\u201d<\/strong><\/p>\n<p>\u00a0<\/p>\n<p><strong>Drugi dzie\u0144 14.06 (wtorek)<\/strong><\/p>\n<p><strong>9.00 \u2013 11.00 \u00a0\u00a0\u00a0\u00a0 sesja III: <strong>Rozprawa z mitami fotogrametrycznymi<\/strong><\/strong><strong> \u00a0\u00a0\u00a0\u00a0\u00a0 <\/strong><\/p>\n<ul>\n<li>Krystian Pyka: <em>Prawne, techniczne i spo\u0142eczne aspekty pomiar\u00f3w fotogrametrycznych<\/em><\/li>\n<\/ul>\n<ul>\n<li><i>\u0141ukasz Olender: <em>Fotogrametria z niskiego pu\u0142apu jako metoda pomiar\u00f3w geodezyjnych <\/em><\/i><\/li>\n<\/ul>\n<ul>\n<li>Andrzej Krygier, Brygida \u0141o\u015b: <em>Fotogrametryczne wsparcie Miasta Poznania <\/em><\/li>\n<\/ul>\n<ul>\n<li>30 min na pytania i dyskusj\u0119<\/li>\n<\/ul>\n<p><strong>11.00 \u2013 11.30\u00a0\u00a0\u00a0 przerwa kawowa<\/strong><\/p>\n<p><strong>11.30 \u2013 13.00\u00a0\u00a0\u00a0 sesja IV: Trzeci wymiar\u00a0\u00a0\u00a0\u00a0\u00a0\u00a0\u00a0\u00a0\u00a0\u00a0 <\/strong><\/p>\n<ul>\n<li>Jacek Jarz\u0105bek, Piotr Wo\u017aniak: <em>Dane 3D w projekcie CAPAP<\/em><\/li>\n<li>Marcin Karabin: <em>Kataster 3D \u2013 konieczno\u015b\u0107 czy fantazja<\/em>?<\/li>\n<li>Piotr W\u0119\u017cyk: <em>Analizy przestrzenne 3D w zarz\u0105dzaniu i monitorowaniu \u015brodowiska<\/em><\/li>\n<li>15 min na pytania<\/li>\n<\/ul>\n<p><strong>13.00 \u2013 13.15\u00a0\u00a0 podsumowanie<\/strong> <strong>i zamkni\u0119cie sympozjum<\/strong><strong><em>\u00a0<\/em><\/strong><\/p>\n<p><strong>13.15 \u2013 14.15 \u00a0 obiad<\/strong><\/p>\n<p>\u00a0<\/p>\n<p><a href=\"http:\/\/www.spotkania-inspire.krakow.pl\/\" rel=\"alternate\"><span style=\"color: #008000;\">Wi\u0119cej informacji na stronie Krakowskie spotkania z INSPIRE &gt;&gt;&gt;<\/span><\/a><\/p>\n<p style=\"text-align: right;\">VK<\/p>\n<p>\u00a0<\/p>","protected":false},"excerpt":{"rendered":"<p>W dniach 13-14 czerwca 2016 r. odb\u0119dzie si\u0119 XII Og\u00f3lnopolskie Sympozjum Krakowskie Spotkania z INSPIRE na temat: \u201eKluczowe dane referencyjne z perspektywy krajowej i europejskiej\u201d. Organizatorem kolejnego sympozjum jest Urz\u0105d Marsza\u0142kowski Wojew\u00f3dztwa Ma\u0142opolskiego przy wsp\u00f3\u0142udziale Urz\u0119du Miasta Krakowa, Ma\u0142opolskiego Urz\u0119du Wojew\u00f3dzkiego, Akademii G\u00f3rniczo-Hutniczej im. Stanis\u0142awa Staszica w Krakowie oraz Okr\u0119gowego Przedsi\u0119biorstwa Geodezyjno-Kartograficznego Sp. z o.o.\u00a0 [&hellip;]<\/p>\n","protected":false},"author":2,"featured_media":1199,"comment_status":"open","ping_status":"open","sticky":false,"template":"","format":"standard","meta":{"two_page_speed":[],"footnotes":""},"categories":[10],"tags":[],"class_list":["post-1200","post","type-post","status-publish","format-standard","has-post-thumbnail","hentry","category-informacje"],"_links":{"self":[{"href":"https:\/\/sgp.geodezja.org.pl\/en\/wp-json\/wp\/v2\/posts\/1200","targetHints":{"allow":["GET"]}}],"collection":[{"href":"https:\/\/sgp.geodezja.org.pl\/en\/wp-json\/wp\/v2\/posts"}],"about":[{"href":"https:\/\/sgp.geodezja.org.pl\/en\/wp-json\/wp\/v2\/types\/post"}],"author":[{"embeddable":true,"href":"https:\/\/sgp.geodezja.org.pl\/en\/wp-json\/wp\/v2\/users\/2"}],"replies":[{"embeddable":true,"href":"https:\/\/sgp.geodezja.org.pl\/en\/wp-json\/wp\/v2\/comments?post=1200"}],"version-history":[{"count":0,"href":"https:\/\/sgp.geodezja.org.pl\/en\/wp-json\/wp\/v2\/posts\/1200\/revisions"}],"wp:featuredmedia":[{"embeddable":true,"href":"https:\/\/sgp.geodezja.org.pl\/en\/wp-json\/wp\/v2\/media\/1199"}],"wp:attachment":[{"href":"https:\/\/sgp.geodezja.org.pl\/en\/wp-json\/wp\/v2\/media?parent=1200"}],"wp:term":[{"taxonomy":"category","embeddable":true,"href":"https:\/\/sgp.geodezja.org.pl\/en\/wp-json\/wp\/v2\/categories?post=1200"},{"taxonomy":"post_tag","embeddable":true,"href":"https:\/\/sgp.geodezja.org.pl\/en\/wp-json\/wp\/v2\/tags?post=1200"}],"curies":[{"name":"wp","href":"https:\/\/api.w.org\/{rel}","templated":true}]}}