{"id":1257,"date":"2016-06-26T20:13:03","date_gmt":"2016-06-26T18:13:03","guid":{"rendered":"https:\/\/2.budowaniestron.pl\/geodeci-dolnego-slaska-swietowali-jubileusz-swojego-stowarzyszenia\/"},"modified":"2016-06-26T20:13:03","modified_gmt":"2016-06-26T18:13:03","slug":"geodeci-dolnego-slaska-swietowali-jubileusz-swojego-stowarzyszenia","status":"publish","type":"post","link":"https:\/\/sgp.geodezja.org.pl\/en\/geodeci-dolnego-slaska-swietowali-jubileusz-swojego-stowarzyszenia\/","title":{"rendered":"Geodeci Dolnego \u015al\u0105ska \u015bwi\u0119towali jubileusz swojego Stowarzyszenia"},"content":{"rendered":"<p><strong>C<\/strong>zas od 10 do 12 czerwca 2016 roku Zarz\u0105d Oddzia\u0142u Stowarzyszenia Geodet\u00f3w Polskich Wroc\u0142awia postanowi\u0142 przeznaczy\u0107 na \u015bwi\u0119towanie siedemdziesi\u0119ciolecia swojej wielostronnej dzia\u0142alno\u015bci na rzecz geodet\u00f3w i spo\u0142ecze\u0144stwa Dolnego \u015al\u0105ska. Aby godnie i z uzasadnion\u0105, dokonanymi dzie\u0142ami, rado\u015bci\u0105 upami\u0119tnia\u0107 te dni, do Wroc\u0142awia przybyli geodeci, pe\u0142ni uznania i \u017cyczliwo\u015bci, ze wszystkich zak\u0105tk\u00f3w kraju. Tu spotka\u0142a ich wielka serdeczno\u015b\u0107 gospodarzy z <em>Bo\u017cen\u0105 Tabisz, <\/em>wielce wzruszon\u0105 tym niepowtarzalnym wydarzeniem.<\/p>\n<p>  <!--more-->  <\/p>\n<p style=\"text-align: justify;\"><strong>C<\/strong>zas od 10 do 12 czerwca 2016 roku Zarz\u0105d Oddzia\u0142u Stowarzyszenia Geodet\u00f3w Polskich Wroc\u0142awia postanowi\u0142 przeznaczy\u0107 na \u015bwi\u0119towanie siedemdziesi\u0119ciolecia swojej wielostronnej dzia\u0142alno\u015bci na rzecz geodet\u00f3w i spo\u0142ecze\u0144stwa Dolnego \u015al\u0105ska. Aby godnie i z uzasadnion\u0105, dokonanymi dzie\u0142ami, rado\u015bci\u0105 upami\u0119tnia\u0107 te dni, do Wroc\u0142awia przybyli geodeci, pe\u0142ni uznania i \u017cyczliwo\u015bci, ze wszystkich zak\u0105tk\u00f3w kraju. Tu spotka\u0142a ich wielka serdeczno\u015b\u0107 gospodarzy z <em>Bo\u017cen\u0105 Tabisz, <\/em>wielce wzruszon\u0105 tym niepowtarzalnym wydarzeniem.<\/p>\n<p><img loading=\"lazy\" decoding=\"async\" class=\"size-full wp-image-1213\" style=\"margin-right: auto; margin-left: auto; display: block;\" src=\"https:\/\/sgp.geodezja.org.pl\/wp-content\/uploads\/2016\/06\/70_lat_SGP_Wroclaw_1.jpg\" alt=\"\" width=\"200\" height=\"120\" srcset=\"https:\/\/sgp.geodezja.org.pl\/wp-content\/uploads\/2016\/06\/70_lat_SGP_Wroclaw_1.jpg 1500w, https:\/\/sgp.geodezja.org.pl\/wp-content\/uploads\/2016\/06\/70_lat_SGP_Wroclaw_1-800x479.jpg 800w, https:\/\/sgp.geodezja.org.pl\/wp-content\/uploads\/2016\/06\/70_lat_SGP_Wroclaw_1-300x180.jpg 300w, https:\/\/sgp.geodezja.org.pl\/wp-content\/uploads\/2016\/06\/70_lat_SGP_Wroclaw_1-1024x614.jpg 1024w, https:\/\/sgp.geodezja.org.pl\/wp-content\/uploads\/2016\/06\/70_lat_SGP_Wroclaw_1-768x460.jpg 768w, https:\/\/sgp.geodezja.org.pl\/wp-content\/uploads\/2016\/06\/70_lat_SGP_Wroclaw_1-100x60.jpg 100w\" sizes=\"auto, (max-width: 200px) 100vw, 200px\" \/><\/p>\n<p style=\"text-align: center;\"><strong>Zdzis\u0142aw G\u0105siorowski, Anna Kowalewska, Jan Ceg\u0142a, Agata Milkiewicz, Mariola Gilska<\/strong><\/p>\n<p style=\"text-align: center;\"><strong><img loading=\"lazy\" decoding=\"async\" class=\"size-full wp-image-1214\" src=\"https:\/\/sgp.geodezja.org.pl\/wp-content\/uploads\/2016\/06\/70_lat_SGP_Wroclaw_2.jpg\" alt=\"\" width=\"200\" height=\"125\" srcset=\"https:\/\/sgp.geodezja.org.pl\/wp-content\/uploads\/2016\/06\/70_lat_SGP_Wroclaw_2.jpg 1500w, https:\/\/sgp.geodezja.org.pl\/wp-content\/uploads\/2016\/06\/70_lat_SGP_Wroclaw_2-800x501.jpg 800w, https:\/\/sgp.geodezja.org.pl\/wp-content\/uploads\/2016\/06\/70_lat_SGP_Wroclaw_2-300x188.jpg 300w, https:\/\/sgp.geodezja.org.pl\/wp-content\/uploads\/2016\/06\/70_lat_SGP_Wroclaw_2-1024x641.jpg 1024w, https:\/\/sgp.geodezja.org.pl\/wp-content\/uploads\/2016\/06\/70_lat_SGP_Wroclaw_2-768x481.jpg 768w\" sizes=\"auto, (max-width: 200px) 100vw, 200px\" \/><\/strong><\/p>\n<p style=\"text-align: center;\"><strong>Anna Mielnik, Mariola Gilska, Bo\u017cena Tabisz, Mieczys\u0142aw Gabryszewski<\/strong><\/p>\n<p style=\"text-align: justify;\"><strong>D<\/strong>ni spotkania wype\u0142nia\u0142a praca stowarzyszeniowa zebranie Zarz\u0105du G\u0142\u00f3wnego SGP i jego Prezydium, uroczyste \u015bwi\u0119towanie jubileuszu Oddzia\u0142u i uczestnictwo w wielu interesuj\u0105cych propozycjach przygotowanych przez organizator\u00f3w wydarzenia. Ale po kolei.<\/p>\n<p style=\"text-align: justify;\"><strong>P<\/strong>ierwszego dnia po po\u0142udniu obradowa\u0142 Zarz\u0105d G\u0142\u00f3wny, rozpatruj\u0105c rozmaite sprawy Stowarzyszenia i podejmuj\u0105c stosowne rozstrzygni\u0119cia. Wroc\u0142awianie nie byliby sob\u0105, gdyby zaproszonych go\u015bci nie zaprowadzili nad Odr\u0119 i zaprosili na spacer statkiem po jej wodach. Spojrzenie na miasto z poziomu rzeki dawa\u0142o inne, inspiruj\u0105ce prze\u017cywanie pi\u0119kna jego budowli i przyrody. Sprzyja\u0142a temu wspaniale letnia pogoda i urok barw nieba w porze zachodz\u0105cego s\u0142o\u0144ca.<\/p>\n<p><img loading=\"lazy\" decoding=\"async\" class=\"size-full wp-image-1215\" style=\"margin-right: auto; margin-left: auto; display: block;\" src=\"https:\/\/sgp.geodezja.org.pl\/wp-content\/uploads\/2016\/06\/70_lat_SGP_Wroclaw_3.jpg\" alt=\"\" width=\"200\" height=\"82\" srcset=\"https:\/\/sgp.geodezja.org.pl\/wp-content\/uploads\/2016\/06\/70_lat_SGP_Wroclaw_3.jpg 1500w, https:\/\/sgp.geodezja.org.pl\/wp-content\/uploads\/2016\/06\/70_lat_SGP_Wroclaw_3-800x327.jpg 800w, https:\/\/sgp.geodezja.org.pl\/wp-content\/uploads\/2016\/06\/70_lat_SGP_Wroclaw_3-300x123.jpg 300w, https:\/\/sgp.geodezja.org.pl\/wp-content\/uploads\/2016\/06\/70_lat_SGP_Wroclaw_3-1024x419.jpg 1024w, https:\/\/sgp.geodezja.org.pl\/wp-content\/uploads\/2016\/06\/70_lat_SGP_Wroclaw_3-768x314.jpg 768w\" sizes=\"auto, (max-width: 200px) 100vw, 200px\" \/><\/p>\n<p style=\"text-align: center;\"><strong>Cezary Przybylski, Tadeusz Nawracaj, Stanis\u0142aw Cegielski<\/strong><\/p>\n<p style=\"text-align: justify;\"><strong>U<\/strong>roczyste \u015bwi\u0119towanie jubileuszu rozpocz\u0119\u0142a <em>Bo\u017cena Tabisz <\/em>Prezesa SGP we Wroc\u0142awiu powitaniem przyby\u0142ych do Sali Kinowej Domu Technika NOT i przedstawieniem go\u015bci honorowych, w osobach: <em>Cezarego Przybylskiego <\/em>Marsza\u0142ka Wojew\u00f3dztwa Dolno\u015bl\u0105skiego, <em>Adama Greli <\/em>Wiceprezydenta Miasta Wroc\u0142awia, <em>Jaros\u0142awa Bosego <\/em>Prorektora Uniwersytetu Przyrodniczego, <em>Bernarda Kontnego <\/em>Dziekana Wydzia\u0142u In\u017cynierii, Kszta\u0142towania \u015arodowiska i Geodezji Uniwersytetu Przyrodniczego, <em>Roberta Pajkerta <\/em>Geodet\u0119 Wojew\u00f3dztwa, <em>Jana Mazurkiewicza <\/em>Dyrektora Zarz\u0105du Geodezji, Kartografii i Katastru Miejskiego we Wroc\u0142awiu, <em>J\u00f3zefa Komarnickiego <\/em>Prezesa OPGK we Wroc\u0142awiu, <em>Les\u0142awa Wo\u0142cza <\/em>Dyrektora DBGiTR we Wroc\u0142awiu, <em>Stanis\u0142awa Cegielskiego <\/em>Prezesa Stowarzyszenia Geodet\u00f3w Polskich, <em>Joanny Bac-Bronowicz <\/em>Prezesa Stowarzyszenia Kartograf\u00f3w Polskich, <em>Tadeusza Nawracaja <\/em>Prezesa Wroc\u0142awskiej Rady FSNT NOT, <em>Andrzeja Puszy\u0144skiego <\/em>Prezesa Stowarzyszenia In\u017cynier\u00f3w i Technik\u00f3w Przemys\u0142u Chemicznego we Wroc\u0142awiu, <em>Franciszka Czernieckiego, Stefana Caconia, Narcyza Malinowskiego, Mieczys\u0142awa Jask\u00f3lskiego <\/em>by\u0142ych prezes\u00f3w SGP we Wroc\u0142awiu. Powita\u0142a Cz\u0142onk\u00f3w Honorowych i cz\u0142onk\u00f3w Zarz\u0105du G\u0142\u00f3wnego SGP. <em>\u201eSerdecznie witam Kole\u017canki i Koleg\u00f3w\u201d.<\/em><\/p>\n<p style=\"text-align: center;\"><em><img loading=\"lazy\" decoding=\"async\" class=\"size-full wp-image-1216\" style=\"margin-right: auto; margin-left: auto; display: block;\" src=\"https:\/\/sgp.geodezja.org.pl\/wp-content\/uploads\/2016\/06\/70_lat_SGP_Wroclaw_4.jpg\" alt=\"\" width=\"200\" height=\"135\" srcset=\"https:\/\/sgp.geodezja.org.pl\/wp-content\/uploads\/2016\/06\/70_lat_SGP_Wroclaw_4.jpg 1483w, https:\/\/sgp.geodezja.org.pl\/wp-content\/uploads\/2016\/06\/70_lat_SGP_Wroclaw_4-800x539.jpg 800w, https:\/\/sgp.geodezja.org.pl\/wp-content\/uploads\/2016\/06\/70_lat_SGP_Wroclaw_4-300x202.jpg 300w, https:\/\/sgp.geodezja.org.pl\/wp-content\/uploads\/2016\/06\/70_lat_SGP_Wroclaw_4-1024x690.jpg 1024w, https:\/\/sgp.geodezja.org.pl\/wp-content\/uploads\/2016\/06\/70_lat_SGP_Wroclaw_4-768x518.jpg 768w\" sizes=\"auto, (max-width: 200px) 100vw, 200px\" \/><\/em><\/p>\n<p style=\"text-align: center;\"><em><strong>Stefan Caco\u0144, Stanis\u0142aw Cegielski<\/strong><\/em><\/p>\n<p style=\"text-align: center;\"><em><img loading=\"lazy\" decoding=\"async\" class=\"size-full wp-image-1217\" style=\"margin-right: auto; margin-left: auto; display: block;\" src=\"https:\/\/sgp.geodezja.org.pl\/wp-content\/uploads\/2016\/06\/70_lat_SGP_Wroclaw_5.jpg\" alt=\"\" width=\"200\" height=\"129\" srcset=\"https:\/\/sgp.geodezja.org.pl\/wp-content\/uploads\/2016\/06\/70_lat_SGP_Wroclaw_5.jpg 1500w, https:\/\/sgp.geodezja.org.pl\/wp-content\/uploads\/2016\/06\/70_lat_SGP_Wroclaw_5-800x516.jpg 800w, https:\/\/sgp.geodezja.org.pl\/wp-content\/uploads\/2016\/06\/70_lat_SGP_Wroclaw_5-300x194.jpg 300w, https:\/\/sgp.geodezja.org.pl\/wp-content\/uploads\/2016\/06\/70_lat_SGP_Wroclaw_5-1024x661.jpg 1024w, https:\/\/sgp.geodezja.org.pl\/wp-content\/uploads\/2016\/06\/70_lat_SGP_Wroclaw_5-768x496.jpg 768w\" sizes=\"auto, (max-width: 200px) 100vw, 200px\" \/><\/em><\/p>\n<p style=\"text-align: center;\"><em><strong>Andrzej Pachuta, Bernard Kontny<\/strong><\/em><\/p>\n<p style=\"text-align: justify;\"><strong>K<\/strong>o\u0144cz\u0105c powitania Prezes <em>Bo\u017cena Tabisz, <\/em>z nut\u0105 \u017calu stwierdzi\u0142a: <em>\u201enie ma w\u015br\u00f3d nas G\u0142\u00f3wnego Geodety Kraju Kazimierza Bujakowskiego, bo nie pozwoli\u0142y mu na to obowi\u0105zki s\u0142u\u017cbowe\u201d, <\/em>po czym odczyta\u0142a nades\u0142any przez niego okoliczno\u015bciowy adres, zawieraj\u0105cy wyrazy uznania dla osi\u0105gni\u0119\u0107 Oddzia\u0142u w jego siedemdziesi\u0119ciu latach dzia\u0142alno\u015bci i \u017cyczenia dalszych sukces\u00f3w w nadchodz\u0105cym czasie. Do poprowadzenia uroczysto\u015bci zosta\u0142 zaproszony <em>Mieczys\u0142aw Gabryszewski. <\/em>Do zaj\u0119cia miejsc przy stole prezydialnym zaprosi\u0142 on osoby, kt\u00f3re pe\u0142ni\u0142y obowi\u0105zki prezesa wroc\u0142awskiego oddzia\u0142u SGP i prezesa <em>Stanis\u0142awa Cegielskiego<\/em>, po czym odczyta\u0142 okoliczno\u015bciowy adres nades\u0142any przez prezesa SGP w Gda\u0144sku. Ryszard Cie\u015blukowski przekazuje w nim gratulacje z okazji wspania\u0142ego momentu <em>\u201ew historii Waszej Organizacji, zas\u0142u\u017conej dla Regionu i dla Polski. Nade wszystko \u017cycz\u0119 Wam zdrowia, szcz\u0119\u015bcia osobistego i kolejnych dekad obfituj\u0105cych w sukcesy i przynosz\u0105cych satysfakcj\u0119\u201d. <\/em>\u017byczenia uzupe\u0142nia\u0142o upominkowe <em>\u201edrzewko szcz\u0119\u015bcia\u201d.<\/em><\/p>\n<p><img loading=\"lazy\" decoding=\"async\" class=\"size-full wp-image-1218\" style=\"margin-right: auto; margin-left: auto; display: block;\" src=\"https:\/\/sgp.geodezja.org.pl\/wp-content\/uploads\/2016\/06\/70_lat_SGP_Wroclaw_6.jpg\" alt=\"\" width=\"187\" height=\"200\" srcset=\"https:\/\/sgp.geodezja.org.pl\/wp-content\/uploads\/2016\/06\/70_lat_SGP_Wroclaw_6.jpg 936w, https:\/\/sgp.geodezja.org.pl\/wp-content\/uploads\/2016\/06\/70_lat_SGP_Wroclaw_6-800x855.jpg 800w, https:\/\/sgp.geodezja.org.pl\/wp-content\/uploads\/2016\/06\/70_lat_SGP_Wroclaw_6-281x300.jpg 281w, https:\/\/sgp.geodezja.org.pl\/wp-content\/uploads\/2016\/06\/70_lat_SGP_Wroclaw_6-768x821.jpg 768w\" sizes=\"auto, (max-width: 187px) 100vw, 187px\" \/><\/p>\n<p style=\"text-align: center;\"><strong>Prezes Bo\u017cena Tabisz <em>otwiera jubileuszow\u0105 uroczysto\u015b\u0107<\/em><\/strong><\/p>\n<p style=\"text-align: center;\"><img loading=\"lazy\" decoding=\"async\" class=\"size-full wp-image-1219\" style=\"margin-right: auto; margin-left: auto; display: block;\" src=\"https:\/\/sgp.geodezja.org.pl\/wp-content\/uploads\/2016\/06\/70_lat_SGP_Wroclaw_7.jpg\" alt=\"\" width=\"193\" height=\"200\" srcset=\"https:\/\/sgp.geodezja.org.pl\/wp-content\/uploads\/2016\/06\/70_lat_SGP_Wroclaw_7.jpg 967w, https:\/\/sgp.geodezja.org.pl\/wp-content\/uploads\/2016\/06\/70_lat_SGP_Wroclaw_7-800x827.jpg 800w, https:\/\/sgp.geodezja.org.pl\/wp-content\/uploads\/2016\/06\/70_lat_SGP_Wroclaw_7-290x300.jpg 290w, https:\/\/sgp.geodezja.org.pl\/wp-content\/uploads\/2016\/06\/70_lat_SGP_Wroclaw_7-768x794.jpg 768w\" sizes=\"auto, (max-width: 193px) 100vw, 193px\" \/><\/p>\n<p style=\"text-align: center;\"><strong>Mieczys\u0142aw Gabryszewski<em> czyta uroczysty adres <\/em>Ryszarda Cie\u015blukowskiego<\/strong><\/p>\n<p style=\"text-align: justify;\"><strong>R<\/strong>eferat okoliczno\u015bciowy, obrazuj\u0105cy dzieje i przywo\u0142uj\u0105cy ludzi, kt\u00f3rzy wp\u0142ywali na kszta\u0142t dzia\u0142a\u0144 przez minione siedemdziesi\u0105t lat wyg\u0142osi\u0142a <em>Bo\u017cena Tabisz. <\/em>Przywo\u0142a\u0142a trudne, powojenne chwile w s\u0142owach: <em>\u201eGeodeci, kt\u00f3rych nie przerazi\u0142 rozmiar zniszcze\u0144 wojennych i trudne warunki bytowe, niezw\u0142ocznie przyst\u0105pili do pracy. By\u0142o ich niewielu, nieproporcjonalnie ma\u0142o do potrzeb\u201d.<\/em><\/p>\n<p><img loading=\"lazy\" decoding=\"async\" class=\"size-full wp-image-1220\" style=\"margin-right: auto; margin-left: auto; display: block;\" src=\"https:\/\/sgp.geodezja.org.pl\/wp-content\/uploads\/2016\/06\/70_lat_SGP_Wroclaw_8.jpg\" alt=\"\" width=\"173\" height=\"200\" srcset=\"https:\/\/sgp.geodezja.org.pl\/wp-content\/uploads\/2016\/06\/70_lat_SGP_Wroclaw_8.jpg 867w, https:\/\/sgp.geodezja.org.pl\/wp-content\/uploads\/2016\/06\/70_lat_SGP_Wroclaw_8-800x923.jpg 800w, https:\/\/sgp.geodezja.org.pl\/wp-content\/uploads\/2016\/06\/70_lat_SGP_Wroclaw_8-260x300.jpg 260w, https:\/\/sgp.geodezja.org.pl\/wp-content\/uploads\/2016\/06\/70_lat_SGP_Wroclaw_8-768x886.jpg 768w\" sizes=\"auto, (max-width: 173px) 100vw, 173px\" \/><\/p>\n<p style=\"text-align: center;\"><strong>Cezary Przybylski<\/strong><\/p>\n<p style=\"text-align: center;\"><img loading=\"lazy\" decoding=\"async\" class=\"size-full wp-image-1221\" style=\"margin-right: auto; margin-left: auto; display: block;\" src=\"https:\/\/sgp.geodezja.org.pl\/wp-content\/uploads\/2016\/06\/70_lat_SGP_Wroclaw_9.jpg\" alt=\"\" width=\"147\" height=\"200\" srcset=\"https:\/\/sgp.geodezja.org.pl\/wp-content\/uploads\/2016\/06\/70_lat_SGP_Wroclaw_9.jpg 736w, https:\/\/sgp.geodezja.org.pl\/wp-content\/uploads\/2016\/06\/70_lat_SGP_Wroclaw_9-221x300.jpg 221w\" sizes=\"auto, (max-width: 147px) 100vw, 147px\" \/><\/p>\n<p style=\"text-align: center;\"><strong>Tadeusz Nawracaj<\/strong><\/p>\n<p style=\"text-align: justify;\"><strong>G<\/strong>eodeci Dolnego \u015al\u0105ska zacz\u0119li si\u0119 organizowa\u0107 ju\u017c w 1945 roku, a ich delegatem na pierwszy zjazd <em>Zwi\u0105zku Mierniczych Rzeczypospolitej Polskiej <\/em>we wrze\u015bniu tego roku by\u0142 Konstanty Szpiganowicz. Z nim, w pa\u017adzierniku 1945 roku, geodeci Emeryk Ba\u0142aban, Bronis\u0142aw Galas, Franciszek \u0141uszpi\u0144ski, Stefan Zarosi\u0144ski podejmuj\u0105 prace nad powo\u0142aniem oddzia\u0142u wojew\u00f3dzkiego <em>Zwi\u0105zku, <\/em>zwie\u0144czone zwo\u0142aniem Walnego Zgromadzenia Oddzia\u0142u Wojew\u00f3dzkiego do Cieplic, w lutym 1946 roku. Zgromadzenie, w kt\u00f3rym uczestniczy\u0142o trzydziestu geodet\u00f3w, wybra\u0142o Zarz\u0105d Oddzia\u0142u, a obowi\u0105zki przewodnicz\u0105cego powierzono Konstantemu Szpiganowiczowi.<\/p>\n<p style=\"text-align: center;\"><img loading=\"lazy\" decoding=\"async\" class=\"size-full wp-image-1222\" style=\"margin-right: auto; margin-left: auto; display: block;\" src=\"https:\/\/sgp.geodezja.org.pl\/wp-content\/uploads\/2016\/06\/70_lat_SGP_Wroclaw_10.jpg\" alt=\"\" width=\"154\" height=\"200\" srcset=\"https:\/\/sgp.geodezja.org.pl\/wp-content\/uploads\/2016\/06\/70_lat_SGP_Wroclaw_10.jpg 769w, https:\/\/sgp.geodezja.org.pl\/wp-content\/uploads\/2016\/06\/70_lat_SGP_Wroclaw_10-231x300.jpg 231w\" sizes=\"auto, (max-width: 154px) 100vw, 154px\" \/><\/p>\n<p style=\"text-align: center;\"><strong>Bernard Kontny<\/strong><\/p>\n<p style=\"text-align: center;\"><img loading=\"lazy\" decoding=\"async\" class=\"size-full wp-image-1223\" style=\"margin-right: auto; margin-left: auto; display: block;\" src=\"https:\/\/sgp.geodezja.org.pl\/wp-content\/uploads\/2016\/06\/70_lat_SGP_Wroclaw_11.jpg\" alt=\"\" width=\"200\" height=\"177\" srcset=\"https:\/\/sgp.geodezja.org.pl\/wp-content\/uploads\/2016\/06\/70_lat_SGP_Wroclaw_11.jpg 1129w, https:\/\/sgp.geodezja.org.pl\/wp-content\/uploads\/2016\/06\/70_lat_SGP_Wroclaw_11-800x709.jpg 800w, https:\/\/sgp.geodezja.org.pl\/wp-content\/uploads\/2016\/06\/70_lat_SGP_Wroclaw_11-300x266.jpg 300w, https:\/\/sgp.geodezja.org.pl\/wp-content\/uploads\/2016\/06\/70_lat_SGP_Wroclaw_11-1024x907.jpg 1024w, https:\/\/sgp.geodezja.org.pl\/wp-content\/uploads\/2016\/06\/70_lat_SGP_Wroclaw_11-768x680.jpg 768w\" sizes=\"auto, (max-width: 200px) 100vw, 200px\" \/><\/p>\n<p style=\"text-align: center;\"><strong>Ryszard Pajkert<\/strong><\/p>\n<p style=\"text-align: justify;\"><strong>P<\/strong>ocz\u0105tkowa dzia\u0142alno\u015b\u0107 oddzia\u0142u do\u015b\u0107 trudna, nieukierunkowana, z czasem prowadzi do sformu\u0142owania cel\u00f3w i zada\u0144, skupia si\u0119 na prowadzeniu szkole\u0144 na poziomie \u015brednim, daj\u0105cym podstawy do uzyskania przez zainteresowanych dyplomu technika geodety. W polu dzia\u0142a\u0144 istotne miejsce znajduje problematyka produkcyjna przedsi\u0119biorstw i instytucji geodezyjnych, co skutkuje powo\u0142aniem k\u00f3\u0142 SGP\u00a0\u00a0 we wszystkich wi\u0119kszych zak\u0142adach pracy, zatrudniaj\u0105cych geodet\u00f3w.<\/p>\n<p style=\"text-align: center;\"><img loading=\"lazy\" decoding=\"async\" class=\"size-full wp-image-1224\" style=\"margin-right: auto; margin-left: auto; display: block;\" src=\"https:\/\/sgp.geodezja.org.pl\/wp-content\/uploads\/2016\/06\/70_lat_SGP_Wroclaw_12.jpg\" alt=\"\" width=\"146\" height=\"200\" srcset=\"https:\/\/sgp.geodezja.org.pl\/wp-content\/uploads\/2016\/06\/70_lat_SGP_Wroclaw_12.jpg 730w, https:\/\/sgp.geodezja.org.pl\/wp-content\/uploads\/2016\/06\/70_lat_SGP_Wroclaw_12-219x300.jpg 219w\" sizes=\"auto, (max-width: 146px) 100vw, 146px\" \/><\/p>\n<p style=\"text-align: center;\"><strong>Joanna Bac-Bronowicz<\/strong><\/p>\n<p style=\"text-align: center;\"><img loading=\"lazy\" decoding=\"async\" class=\"size-full wp-image-1225\" style=\"margin-right: auto; margin-left: auto; display: block;\" src=\"https:\/\/sgp.geodezja.org.pl\/wp-content\/uploads\/2016\/06\/70_lat_SGP_Wroclaw_13.jpg\" alt=\"\" width=\"148\" height=\"200\" srcset=\"https:\/\/sgp.geodezja.org.pl\/wp-content\/uploads\/2016\/06\/70_lat_SGP_Wroclaw_13.jpg 740w, https:\/\/sgp.geodezja.org.pl\/wp-content\/uploads\/2016\/06\/70_lat_SGP_Wroclaw_13-222x300.jpg 222w\" sizes=\"auto, (max-width: 148px) 100vw, 148px\" \/><\/p>\n<p style=\"text-align: center;\"><strong>Andrzej Puszy\u0144ski<\/strong><\/p>\n<p style=\"text-align: justify;\"><strong>R<\/strong>eforma administracyjna roku 1975, powo\u0142uj\u0105ca cztery wojew\u00f3dztwa na Dolnym \u015al\u0105sku, skutkowa\u0142a wyodr\u0119bnieniem si\u0119 oddzia\u0142u w Legnicy. Nast\u0105pi\u0142o to na Walnym Zgromadzeniu Delegat\u00f3w K\u00f3\u0142, jakie odby\u0142o si\u0119 w dniu 14 kwietnia 1986 roku. <em>\u201eJeste\u015bmy w jednym wojew\u00f3dztwie i nasza wi\u0119\u017a z Oddzia\u0142em Stowarzyszenia Geodet\u00f3w Polskich w Legnicy opiera si\u0119 nadal na kole\u017ce\u0144skiej, dobrej wsp\u00f3\u0142pracy. Z okazji jubileuszu trzydziestolecia SGP w Legnicy\u201d <\/em>geodetom tamtego oddzia\u0142u <em>\u201esk\u0142adamy gratulacje za wytrwa\u0142o\u015b\u0107 i serdeczne \u017cyczenia dalszego rozwoju\u201d.<\/em><\/p>\n<p><img loading=\"lazy\" decoding=\"async\" class=\"size-full wp-image-1226\" style=\"margin-right: auto; margin-left: auto; display: block;\" src=\"https:\/\/sgp.geodezja.org.pl\/wp-content\/uploads\/2016\/06\/70_lat_SGP_Wroclaw_14.jpg\" alt=\"\" width=\"200\" height=\"141\" srcset=\"https:\/\/sgp.geodezja.org.pl\/wp-content\/uploads\/2016\/06\/70_lat_SGP_Wroclaw_14.jpg 1420w, https:\/\/sgp.geodezja.org.pl\/wp-content\/uploads\/2016\/06\/70_lat_SGP_Wroclaw_14-800x563.jpg 800w, https:\/\/sgp.geodezja.org.pl\/wp-content\/uploads\/2016\/06\/70_lat_SGP_Wroclaw_14-300x211.jpg 300w, https:\/\/sgp.geodezja.org.pl\/wp-content\/uploads\/2016\/06\/70_lat_SGP_Wroclaw_14-1024x721.jpg 1024w, https:\/\/sgp.geodezja.org.pl\/wp-content\/uploads\/2016\/06\/70_lat_SGP_Wroclaw_14-768x541.jpg 768w\" sizes=\"auto, (max-width: 200px) 100vw, 200px\" \/><\/p>\n<p style=\"text-align: center;\"><strong>W\u0142odzimierz Chytry, Alina Kanigowska, Wies\u0142aw Firlici\u0144ski<\/strong><\/p>\n<p style=\"text-align: center;\"><img loading=\"lazy\" decoding=\"async\" class=\"size-full wp-image-1227\" style=\"margin-right: auto; margin-left: auto; display: block;\" src=\"https:\/\/sgp.geodezja.org.pl\/wp-content\/uploads\/2016\/06\/70_lat_SGP_Wroclaw_15.jpg\" alt=\"\" width=\"171\" height=\"200\" srcset=\"https:\/\/sgp.geodezja.org.pl\/wp-content\/uploads\/2016\/06\/70_lat_SGP_Wroclaw_15.jpg 853w, https:\/\/sgp.geodezja.org.pl\/wp-content\/uploads\/2016\/06\/70_lat_SGP_Wroclaw_15-800x938.jpg 800w, https:\/\/sgp.geodezja.org.pl\/wp-content\/uploads\/2016\/06\/70_lat_SGP_Wroclaw_15-256x300.jpg 256w, https:\/\/sgp.geodezja.org.pl\/wp-content\/uploads\/2016\/06\/70_lat_SGP_Wroclaw_15-768x900.jpg 768w\" sizes=\"auto, (max-width: 171px) 100vw, 171px\" \/><\/p>\n<p style=\"text-align: center;\"><strong>Danuta Bil<\/strong><\/p>\n<p style=\"text-align: justify;\"><strong>D<\/strong>zia\u0142alno\u015b\u0107 statutowa wroc\u0142awskiego oddzia\u0142u SGP <em>\u201erozwin\u0119\u0142a si\u0119, zw\u0142aszcza w zakresie przedsi\u0119wzi\u0119\u0107 szkoleniowych\u201d, <\/em>z kt\u00f3rych za najwa\u017cniejsz\u0105 uznaje si\u0119 <em>\u201eJesienn\u0105 Szko\u0142\u0119 Geodezji<\/em> <em> imieniem Jacka Rejmana\u201d, <\/em>jej tw\u00f3rcy w 1974 roku. Doroczny <em>Dzie\u0144 Geodezji <\/em>stanowi pole <em>\u201ewymiany do\u015bwiadcze\u0144\u201d <\/em>pracownik\u00f3w naukowych i wykonawc\u00f3w prac geodezyjnych. Wieloletnia wsp\u00f3\u0142praca Stowarzyszenia z wroc\u0142awskimi o\u015brodkami naukowymi owocuje spotkaniami naukowymi, konferencjami i sympozjami. <em>\u201eUprawnienia geodezyjne, szkolenia poprzedzaj\u0105ce egzaminy\u201d <\/em>potwierdzaj\u0105ce kwalifikacje zawodowe <em>\u201es\u0105 codziennym \u017cyciem w pracach Stowarzyszenia\u201d.<\/em><\/p>\n<p style=\"text-align: center;\"><em><img loading=\"lazy\" decoding=\"async\" class=\"size-full wp-image-1228\" style=\"margin-right: auto; margin-left: auto; display: block;\" src=\"https:\/\/sgp.geodezja.org.pl\/wp-content\/uploads\/2016\/06\/70_lat_SGP_Wroclaw_16.jpg\" alt=\"\" width=\"176\" height=\"200\" srcset=\"https:\/\/sgp.geodezja.org.pl\/wp-content\/uploads\/2016\/06\/70_lat_SGP_Wroclaw_16.jpg 882w, https:\/\/sgp.geodezja.org.pl\/wp-content\/uploads\/2016\/06\/70_lat_SGP_Wroclaw_16-800x907.jpg 800w, https:\/\/sgp.geodezja.org.pl\/wp-content\/uploads\/2016\/06\/70_lat_SGP_Wroclaw_16-265x300.jpg 265w, https:\/\/sgp.geodezja.org.pl\/wp-content\/uploads\/2016\/06\/70_lat_SGP_Wroclaw_16-768x871.jpg 768w\" sizes=\"auto, (max-width: 176px) 100vw, 176px\" \/><\/em><\/p>\n<p style=\"text-align: center;\"><em><strong>Krzysztof Cisek<\/strong><\/em><\/p>\n<p style=\"text-align: center;\"><em><img loading=\"lazy\" decoding=\"async\" class=\"size-full wp-image-1229\" style=\"margin-right: auto; margin-left: auto; display: block;\" src=\"https:\/\/sgp.geodezja.org.pl\/wp-content\/uploads\/2016\/06\/70_lat_SGP_Wroclaw_17.jpg\" alt=\"\" width=\"199\" height=\"200\" srcset=\"https:\/\/sgp.geodezja.org.pl\/wp-content\/uploads\/2016\/06\/70_lat_SGP_Wroclaw_17.jpg 996w, https:\/\/sgp.geodezja.org.pl\/wp-content\/uploads\/2016\/06\/70_lat_SGP_Wroclaw_17-325x325.jpg 325w, https:\/\/sgp.geodezja.org.pl\/wp-content\/uploads\/2016\/06\/70_lat_SGP_Wroclaw_17-100x100.jpg 100w, https:\/\/sgp.geodezja.org.pl\/wp-content\/uploads\/2016\/06\/70_lat_SGP_Wroclaw_17-800x803.jpg 800w, https:\/\/sgp.geodezja.org.pl\/wp-content\/uploads\/2016\/06\/70_lat_SGP_Wroclaw_17-300x300.jpg 300w, https:\/\/sgp.geodezja.org.pl\/wp-content\/uploads\/2016\/06\/70_lat_SGP_Wroclaw_17-150x150.jpg 150w, https:\/\/sgp.geodezja.org.pl\/wp-content\/uploads\/2016\/06\/70_lat_SGP_Wroclaw_17-768x771.jpg 768w\" sizes=\"auto, (max-width: 199px) 100vw, 199px\" \/><\/em><\/p>\n<p style=\"text-align: center;\"><em><strong>Mariola Gilska<\/strong><\/em><\/p>\n<p style=\"text-align: justify;\"><strong>D<\/strong>obrze uk\u0142ada si\u0119 wsp\u00f3\u0142praca Stowarzyszenia z Wojew\u00f3dzk\u0105 Rad\u0105 Federacji Stowarzysze\u0144 Naukowo-Technicznych NOT we Wroc\u0142awiu. Wyrazem wielkiego uznania dla dzia\u0142a\u0144 geodet\u00f3w na rzecz wroc\u0142awskiego \u015brodowiska in\u017cynierskiego jest umieszczenie nazwisk Mieczys\u0142awa Kwiatkowskiego, Franciszka Czernieckiego, Narcyza Malinowskiego, Tadeusza Wi\u015bniewskiego na tablicy <em>\u201eZas\u0142u\u017conych Dzia\u0142aczy Rady Wojew\u00f3dzkiej NOT\u201d, <\/em>umieszczonej w holu g\u0142\u00f3wnym domu Technika. Z g\u0142\u0119bokim \u017calem spo\u0142eczno\u015b\u0107 geodezyjna Dolnego \u015al\u0105ska, w 2013 roku<em> , <\/em>po\u017cegna\u0142a Tadeusza Wi\u015bniewskiego.<\/p>\n<p><img loading=\"lazy\" decoding=\"async\" class=\"size-full wp-image-1230\" style=\"margin-right: auto; margin-left: auto; display: block;\" src=\"https:\/\/sgp.geodezja.org.pl\/wp-content\/uploads\/2016\/06\/70_lat_SGP_Wroclaw_18.jpg\" alt=\"\" width=\"200\" height=\"169\" srcset=\"https:\/\/sgp.geodezja.org.pl\/wp-content\/uploads\/2016\/06\/70_lat_SGP_Wroclaw_18.jpg 1182w, https:\/\/sgp.geodezja.org.pl\/wp-content\/uploads\/2016\/06\/70_lat_SGP_Wroclaw_18-800x677.jpg 800w, https:\/\/sgp.geodezja.org.pl\/wp-content\/uploads\/2016\/06\/70_lat_SGP_Wroclaw_18-300x254.jpg 300w, https:\/\/sgp.geodezja.org.pl\/wp-content\/uploads\/2016\/06\/70_lat_SGP_Wroclaw_18-1024x866.jpg 1024w, https:\/\/sgp.geodezja.org.pl\/wp-content\/uploads\/2016\/06\/70_lat_SGP_Wroclaw_18-768x650.jpg 768w\" sizes=\"auto, (max-width: 200px) 100vw, 200px\" \/><\/p>\n<p style=\"text-align: center;\">\u00a0<strong>Gra\u017cyna Jany, Jan Ceg\u0142a, Bo\u017cena Tabisz, <em>w g\u0142\u0119bi <\/em>Stanis\u0142aw Cegielski<\/strong><\/p>\n<p style=\"text-align: center;\"><img loading=\"lazy\" decoding=\"async\" class=\"size-full wp-image-1231\" style=\"margin-right: auto; margin-left: auto; display: block;\" src=\"https:\/\/sgp.geodezja.org.pl\/wp-content\/uploads\/2016\/06\/70_lat_SGP_Wroclaw_19.jpg\" alt=\"\" width=\"200\" height=\"147\" srcset=\"https:\/\/sgp.geodezja.org.pl\/wp-content\/uploads\/2016\/06\/70_lat_SGP_Wroclaw_19.jpg 1362w, https:\/\/sgp.geodezja.org.pl\/wp-content\/uploads\/2016\/06\/70_lat_SGP_Wroclaw_19-800x587.jpg 800w, https:\/\/sgp.geodezja.org.pl\/wp-content\/uploads\/2016\/06\/70_lat_SGP_Wroclaw_19-300x220.jpg 300w, https:\/\/sgp.geodezja.org.pl\/wp-content\/uploads\/2016\/06\/70_lat_SGP_Wroclaw_19-1024x752.jpg 1024w, https:\/\/sgp.geodezja.org.pl\/wp-content\/uploads\/2016\/06\/70_lat_SGP_Wroclaw_19-768x564.jpg 768w\" sizes=\"auto, (max-width: 200px) 100vw, 200px\" \/><\/p>\n<p style=\"text-align: center;\"><strong>Bo\u017cena Tabisz, Piotr Fabia\u0144ski, Teresa R\u017canek-Kmiecik, <em>w g\u0142\u0119bi <\/em>Mieczys\u0142aw Gabryszewski<\/strong><\/p>\n<p style=\"text-align: justify;\"><strong>Z<\/strong>arz\u0105d Oddzia\u0142u podejmuje dzia\u0142ania integruj\u0105ce \u015brodowisko zawodowe geodet\u00f3w, poprzez <em>\u201espotkania senior\u00f3w, bale geodet\u00f3w, szkolenia, kursy, rajdy goniometru i jesienne spotkania \u201d. <\/em>Seniorzy wys\u0142uchali podzi\u0119kowa\u0144 <em>\u201eza trud wychowania i wykszta\u0142cenia m\u0142odej kadry geodet\u00f3w i dzia\u0142ania na rzecz SGP\u201d. <\/em>Podzi\u0119kowaniami dla prezes\u00f3w k\u00f3\u0142 SGP, cz\u0142onk\u00f3w Zarz\u0105du Oddzia\u0142u <em>\u201eza prac\u0119 spo\u0142eczn\u0105 dla dobra dolno\u015bl\u0105skich geodet\u00f3w\u201d Bo\u017cena Tabisz <\/em>ko\u0144czy\u0142a wyst\u0105pienie.<\/p>\n<p style=\"text-align: center;\"><img loading=\"lazy\" decoding=\"async\" class=\"size-full wp-image-1232\" style=\"margin-right: auto; margin-left: auto; display: block;\" src=\"https:\/\/sgp.geodezja.org.pl\/wp-content\/uploads\/2016\/06\/70_lat_SGP_Wroclaw_20.jpg\" alt=\"\" width=\"183\" height=\"200\" srcset=\"https:\/\/sgp.geodezja.org.pl\/wp-content\/uploads\/2016\/06\/70_lat_SGP_Wroclaw_20.jpg 913w, https:\/\/sgp.geodezja.org.pl\/wp-content\/uploads\/2016\/06\/70_lat_SGP_Wroclaw_20-800x876.jpg 800w, https:\/\/sgp.geodezja.org.pl\/wp-content\/uploads\/2016\/06\/70_lat_SGP_Wroclaw_20-274x300.jpg 274w, https:\/\/sgp.geodezja.org.pl\/wp-content\/uploads\/2016\/06\/70_lat_SGP_Wroclaw_20-768x841.jpg 768w\" sizes=\"auto, (max-width: 183px) 100vw, 183px\" \/><\/p>\n<p style=\"text-align: center;\"><strong>Waldemar Sztukiewicz<\/strong><\/p>\n<p style=\"text-align: center;\"><img loading=\"lazy\" decoding=\"async\" class=\"size-full wp-image-1233\" style=\"margin-right: auto; margin-left: auto; display: block;\" src=\"https:\/\/sgp.geodezja.org.pl\/wp-content\/uploads\/2016\/06\/70_lat_SGP_Wroclaw_21.jpg\" alt=\"\" width=\"200\" height=\"193\" srcset=\"https:\/\/sgp.geodezja.org.pl\/wp-content\/uploads\/2016\/06\/70_lat_SGP_Wroclaw_21.jpg 1036w, https:\/\/sgp.geodezja.org.pl\/wp-content\/uploads\/2016\/06\/70_lat_SGP_Wroclaw_21-800x772.jpg 800w, https:\/\/sgp.geodezja.org.pl\/wp-content\/uploads\/2016\/06\/70_lat_SGP_Wroclaw_21-300x290.jpg 300w, https:\/\/sgp.geodezja.org.pl\/wp-content\/uploads\/2016\/06\/70_lat_SGP_Wroclaw_21-1024x988.jpg 1024w, https:\/\/sgp.geodezja.org.pl\/wp-content\/uploads\/2016\/06\/70_lat_SGP_Wroclaw_21-768x741.jpg 768w\" sizes=\"auto, (max-width: 200px) 100vw, 200px\" \/><\/p>\n<p style=\"text-align: center;\"><strong>Bo\u017cena Tabisz, Halina Krynke<\/strong><\/p>\n<p style=\"text-align: justify;\"><strong><em>M<\/em><\/strong><em>ieczys\u0142aw Gabryszewski <\/em>podzi\u0119kowa\u0142 <em>Bo\u017cenie Tabisz <\/em>za wyg\u0142oszenie zwi\u0119z\u0142ej historii dolno\u015bl\u0105skich geodet\u00f3w i podkre\u015bli\u0142, \u017ce bez licznego grona anonimowo dzia\u0142aj\u0105cych nie by\u0142oby sukces\u00f3w. Skromne podzi\u0119kowanie znajd\u0105 oni w miejscowej gazecie. <strong>W<\/strong>yst\u0105pienia go\u015bci zawiera\u0142y, kierowane do <em>Bo\u017ceny Tabisz<\/em> i cz\u0142onk\u00f3w Zarz\u0105du jubileuszowe gratulacje i podzi\u0119kowania, tak\u017ce \u017cyczenia dalszej pracy dla dobra spo\u0142eczno\u015bci geodet\u00f3w dolno\u015bl\u0105skich i wielkiej satysfakcji z podejmowanych dzia\u0142a\u0144.<\/p>\n<p><img loading=\"lazy\" decoding=\"async\" class=\"size-full wp-image-1234\" style=\"margin-right: auto; margin-left: auto; display: block;\" src=\"https:\/\/sgp.geodezja.org.pl\/wp-content\/uploads\/2016\/06\/70_lat_SGP_Wroclaw_22.jpg\" alt=\"\" width=\"178\" height=\"200\" srcset=\"https:\/\/sgp.geodezja.org.pl\/wp-content\/uploads\/2016\/06\/70_lat_SGP_Wroclaw_22.jpg 888w, https:\/\/sgp.geodezja.org.pl\/wp-content\/uploads\/2016\/06\/70_lat_SGP_Wroclaw_22-800x901.jpg 800w, https:\/\/sgp.geodezja.org.pl\/wp-content\/uploads\/2016\/06\/70_lat_SGP_Wroclaw_22-266x300.jpg 266w, https:\/\/sgp.geodezja.org.pl\/wp-content\/uploads\/2016\/06\/70_lat_SGP_Wroclaw_22-768x865.jpg 768w\" sizes=\"auto, (max-width: 178px) 100vw, 178px\" \/><\/p>\n<p style=\"text-align: center;\"><strong>El\u017cbieta Biel<\/strong><\/p>\n<p><img loading=\"lazy\" decoding=\"async\" class=\"size-full wp-image-1235\" style=\"margin-right: auto; margin-left: auto; display: block;\" src=\"https:\/\/sgp.geodezja.org.pl\/wp-content\/uploads\/2016\/06\/70_lat_SGP_Wroclaw_23.jpg\" alt=\"\" width=\"200\" height=\"186\" srcset=\"https:\/\/sgp.geodezja.org.pl\/wp-content\/uploads\/2016\/06\/70_lat_SGP_Wroclaw_23.jpg 1075w, https:\/\/sgp.geodezja.org.pl\/wp-content\/uploads\/2016\/06\/70_lat_SGP_Wroclaw_23-800x744.jpg 800w, https:\/\/sgp.geodezja.org.pl\/wp-content\/uploads\/2016\/06\/70_lat_SGP_Wroclaw_23-300x279.jpg 300w, https:\/\/sgp.geodezja.org.pl\/wp-content\/uploads\/2016\/06\/70_lat_SGP_Wroclaw_23-1024x953.jpg 1024w, https:\/\/sgp.geodezja.org.pl\/wp-content\/uploads\/2016\/06\/70_lat_SGP_Wroclaw_23-768x714.jpg 768w\" sizes=\"auto, (max-width: 200px) 100vw, 200px\" \/><\/p>\n<p style=\"text-align: center;\"><strong>Bo\u017cena Tabisz, Ludmi\u0142a Pietrzak<\/strong><\/p>\n<p style=\"text-align: justify;\"><strong><em>C<\/em><\/strong><em>ezary Przybylski <\/em>dzi\u0119kuj\u0105c za zaproszenie na jubileuszow\u0105 uroczysto\u015b\u0107 podkre\u015bla\u0142 znaczenie geodezji dla gospodarki oraz sprawnego funkcjonowania administracji rz\u0105dowej i chwali\u0142 prac\u0119 Alicji Meusz. Przywo\u0142a\u0142 dobre rezultaty wsp\u00f3\u0142pracy z G\u0142\u00f3wnym Geodet\u0105 Kraju i wskazywa\u0142 na zrozumienie potrzeby wsp\u00f3lnej spo\u0142ecznej pracy geodet\u00f3w, kt\u00f3ra trwa ju\u017c od 1945 roku. Urz\u0105d Marsza\u0142kowski przygotowuje, wesp\u00f3\u0142 z powiatami, program maj\u0105cy na celu cyfryzacj\u0119 zasobu geodezyjnego i kartograficznego. <em>\u201eWojew\u00f3dztwo dolno\u015bl\u0105skie jest laureatem konkursu na informatyzacj\u0119 us\u0142ug administracyjnych\u201d. <\/em>Obchodzony <em>\u201eRok mapy\u201d <\/em>sprzyja upowszechnianiu rezultat\u00f3w pracy geodet\u00f3w i kartograf\u00f3w, poprzez wystawy, konferencje tematyczne, rozbudow\u0119 mapy 3D i pokazywanie znaczenia map historycznych. Urz\u0105d Marsza\u0142kowski jest zainteresowany wieloma projektami, w kt\u00f3rych przydatn\u0105 i wa\u017cn\u0105 rol\u0119 spe\u0142niaj\u0105 informacje geodezyjne i kartograficzne. Ko\u0144cz\u0105c wyst\u0105pienie Marsza\u0142ek <em>Przybylski <\/em>zapewni\u0142 o swojej pomocy i wsparciu dla geodet\u00f3w. Z okazji siedemdziesi\u0119ciolecia SGP we Wroc\u0142awiu \u017cyczy\u0142 geodetom satysfakcji z podejmowanych dzia\u0142a\u0144 i <em>\u201eprzychylnych, ciep\u0142ych ludzi wok\u00f3\u0142 siebie\u201d.<\/em><\/p>\n<p style=\"text-align: center;\"><em><img loading=\"lazy\" decoding=\"async\" class=\"size-full wp-image-1236\" style=\"margin-right: auto; margin-left: auto; display: block;\" src=\"https:\/\/sgp.geodezja.org.pl\/wp-content\/uploads\/2016\/06\/70_lat_SGP_Wroclaw_24.jpg\" alt=\"\" width=\"200\" height=\"127\" srcset=\"https:\/\/sgp.geodezja.org.pl\/wp-content\/uploads\/2016\/06\/70_lat_SGP_Wroclaw_24.jpg 1500w, https:\/\/sgp.geodezja.org.pl\/wp-content\/uploads\/2016\/06\/70_lat_SGP_Wroclaw_24-800x509.jpg 800w, https:\/\/sgp.geodezja.org.pl\/wp-content\/uploads\/2016\/06\/70_lat_SGP_Wroclaw_24-300x191.jpg 300w, https:\/\/sgp.geodezja.org.pl\/wp-content\/uploads\/2016\/06\/70_lat_SGP_Wroclaw_24-1024x651.jpg 1024w, https:\/\/sgp.geodezja.org.pl\/wp-content\/uploads\/2016\/06\/70_lat_SGP_Wroclaw_24-768x488.jpg 768w\" sizes=\"auto, (max-width: 200px) 100vw, 200px\" \/><\/em><\/p>\n<p style=\"text-align: center;\"><em><strong>Tadeusz Borysiuk, Bo\u017cena Tabisz, Czes\u0142aw Bartoszewicz<\/strong><\/em><\/p>\n<p style=\"text-align: center;\"><em><strong><img loading=\"lazy\" decoding=\"async\" class=\"size-full wp-image-1237\" src=\"https:\/\/sgp.geodezja.org.pl\/wp-content\/uploads\/2016\/06\/70_lat_SGP_Wroclaw_25.jpg\" alt=\"\" width=\"200\" height=\"188\" srcset=\"https:\/\/sgp.geodezja.org.pl\/wp-content\/uploads\/2016\/06\/70_lat_SGP_Wroclaw_25.jpg 1063w, https:\/\/sgp.geodezja.org.pl\/wp-content\/uploads\/2016\/06\/70_lat_SGP_Wroclaw_25-800x753.jpg 800w, https:\/\/sgp.geodezja.org.pl\/wp-content\/uploads\/2016\/06\/70_lat_SGP_Wroclaw_25-300x282.jpg 300w, https:\/\/sgp.geodezja.org.pl\/wp-content\/uploads\/2016\/06\/70_lat_SGP_Wroclaw_25-1024x963.jpg 1024w, https:\/\/sgp.geodezja.org.pl\/wp-content\/uploads\/2016\/06\/70_lat_SGP_Wroclaw_25-768x722.jpg 768w\" sizes=\"auto, (max-width: 200px) 100vw, 200px\" \/><\/strong><\/em><\/p>\n<p style=\"text-align: center;\"><em><strong>Andrzej Pachuta, Bo\u017cena Tabisz<\/strong><\/em><\/p>\n<p style=\"text-align: justify;\"><strong><em>T<\/em><\/strong><em>adeusz Nawracaj<\/em> pochwali\u0142, za wielostronn\u0105 dzia\u0142alno\u015b\u0107 Stowarzyszenie Geodet\u00f3w Polskich, kt\u00f3re w\u015br\u00f3d dziewi\u0119tnastu sfederowanych w Radzie stowarzysze\u0144 <em>\u201ewiedzie prym\u201d. <\/em>Z istotnych dla NOT wydarze\u0144 przywo\u0142a\u0142 wystaw\u0119 techniczn\u0105 sprz\u0119tu geodezyjnego zorganizowan\u0105 w 1955 roku i z 1961 roku I Kongres Technik\u00f3w Polskich. Z okazji jubileuszu z\u0142o\u017cy\u0142 geodetom gratulacje i \u017cyczy\u0142 wiele sukces\u00f3w.<\/p>\n<p style=\"text-align: center;\"><img loading=\"lazy\" decoding=\"async\" class=\"size-full wp-image-1238\" style=\"margin-right: auto; margin-left: auto; display: block;\" src=\"https:\/\/sgp.geodezja.org.pl\/wp-content\/uploads\/2016\/06\/70_lat_SGP_Wroclaw_26.jpg\" alt=\"\" width=\"200\" height=\"135\" srcset=\"https:\/\/sgp.geodezja.org.pl\/wp-content\/uploads\/2016\/06\/70_lat_SGP_Wroclaw_26.jpg 1486w, https:\/\/sgp.geodezja.org.pl\/wp-content\/uploads\/2016\/06\/70_lat_SGP_Wroclaw_26-800x538.jpg 800w, https:\/\/sgp.geodezja.org.pl\/wp-content\/uploads\/2016\/06\/70_lat_SGP_Wroclaw_26-300x202.jpg 300w, https:\/\/sgp.geodezja.org.pl\/wp-content\/uploads\/2016\/06\/70_lat_SGP_Wroclaw_26-1024x689.jpg 1024w, https:\/\/sgp.geodezja.org.pl\/wp-content\/uploads\/2016\/06\/70_lat_SGP_Wroclaw_26-768x517.jpg 768w\" sizes=\"auto, (max-width: 200px) 100vw, 200px\" \/><\/p>\n<p style=\"text-align: center;\"><strong>Stefan Caco\u0144<\/strong><\/p>\n<p style=\"text-align: center;\"><img loading=\"lazy\" decoding=\"async\" class=\"size-full wp-image-1239\" style=\"margin-right: auto; margin-left: auto; display: block;\" src=\"https:\/\/sgp.geodezja.org.pl\/wp-content\/uploads\/2016\/06\/70_lat_SGP_Wroclaw_27.jpg\" alt=\"\" width=\"147\" height=\"200\" srcset=\"https:\/\/sgp.geodezja.org.pl\/wp-content\/uploads\/2016\/06\/70_lat_SGP_Wroclaw_27.jpg 734w, https:\/\/sgp.geodezja.org.pl\/wp-content\/uploads\/2016\/06\/70_lat_SGP_Wroclaw_27-220x300.jpg 220w\" sizes=\"auto, (max-width: 147px) 100vw, 147px\" \/><\/p>\n<p style=\"text-align: center;\"><strong><em>Przemawia <\/em>Prezes Stanis\u0142aw Cegielski<\/strong><\/p>\n<p style=\"text-align: justify;\"><strong><em>R<\/em><\/strong><em>yszard Pajkert<\/em> dzi\u0119kowa\u0142 geodetom Oddzia\u0142u za wiele lat wsp\u00f3\u0142pracy. Gratuluj\u0105c jubileuszowego \u015bwi\u0119ta zapewnia\u0142 o woli dalszej wsp\u00f3\u0142pracy ze Stowarzyszenie i \u017cyczy\u0142 <em>\u201eWszystkiego najlepszego na nast\u0119pne lata\u201d. <\/em>Gratulacje i \u017cyczenia dla jubilat\u00f3w Alicja Meusz Wojew\u00f3dzki Inspektor Nadzoru Geodezyjnego i Kartograficznego zawar\u0142a w nades\u0142anym okoliczno\u015bciowym li\u015bcie. <strong><em>B<\/em><\/strong><em>ernard Kontny<\/em> \u017cyczy\u0142 wroc\u0142awskim geodetom <em>\u201ewiele okr\u0105g\u0142ych rocznic\u201d i dzi\u0119kowa\u0142 za dobr\u0105 wsp\u00f3\u0142prac\u0119 z Zarz\u0105dem Oddzia\u0142u. <\/em><strong><em>J<\/em><\/strong><em>oanna Bac-Bronowicz <\/em>przekaza\u0142a <em>\u201enajserdeczniejsze \u017cyczenia jubileuszowe\u201d<\/em> i podkre\u015bli\u0142a, \u017ce czuje si\u0119 <em>\u201edzieckiem Stowarzyszenia, bo kartografowie doznaj\u0105 nieustannej \u017cyczliwo\u015bci geodet\u00f3w\u201d. <\/em><strong><em>A<\/em><\/strong><em>ndrzej Puszy\u0144ski<\/em> gratuluj\u0105c wspania\u0142ego Jubileuszu z\u0142o\u017cy\u0142 <em>\u201e\u017cyczenia zdrowia i wszelkiej pomy\u015blno\u015bci, bo wsp\u00f3\u0142pracuj\u0119 i sympatyzuj\u0119 ze Stowarzyszeniem Geodet\u00f3w Polskich. Podejmujemy wiele wsp\u00f3lnych dzia\u0142a\u0144 na rzecz cz\u0142onk\u00f3w naszych organizacji\u201d. <\/em>Za wszystkie wsp\u00f3lnie prze\u017cywane pi\u0119kne chwile Chemicy wroc\u0142awscy nadaj\u0105 Zarz\u0105dowi Oddzia\u0142u SGP <em>\u201estatus Sympatyka Stowarzyszenia\u201d, <\/em>a osobny certyfikat <em>Bo\u017cenie Tabisz.<\/em><\/p>\n<p><img loading=\"lazy\" decoding=\"async\" class=\"size-full wp-image-1240\" style=\"margin-right: auto; margin-left: auto; display: block;\" src=\"https:\/\/sgp.geodezja.org.pl\/wp-content\/uploads\/2016\/06\/70_lat_SGP_Wroclaw_28.jpg\" alt=\"\" width=\"200\" height=\"175\" srcset=\"https:\/\/sgp.geodezja.org.pl\/wp-content\/uploads\/2016\/06\/70_lat_SGP_Wroclaw_28.jpg 1145w, https:\/\/sgp.geodezja.org.pl\/wp-content\/uploads\/2016\/06\/70_lat_SGP_Wroclaw_28-800x699.jpg 800w, https:\/\/sgp.geodezja.org.pl\/wp-content\/uploads\/2016\/06\/70_lat_SGP_Wroclaw_28-300x262.jpg 300w, https:\/\/sgp.geodezja.org.pl\/wp-content\/uploads\/2016\/06\/70_lat_SGP_Wroclaw_28-1024x894.jpg 1024w, https:\/\/sgp.geodezja.org.pl\/wp-content\/uploads\/2016\/06\/70_lat_SGP_Wroclaw_28-768x671.jpg 768w\" sizes=\"auto, (max-width: 200px) 100vw, 200px\" \/><\/p>\n<p style=\"text-align: center;\">\u00a0<strong>Stanis\u0142aw Cegielski, Bo\u017cena Tabisz<\/strong><\/p>\n<p><img loading=\"lazy\" decoding=\"async\" class=\"size-full wp-image-1241\" style=\"margin-right: auto; margin-left: auto; display: block;\" src=\"https:\/\/sgp.geodezja.org.pl\/wp-content\/uploads\/2016\/06\/70_lat_SGP_Wroclaw_29.jpg\" alt=\"\" width=\"197\" height=\"200\" srcset=\"https:\/\/sgp.geodezja.org.pl\/wp-content\/uploads\/2016\/06\/70_lat_SGP_Wroclaw_29.jpg 986w, https:\/\/sgp.geodezja.org.pl\/wp-content\/uploads\/2016\/06\/70_lat_SGP_Wroclaw_29-800x811.jpg 800w, https:\/\/sgp.geodezja.org.pl\/wp-content\/uploads\/2016\/06\/70_lat_SGP_Wroclaw_29-296x300.jpg 296w, https:\/\/sgp.geodezja.org.pl\/wp-content\/uploads\/2016\/06\/70_lat_SGP_Wroclaw_29-768x779.jpg 768w\" sizes=\"auto, (max-width: 197px) 100vw, 197px\" \/><\/p>\n<p style=\"text-align: center;\"><strong>Bo\u017cena Tabisz, Henryk Musiatowicz, <em>po lewej figurka \u015aw. Jakuba Starszego patrona Olsztyna<\/em><\/strong><\/p>\n<p style=\"text-align: justify;\"><strong>G<\/strong>ratulacje i \u017cyczenia Jubilatom sk\u0142adali przedstawiciele licznie reprezentowanych oddzia\u0142\u00f3w SGP. Wraz z nimi w r\u0119ce <em>Bo\u017ceny Tabisz<\/em> trafia\u0142y<em> \u201ez sercem podawane upominki i pami\u0105tki\u201d. <\/em><strong><em>W<\/em><\/strong><em>ies\u0142aw Firlici\u0144ski<\/em> (w asystencji Aliny Kanigowskiej i W\u0142odzimierza Chytrego) gratuluj\u0105c osi\u0105gni\u0119\u0107 w minionych latach zapewnia\u0142, \u017ce cho\u0107 <em>\u201ewyszli\u015bmy z wroc\u0142awskiego oddzia\u0142u przed trzydziestu laty, to nie odeszli\u015bmy i ci\u0105gle jeste\u015bmy razem\u201d. <\/em><strong><em>D<\/em><\/strong><em>anuta Bil<\/em> (Kielce), gratuluj\u0105c osi\u0105gni\u0119\u0107 organizacyjnych i dzia\u0142a\u0144 integruj\u0105cych \u015brodowisko geodet\u00f3w wroc\u0142awskich \u017cyczy\u0142a Oddzia\u0142owi dalszych sukces\u00f3w, a tak\u017ce zdrowia, wszelkiej pomy\u015blno\u015bci i \u017cyciowego szcz\u0119\u015bcia.<\/p>\n<p style=\"text-align: center;\"><img loading=\"lazy\" decoding=\"async\" class=\"size-full wp-image-1242\" style=\"margin-right: auto; margin-left: auto; display: block;\" src=\"https:\/\/sgp.geodezja.org.pl\/wp-content\/uploads\/2016\/06\/70_lat_SGP_Wroclaw_30.jpg\" alt=\"\" width=\"200\" height=\"158\" srcset=\"https:\/\/sgp.geodezja.org.pl\/wp-content\/uploads\/2016\/06\/70_lat_SGP_Wroclaw_30.jpg 1269w, https:\/\/sgp.geodezja.org.pl\/wp-content\/uploads\/2016\/06\/70_lat_SGP_Wroclaw_30-800x630.jpg 800w, https:\/\/sgp.geodezja.org.pl\/wp-content\/uploads\/2016\/06\/70_lat_SGP_Wroclaw_30-300x236.jpg 300w, https:\/\/sgp.geodezja.org.pl\/wp-content\/uploads\/2016\/06\/70_lat_SGP_Wroclaw_30-1024x807.jpg 1024w, https:\/\/sgp.geodezja.org.pl\/wp-content\/uploads\/2016\/06\/70_lat_SGP_Wroclaw_30-768x605.jpg 768w\" sizes=\"auto, (max-width: 200px) 100vw, 200px\" \/><\/p>\n<p style=\"text-align: center;\"><strong>R<\/strong><strong>edaktor Naczelna Ludmi\u0142a Pietrzak <em>prezentuje \u201edolno\u015bl\u0105ski\u201d numer \u201ePrzegl\u0105du Geodezyjnego\u201d<\/em><\/strong><\/p>\n<p style=\"text-align: center;\">\u00a0<img loading=\"lazy\" decoding=\"async\" class=\"size-full wp-image-1243\" src=\"https:\/\/sgp.geodezja.org.pl\/wp-content\/uploads\/2016\/06\/70_lat_SGP_Wroclaw_31.jpg\" alt=\"\" width=\"181\" height=\"200\" srcset=\"https:\/\/sgp.geodezja.org.pl\/wp-content\/uploads\/2016\/06\/70_lat_SGP_Wroclaw_31.jpg 905w, https:\/\/sgp.geodezja.org.pl\/wp-content\/uploads\/2016\/06\/70_lat_SGP_Wroclaw_31-800x884.jpg 800w, https:\/\/sgp.geodezja.org.pl\/wp-content\/uploads\/2016\/06\/70_lat_SGP_Wroclaw_31-272x300.jpg 272w, https:\/\/sgp.geodezja.org.pl\/wp-content\/uploads\/2016\/06\/70_lat_SGP_Wroclaw_31-768x849.jpg 768w\" sizes=\"auto, (max-width: 181px) 100vw, 181px\" \/><\/p>\n<p style=\"text-align: center;\"><strong>Bo\u017cena Tabisz, Anna Kowalewska, Agata Milkiewicz<\/strong><\/p>\n<p style=\"text-align: justify;\"><strong><em>A<\/em><\/strong><em>ndrzej Betka<\/em> (Zielona G\u00f3ra) sk\u0142adaj\u0105c okoliczno\u015bciowe gratulacje, \u017cyczy\u0142 geodetom wroc\u0142awskim dalszej pomy\u015blno\u015bci i sukces\u00f3w organizacyjnych i zawodowych. <strong><em>M<\/em><\/strong><em>ariola Gilska<\/em> z\u0142o\u017cy\u0142a gratulacje i wielce serdeczne \u017cyczenia pomy\u015blno\u015bci Jubilatom na przysz\u0142e lata od geodet\u00f3w Warmii i Mazur, a gwarantem ich autentyczno\u015bci sta\u0142 si\u0119 \u015bwi\u0119ty Jakub Starszy z herbu Olsztyna, przyj\u0105wszy posta\u0107 barwnej, szklanej figurki.<\/p>\n<p style=\"text-align: center;\"><img loading=\"lazy\" decoding=\"async\" class=\"size-full wp-image-1244\" style=\"margin-right: auto; margin-left: auto; display: block;\" src=\"https:\/\/sgp.geodezja.org.pl\/wp-content\/uploads\/2016\/06\/70_lat_SGP_Wroclaw_32.jpg\" alt=\"\" width=\"200\" height=\"154\" srcset=\"https:\/\/sgp.geodezja.org.pl\/wp-content\/uploads\/2016\/06\/70_lat_SGP_Wroclaw_32.jpg 1296w, https:\/\/sgp.geodezja.org.pl\/wp-content\/uploads\/2016\/06\/70_lat_SGP_Wroclaw_32-800x617.jpg 800w, https:\/\/sgp.geodezja.org.pl\/wp-content\/uploads\/2016\/06\/70_lat_SGP_Wroclaw_32-300x231.jpg 300w, https:\/\/sgp.geodezja.org.pl\/wp-content\/uploads\/2016\/06\/70_lat_SGP_Wroclaw_32-1024x790.jpg 1024w, https:\/\/sgp.geodezja.org.pl\/wp-content\/uploads\/2016\/06\/70_lat_SGP_Wroclaw_32-768x593.jpg 768w\" sizes=\"auto, (max-width: 200px) 100vw, 200px\" \/><\/p>\n<p style=\"text-align: center;\"><strong>W\u0142adys\u0142aw Kluczewski, Stanis\u0142aw Cegielski, Bo\u017cena Tabisz<\/strong><\/p>\n<p style=\"text-align: center;\"><img loading=\"lazy\" decoding=\"async\" class=\"size-full wp-image-1245\" style=\"margin-right: auto; margin-left: auto; display: block;\" src=\"https:\/\/sgp.geodezja.org.pl\/wp-content\/uploads\/2016\/06\/70_lat_SGP_Wroclaw_33.jpg\" alt=\"\" width=\"196\" height=\"200\" srcset=\"https:\/\/sgp.geodezja.org.pl\/wp-content\/uploads\/2016\/06\/70_lat_SGP_Wroclaw_33.jpg 980w, https:\/\/sgp.geodezja.org.pl\/wp-content\/uploads\/2016\/06\/70_lat_SGP_Wroclaw_33-800x816.jpg 800w, https:\/\/sgp.geodezja.org.pl\/wp-content\/uploads\/2016\/06\/70_lat_SGP_Wroclaw_33-294x300.jpg 294w, https:\/\/sgp.geodezja.org.pl\/wp-content\/uploads\/2016\/06\/70_lat_SGP_Wroclaw_33-768x784.jpg 768w\" sizes=\"auto, (max-width: 196px) 100vw, 196px\" \/><\/p>\n<p style=\"text-align: center;\"><strong>J\u00f3zef Wo\u017aniak, Stanis\u0142aw Cegielski<\/strong><\/p>\n<p style=\"text-align: justify;\"><strong><em>K<\/em><\/strong><em>rzysztof Cisek<\/em> (Rzesz\u00f3w) podzi\u0119kowa\u0142 za mo\u017cliwo\u015b\u0107 uczestniczenia w \u015bwi\u0119cie geodet\u00f3w Wroc\u0142awia, gratulowa\u0142 osi\u0105gni\u0119\u0107 i wiele wspaniale prowadzonych dzie\u0142 dla dobra zawodu. <em>\u201eNiech przychylny los prowadzi Was szcz\u0119\u015bliwie przez wiele, wiele lat\u201d. <\/em><strong><em>J<\/em><\/strong><em>an Ceg\u0142a<\/em> (w asystencji <em>Gra\u017cyny Jany<\/em>) wyrazi\u0142 rado\u015b\u0107 z mo\u017cliwo\u015bci bycia <em>\u201erazem z Wami w tak donios\u0142ej chwili\u201d,<\/em> gratulowa\u0142 wspania\u0142ej uroczysto\u015bci, \u017cycz\u0105c<em> \u201esukces\u00f3w w \u017cyciu zawodowym i rodzinnym Waszym cz\u0142onkom i sympatykom\u201d. <\/em>Doda\u0142: <em>\u201eZ satysfakcj\u0105 przekazujemy Wam drobny nasz dar, zawieraj\u0105cy wielkie dzie\u0142o naszych przodk\u00f3w w postaci reprintu Statutu Kaliskiego Artura Szyka, o kt\u00f3rym to dziele sam autor napisa\u0142 &#8211; <\/em>To dzie\u0142o dedykuj\u0119 na chwa\u0142\u0119 Polski, mojej Ojczyzny\u201d. <strong><em>T<\/em><\/strong><em>eresa R\u017canek-Kmiecik<\/em> (\u0141\u00f3d\u017a) przekaza\u0142a <em>\u201enajserdeczniejsze gratulacje i powinszowania\u201d <\/em> i doda\u0142a: <em>\u201e\u017byczymy Jubilatowi wiele osi\u0105gni\u0119\u0107 w nast\u0119pnych latach dzia\u0142alno\u015bci i wiele kolejnych jubileusz\u00f3w\u201d.<\/em><\/p>\n<p style=\"text-align: center;\"><em><img loading=\"lazy\" decoding=\"async\" class=\"size-full wp-image-1246\" style=\"margin-right: auto; margin-left: auto; display: block;\" src=\"https:\/\/sgp.geodezja.org.pl\/wp-content\/uploads\/2016\/06\/70_lat_SGP_Wroclaw_34.jpg\" alt=\"\" width=\"200\" height=\"149\" srcset=\"https:\/\/sgp.geodezja.org.pl\/wp-content\/uploads\/2016\/06\/70_lat_SGP_Wroclaw_34.jpg 1338w, https:\/\/sgp.geodezja.org.pl\/wp-content\/uploads\/2016\/06\/70_lat_SGP_Wroclaw_34-800x598.jpg 800w, https:\/\/sgp.geodezja.org.pl\/wp-content\/uploads\/2016\/06\/70_lat_SGP_Wroclaw_34-300x224.jpg 300w, https:\/\/sgp.geodezja.org.pl\/wp-content\/uploads\/2016\/06\/70_lat_SGP_Wroclaw_34-1024x765.jpg 1024w, https:\/\/sgp.geodezja.org.pl\/wp-content\/uploads\/2016\/06\/70_lat_SGP_Wroclaw_34-768x574.jpg 768w\" sizes=\"auto, (max-width: 200px) 100vw, 200px\" \/><\/em><\/p>\n<p style=\"text-align: center;\"><em><strong>Tadeusz Nawracaj, Anna Mielnik, Pawe\u0142 Zaj\u0105c, Bernard Kontny<\/strong><\/em><\/p>\n<p style=\"text-align: center;\"><img loading=\"lazy\" decoding=\"async\" class=\"size-full wp-image-1247\" style=\"margin-right: auto; margin-left: auto; display: block;\" src=\"https:\/\/sgp.geodezja.org.pl\/wp-content\/uploads\/2016\/06\/70_lat_SGP_Wroclaw_35.jpg\" alt=\"\" width=\"200\" height=\"125\" srcset=\"https:\/\/sgp.geodezja.org.pl\/wp-content\/uploads\/2016\/06\/70_lat_SGP_Wroclaw_35.jpg 1500w, https:\/\/sgp.geodezja.org.pl\/wp-content\/uploads\/2016\/06\/70_lat_SGP_Wroclaw_35-800x500.jpg 800w, https:\/\/sgp.geodezja.org.pl\/wp-content\/uploads\/2016\/06\/70_lat_SGP_Wroclaw_35-300x188.jpg 300w, https:\/\/sgp.geodezja.org.pl\/wp-content\/uploads\/2016\/06\/70_lat_SGP_Wroclaw_35-1024x640.jpg 1024w, https:\/\/sgp.geodezja.org.pl\/wp-content\/uploads\/2016\/06\/70_lat_SGP_Wroclaw_35-768x480.jpg 768w\" sizes=\"auto, (max-width: 200px) 100vw, 200px\" \/><\/p>\n<p style=\"text-align: center;\"><strong><em>Zas\u0142u\u017ceni Seniorzy SGP z <\/em>Bo\u017cen\u0105 Tabisz i Stanis\u0142awem Cegielskim<\/strong><\/p>\n<p style=\"text-align: justify;\"><strong><em>W<\/em><\/strong><em>aldemar Sztukiewicza<\/em> (Pozna\u0144) z\u0142o\u017cy\u0142 \u017cyczenia Zarz\u0105dowi i cz\u0142onkom Oddzia\u0142u gratulacje i \u017cyczenia <em>\u201edalszych osi\u0105gni\u0119\u0107 w dzia\u0142alno\u015bci stowarzyszeniowej i sukces\u00f3w w pracy zawodowej\u201d. <\/em><strong><em>H<\/em><\/strong><em>alina Krynke <\/em>(Koszalin) podzi\u0119kowa\u0142a za mo\u017cliwo\u015b\u0107 \u015bwi\u0119towania Jubileuszu <em>\u201erazem z Wami, bo to daje wiele rado\u015bci. Gratuluj\u0119 Waszych dokona\u0144 organizacyjnych, zawodowych i kole\u017ce\u0144skich. \u017bycz\u0119 te\u017c wszelkiej pomy\u015blno\u015bci i satysfakcji na nadchodz\u0105cy czas\u201d. <\/em><strong><em>E<\/em><\/strong><em>l\u017cbieta Biel<\/em> (Krak\u00f3w) z\u0142o\u017cy\u0142a serdeczne gratulacje geodetom wroc\u0142awskim z okazji Jubileuszu, kt\u00f3ry jest powodem<em> \u201edo satysfakcji i dumy dla wszystkich, kt\u00f3rzy tworzyli dotychczasow\u0105 histori\u0119 Oddzia\u0142u Wroc\u0142awskiego SGP, jak r\u00f3wnie\u017c dla tych, kt\u00f3rzy dzi\u015b stanowi\u0105 o jego kszta\u0142cie i dzia\u0142alno\u015bci. Niech kolejne lata przynios\u0105 same pomy\u015blne chwile i sukcesy\u201d.<\/em><\/p>\n<p style=\"text-align: center;\"><em><img loading=\"lazy\" decoding=\"async\" class=\"size-full wp-image-1248\" style=\"margin-right: auto; margin-left: auto; display: block;\" src=\"https:\/\/sgp.geodezja.org.pl\/wp-content\/uploads\/2016\/06\/70_lat_SGP_Wroclaw_36.jpg\" alt=\"\" width=\"172\" height=\"200\" srcset=\"https:\/\/sgp.geodezja.org.pl\/wp-content\/uploads\/2016\/06\/70_lat_SGP_Wroclaw_36.jpg 858w, https:\/\/sgp.geodezja.org.pl\/wp-content\/uploads\/2016\/06\/70_lat_SGP_Wroclaw_36-800x932.jpg 800w, https:\/\/sgp.geodezja.org.pl\/wp-content\/uploads\/2016\/06\/70_lat_SGP_Wroclaw_36-257x300.jpg 257w, https:\/\/sgp.geodezja.org.pl\/wp-content\/uploads\/2016\/06\/70_lat_SGP_Wroclaw_36-768x895.jpg 768w\" sizes=\"auto, (max-width: 172px) 100vw, 172px\" \/><\/em><\/p>\n<p style=\"text-align: center;\"><em><strong>Przemawia Prezes Honorowy Oddzia\u0142u Franciszek Czerniecki<\/strong><\/em><\/p>\n<p style=\"text-align: center;\"><em><img loading=\"lazy\" decoding=\"async\" class=\"size-full wp-image-1249\" style=\"margin-right: auto; margin-left: auto; display: block;\" src=\"https:\/\/sgp.geodezja.org.pl\/wp-content\/uploads\/2016\/06\/70_lat_SGP_Wroclaw_37.jpg\" alt=\"\" width=\"166\" height=\"200\" srcset=\"https:\/\/sgp.geodezja.org.pl\/wp-content\/uploads\/2016\/06\/70_lat_SGP_Wroclaw_37.jpg 830w, https:\/\/sgp.geodezja.org.pl\/wp-content\/uploads\/2016\/06\/70_lat_SGP_Wroclaw_37-800x964.jpg 800w, https:\/\/sgp.geodezja.org.pl\/wp-content\/uploads\/2016\/06\/70_lat_SGP_Wroclaw_37-249x300.jpg 249w, https:\/\/sgp.geodezja.org.pl\/wp-content\/uploads\/2016\/06\/70_lat_SGP_Wroclaw_37-768x925.jpg 768w\" sizes=\"auto, (max-width: 166px) 100vw, 166px\" \/><\/em><\/p>\n<p style=\"text-align: center;\"><em><strong>Bo\u017cena Tabisz otwiera uroczysty wiecz\u00f3r<\/strong><\/em><\/p>\n<p style=\"text-align: justify;\"><strong><em>L<\/em><\/strong><em>udmi\u0142a Pietrzak<\/em> z\u0142o\u017cy\u0142a geodetom wroc\u0142awskim, w imieniu geodet\u00f3w Suwalszczyzny oraz Redakcji <em>\u201ePrzegl\u0105du Geodezyjnego\u201d<\/em> serdeczne gratulacje i wyrazy uznania za wspania\u0142e dokonania zwie\u0144czone niepodwa\u017calnymi sukcesami na polu stowarzyszeniowym i zawodowym. <em>\u201eWszystkim cz\u0142onkom oddzia\u0142u \u017cyczymy powodzenia w realizacji plan\u00f3w zawodowych i osobistych. \u017byczymy tak\u017ce dalszych odwa\u017cnych pomys\u0142\u00f3w i sukces\u00f3w w realizacji projekt\u00f3w na rzecz rozwoju \u015brodowiska geodezyjnego. Niech wpisuj\u0105 si\u0119 one w dalsz\u0105 histori\u0119 oddzia\u0142u i stanowi\u0105 pow\u00f3d do obchod\u00f3w kolejnych, tak wspania\u0142ych jubileusz\u00f3w\u201d.<\/em><\/p>\n<p><img loading=\"lazy\" decoding=\"async\" class=\"size-full wp-image-1250\" style=\"margin-right: auto; margin-left: auto; display: block;\" src=\"https:\/\/sgp.geodezja.org.pl\/wp-content\/uploads\/2016\/06\/70_lat_SGP_Wroclaw_38.jpg\" alt=\"\" width=\"195\" height=\"200\" srcset=\"https:\/\/sgp.geodezja.org.pl\/wp-content\/uploads\/2016\/06\/70_lat_SGP_Wroclaw_38.jpg 973w, https:\/\/sgp.geodezja.org.pl\/wp-content\/uploads\/2016\/06\/70_lat_SGP_Wroclaw_38-800x822.jpg 800w, https:\/\/sgp.geodezja.org.pl\/wp-content\/uploads\/2016\/06\/70_lat_SGP_Wroclaw_38-292x300.jpg 292w, https:\/\/sgp.geodezja.org.pl\/wp-content\/uploads\/2016\/06\/70_lat_SGP_Wroclaw_38-768x789.jpg 768w\" sizes=\"auto, (max-width: 195px) 100vw, 195px\" \/><\/p>\n<p style=\"text-align: center;\"><strong><em>\u201eHymn geodet\u00f3w\u201d &#8211; <\/em>Bo\u017cena Tabisz, Andrzej Pachuta, <em>w g\u0142\u0119bi <\/em>Krzysztof Cisek<\/strong><\/p>\n<p style=\"text-align: center;\"><img loading=\"lazy\" decoding=\"async\" class=\"size-full wp-image-1251\" style=\"margin-right: auto; margin-left: auto; display: block;\" src=\"https:\/\/sgp.geodezja.org.pl\/wp-content\/uploads\/2016\/06\/70_lat_SGP_Wroclaw_39.jpg\" alt=\"\" width=\"159\" height=\"200\" srcset=\"https:\/\/sgp.geodezja.org.pl\/wp-content\/uploads\/2016\/06\/70_lat_SGP_Wroclaw_39.jpg 793w, https:\/\/sgp.geodezja.org.pl\/wp-content\/uploads\/2016\/06\/70_lat_SGP_Wroclaw_39-238x300.jpg 238w, https:\/\/sgp.geodezja.org.pl\/wp-content\/uploads\/2016\/06\/70_lat_SGP_Wroclaw_39-768x968.jpg 768w\" sizes=\"auto, (max-width: 159px) 100vw, 159px\" \/><\/p>\n<p style=\"text-align: center;\"><strong><em>\u201ePoloneza czas zacz\u0105\u0107 \u2026\u201d<\/em>: Anna Derda, Pawe\u0142 Moskalik, Joanna Przybylska<\/strong><\/p>\n<p style=\"text-align: justify;\"><strong><em>C<\/em><\/strong><em>zes\u0142aw Bartoszewicz<\/em> (Bia\u0142ystok) sk\u0142adaj\u0105c serdeczne gratulacje geodetom wroc\u0142awskim podkre\u015bla\u0142 walory <em>\u201edotychczasowych sukces\u00f3w w dzia\u0142alno\u015bci stowarzyszeniowej, aktywno\u015bci w podnoszeniu kwalifikacji zawodowych geodet\u00f3w oraz propagowania innowacyjno\u015bci. W tym uroczystym czasie, z wielkim szacunkiem dzi\u0119kujemy wszystkim, kt\u00f3rzy na przestrzeni siedemdziesi\u0119ciu lat tworzyli ten oddzia\u0142 i byli inspiratorami wielu imprez o zasi\u0119gu og\u00f3lnopolskim i lokalnym\u201d.<\/em><\/p>\n<p style=\"text-align: center;\"><em><img loading=\"lazy\" decoding=\"async\" class=\"size-full wp-image-1252\" style=\"margin-right: auto; margin-left: auto; display: block;\" src=\"https:\/\/sgp.geodezja.org.pl\/wp-content\/uploads\/2016\/06\/70_lat_SGP_Wroclaw_40.jpg\" alt=\"\" width=\"200\" height=\"165\" srcset=\"https:\/\/sgp.geodezja.org.pl\/wp-content\/uploads\/2016\/06\/70_lat_SGP_Wroclaw_40.jpg 1213w, https:\/\/sgp.geodezja.org.pl\/wp-content\/uploads\/2016\/06\/70_lat_SGP_Wroclaw_40-800x660.jpg 800w, https:\/\/sgp.geodezja.org.pl\/wp-content\/uploads\/2016\/06\/70_lat_SGP_Wroclaw_40-300x247.jpg 300w, https:\/\/sgp.geodezja.org.pl\/wp-content\/uploads\/2016\/06\/70_lat_SGP_Wroclaw_40-1024x844.jpg 1024w, https:\/\/sgp.geodezja.org.pl\/wp-content\/uploads\/2016\/06\/70_lat_SGP_Wroclaw_40-768x633.jpg 768w\" sizes=\"auto, (max-width: 200px) 100vw, 200px\" \/><\/em><\/p>\n<p style=\"text-align: center;\"><em><strong>Anna Derda zaprasza do poloneza Andrzeja Pachut\u0119, w g\u0142\u0119bi W\u0142odzimierz K\u0119dziora<\/strong><\/em><\/p>\n<p style=\"text-align: center;\"><em><img loading=\"lazy\" decoding=\"async\" class=\"size-full wp-image-1253\" style=\"margin-right: auto; margin-left: auto; display: block;\" src=\"https:\/\/sgp.geodezja.org.pl\/wp-content\/uploads\/2016\/06\/70_lat_SGP_Wroclaw_41.jpg\" alt=\"\" width=\"200\" height=\"176\" srcset=\"https:\/\/sgp.geodezja.org.pl\/wp-content\/uploads\/2016\/06\/70_lat_SGP_Wroclaw_41.jpg 1136w, https:\/\/sgp.geodezja.org.pl\/wp-content\/uploads\/2016\/06\/70_lat_SGP_Wroclaw_41-800x704.jpg 800w, https:\/\/sgp.geodezja.org.pl\/wp-content\/uploads\/2016\/06\/70_lat_SGP_Wroclaw_41-300x264.jpg 300w, https:\/\/sgp.geodezja.org.pl\/wp-content\/uploads\/2016\/06\/70_lat_SGP_Wroclaw_41-1024x901.jpg 1024w, https:\/\/sgp.geodezja.org.pl\/wp-content\/uploads\/2016\/06\/70_lat_SGP_Wroclaw_41-768x676.jpg 768w\" sizes=\"auto, (max-width: 200px) 100vw, 200px\" \/><\/em><\/p>\n<p style=\"text-align: center;\"><em><strong>\u201ePoloneza wodzi &#8230;\u201d Bo\u017cena Tabisz z Paw\u0142em Moskalikiem<\/strong><\/em><\/p>\n<p style=\"text-align: justify;\"><strong><em>A<\/em><\/strong><em>ndrzej Pachuta<\/em> (Warszawa) z wielkim entuzjazmem i werw\u0105 gratulowa\u0142 osi\u0105gni\u0119tych rezultat\u00f3w, godnego jubileuszu, \u017cycz\u0105c wszelkiej pomy\u015blno\u015bci na nadchodz\u0105ce dni. <strong><em>S<\/em><\/strong><em>tanis\u0142aw Marcin Wili\u0144ski<\/em> przekaza\u0142 gratulacje i \u017cyczenia serdecznej pomy\u015blno\u015bci w imieniu geodet\u00f3w Kujaw i Pomorza. Z uznaniem przypomina\u0142 wielkie dokonania oddzia\u0142u, maj\u0105ce szerszy rezonans. <strong><em>S<\/em><\/strong><em>tefan Caco\u0144<\/em> podzi\u0119kowa\u0142 za mo\u017cliwo\u015b\u0107 wsp\u00f3lnego \u015bwi\u0119towania, \u017cyczy\u0142 wszystkim obecnym na uroczysto\u015bci wiele pomy\u015blnych zdarze\u0144, a <em>\u201eBo\u017cence wiele tw\u00f3rczych i owocnych kadencji\u201d.<\/em><\/p>\n<p style=\"text-align: center;\"><em><img loading=\"lazy\" decoding=\"async\" class=\"size-full wp-image-1254\" style=\"margin-right: auto; margin-left: auto; display: block;\" src=\"https:\/\/sgp.geodezja.org.pl\/wp-content\/uploads\/2016\/06\/70_lat_SGP_Wroclaw_42.jpg\" alt=\"\" width=\"193\" height=\"200\" srcset=\"https:\/\/sgp.geodezja.org.pl\/wp-content\/uploads\/2016\/06\/70_lat_SGP_Wroclaw_42.jpg 964w, https:\/\/sgp.geodezja.org.pl\/wp-content\/uploads\/2016\/06\/70_lat_SGP_Wroclaw_42-800x830.jpg 800w, https:\/\/sgp.geodezja.org.pl\/wp-content\/uploads\/2016\/06\/70_lat_SGP_Wroclaw_42-289x300.jpg 289w, https:\/\/sgp.geodezja.org.pl\/wp-content\/uploads\/2016\/06\/70_lat_SGP_Wroclaw_42-768x797.jpg 768w\" sizes=\"auto, (max-width: 193px) 100vw, 193px\" \/><\/em><\/p>\n<p style=\"text-align: center;\"><em><strong>Anna Derda, Andrzej Pachuta<\/strong><\/em><\/p>\n<p style=\"text-align: center;\"><em><img loading=\"lazy\" decoding=\"async\" class=\"size-full wp-image-1255\" style=\"margin-right: auto; margin-left: auto; display: block;\" src=\"https:\/\/sgp.geodezja.org.pl\/wp-content\/uploads\/2016\/06\/70_lat_SGP_Wroclaw_43.jpg\" alt=\"\" width=\"200\" height=\"135\" srcset=\"https:\/\/sgp.geodezja.org.pl\/wp-content\/uploads\/2016\/06\/70_lat_SGP_Wroclaw_43.jpg 1481w, https:\/\/sgp.geodezja.org.pl\/wp-content\/uploads\/2016\/06\/70_lat_SGP_Wroclaw_43-800x540.jpg 800w, https:\/\/sgp.geodezja.org.pl\/wp-content\/uploads\/2016\/06\/70_lat_SGP_Wroclaw_43-300x203.jpg 300w, https:\/\/sgp.geodezja.org.pl\/wp-content\/uploads\/2016\/06\/70_lat_SGP_Wroclaw_43-1024x691.jpg 1024w, https:\/\/sgp.geodezja.org.pl\/wp-content\/uploads\/2016\/06\/70_lat_SGP_Wroclaw_43-768x519.jpg 768w\" sizes=\"auto, (max-width: 200px) 100vw, 200px\" \/><\/em><\/p>\n<p style=\"text-align: center;\"><em><strong>Bo\u017cena Tabisz dzi\u0119kuje tancerzom Annie Derdzie, Andrzejowi Pachucie, Paw\u0142owi Moskalikowi<\/strong><\/em><\/p>\n<p style=\"text-align: justify;\"><strong><em>S<\/em><\/strong><em>tanis\u0142aw Cegielski<\/em> nawi\u0105zuj\u0105c do znakomitej postaci Tadeusza Wi\u015bniewskiego, przywo\u0142anego przez <em>Bo\u017cen\u0119 Tabisz<\/em> w okoliczno\u015bciowym wyst\u0105pieniu poprosi\u0142 o uczczenie pami\u0119ci zmar\u0142ych geodet\u00f3w Dolnego \u015al\u0105ska, chwil\u0105 zadumy i ciszy. Podzi\u0119kowa\u0142 za mo\u017cliwo\u015b\u0107 bycia we Wroc\u0142awiu, kt\u00f3ry jest miejscem, gdzie uczy\u0142 si\u0119 zawodu. Przywo\u0142uj\u0105c cechy wroc\u0142awskiego Stowarzyszenia wskazywa\u0142 na dba\u0142o\u015b\u0107 tego \u015brodowiska o sta\u0142e podnoszenie kwalifikacji zawodowych i wykorzystywanie w tym celu rozmaitych form szkolenia (konferencje, seminaria, kursy i egzaminy na uprawnienia).<\/p>\n<p style=\"text-align: justify;\"><strong>S<\/strong>towarzyszenie Geodet\u00f3w Polskich, poprzez opiniowanie projekt\u00f3w akt\u00f3w normatywnych pragn\u0119\u0142o wp\u0142ywa\u0107 na tre\u015b\u0107 i form\u0119 prawa geodezyjnego.<\/p>\n<p style=\"text-align: justify;\"><strong>W <\/strong><em>\u201ePrzegl\u0105dzie Geodezyjnym\u201d <\/em>pod kierunkiem <em>Ludmi\u0142y Pietrzak <\/em>nast\u0105pi\u0142a pozytywna zmiana, kt\u00f3ra znajduje uznanie wielu czytelnik\u00f3w pisma. W Stowarzyszeniu dzia\u0142alno\u015b\u0107 jest prowadzona w sekcjach, komisjach i zespo\u0142ach problemowych. Z SGP wysz\u0142y trzy stowarzyszenia: Polskie Towarzystwo Fotogrametrii i Teledetekcji, Stowarzyszenie Kartograf\u00f3w Polskich oraz Polskie Towarzystwo Informatyczne. <em>\u201eWsp\u00f3lnie powinni\u015bmy d\u0105\u017cy\u0107 do wprowadzenia zmian w Prawie geodezyjnym i kartograficznym, obejmuj\u0105cych te\u017c pe\u0142ne unormowanie obs\u0142ugi geodezyjnej budowy w odr\u0119bnym rozdziale ustawy\u201d. <\/em>Od trzydziestu o\u015bmiu lat Stowarzyszenie jest organizatorem Olimpiady Wiedzy Geodezyjnej i Kartograficznej.<\/p>\n<p style=\"text-align: justify;\"><strong>P<\/strong>rezes <em>Stanis\u0142aw Cegielski <\/em>pogratulowa\u0142 Prezes, Zarz\u0105dowi i wszystkim cz\u0142onkom Oddzia\u0142u Jubileuszu i \u017cyczy\u0142 <em>\u201eszczerego zaanga\u017cowania w dzia\u0142alno\u015b\u0107 wi\u0119kszej grupy geodet\u00f3w, tak\u017ce wi\u0119kszej aktywno\u015bci w Stowarzyszeniu m\u0142odych geodet\u00f3w. Dzi\u0119kuj\u0119 Bo\u017cence za zorganizowanie jubileuszowych obchod\u00f3w we Wroc\u0142awiu, kt\u00f3ry jest pi\u0119kny, poznajmy jego walory. Chwalmy nasze dokonania, bo praca spo\u0142eczna nigdy nie p\u00f3jdzie na marne\u201d. <\/em><\/p>\n<p style=\"text-align: justify;\"><strong><em>H<\/em><\/strong><em>enryk Musiatowicz<\/em> Cz\u0142onek Honorowy SGP z\u0142o\u017cy\u0142 <em>\u201eosobiste gratulacje, podzi\u0119kowania i \u017cyczenia pomy\u015blno\u015bci\u201d Bo\u017cenie Tabisz, <\/em>utrwalone w okoliczno\u015bciowym adresie.<\/p>\n<p style=\"text-align: justify;\"><strong><em>M<\/em><\/strong><em>ieczys\u0142aw Gabryszewski<\/em> podzi\u0119kowa\u0142 za gratulacje, pozdrowienia i \u017cyczenia, za serdeczne uznanie dokona\u0144 i osi\u0105gni\u0119\u0107 geodet\u00f3w wroc\u0142awskich w ich siedemdziesi\u0119cioletniej historii.<\/p>\n<p style=\"text-align: justify;\"><strong>O<\/strong>soby zaanga\u017cowane w prac\u0119 spo\u0142eczn\u0105 na rzecz Stowarzyszenia i \u015brodowiska zawodowego geodet\u00f3w Wroc\u0142awia zosta\u0142y uhonorowane odznaczeniami organizacyjnymi. Medalem <em>\u201eW dow\u00f3d uznania\u201d <\/em>zosta\u0142 wyr\u00f3\u017cniony Sylwester Zgoli\u0144ski, a medalem <em>\u201eAmigo Societas\u201d<\/em> <em>W\u0142adys\u0142aw Kluczewski. <\/em>Diamentow\u0105 Odznak\u0105 Honorow\u0105 SGP wyr\u00f3\u017cniono: Miros\u0142awa \u017bo\u0142ka (odebra\u0142a Alina Kanigowska), Mari\u0119 Grzegorczyk, Andrzeja Klimczaka, Jerzego Malinowskiego, J\u00f3zefa Wo\u017aniaka; Z\u0142ot\u0105 Odznak\u0105 \u2013 Henryka Kikuta, Jana Smoka; Srebrn\u0105 \u2013 Janusza Bugiela, Artura Czajkowskiego, Tomasza Guta, Bernarda Maci\u0144skiego, Alicj\u0119 Meusz, Joann\u0119 Piotrowsk\u0105, Eugeni\u0119 Sza\u0142aj, Les\u0142awa Wo\u0142cza, Tadeusza \u017bukowskiego.<\/p>\n<p style=\"text-align: justify;\"><strong>G<\/strong>odno\u015b\u0107 <em>\u201eZas\u0142u\u017cony Senior SGP\u201d<\/em> Zarz\u0105d G\u0142\u00f3wny SGP nada\u0142 Janowi Ciskowi, Krzysztofowi Dylowi, Mieczys\u0142awowi Jask\u00f3lskiemu, Eugeniuszowi Ryszardowi Jopkowi, Henrykowi Witakowi, Zenonowi Salomonowi.<\/p>\n<p style=\"text-align: justify;\"><strong>R<\/strong>ada Krajowa Federacji Stowarzysze\u0144 Naukowo-Technicznych NOT wyr\u00f3\u017cni\u0142a aktywnych w pracy spo\u0142ecznej: Z\u0142ot\u0105 Odznak\u0105 Honorow\u0105 NOT Ann\u0119 Mielnik, Paw\u0142a Zaj\u0105ca; Srebrn\u0105 Odznak\u0105 Bernarda Kontnego.<\/p>\n<p style=\"text-align: justify;\"><strong>A<\/strong>ktu wr\u0119czenia odznacze\u0144 dokonali <em>Stanis\u0142aw Cegielski <\/em>i <em>Tadeusz Nawracaj<\/em>, w asystencji <em>Bo\u017ceny Tabisz. <\/em>W imieniu odznaczonych za wyr\u00f3\u017cnienie podzi\u0119kowa\u0142 Les\u0142aw Wo\u0142cz.<\/p>\n<p style=\"text-align: justify;\"><strong>N<\/strong>a czas po tej uroczysto\u015bci organizatorzy wydarzenia zaproponowali kilka mo\u017cliwo\u015bci jego sp\u0119dzenia (spacer ulicami Wroc\u0142awia, ogl\u0105danie <em>Panoramy Rac\u0142awickiej, <\/em>zwiedzanie <em>Afrykarium<\/em>)<em>. <\/em>Uroczysta kolacja stanowi\u0142a dope\u0142nienie programu jubileuszowych obchod\u00f3w. Pocz\u0105tek zabawie da\u0142 polonez, do kt\u00f3rego tancerze, w strojach z epoki, zaprosili czo\u0142owe osoby uroczysto\u015bci. Zabawa, w kt\u00f3rej uczestniczy\u0142o wielu, nabiera\u0142a tempa i trwa\u0142a do czerwcowego przed\u015bwitu.\u00a0\u00a0 \u00a0\u00a0\u00a0<\/p>\n<p style=\"text-align: justify;\"><em>Tekst i zdj\u0119cia Stanis\u0142aw Marcin Wili\u0144ski<\/em><\/p>\n<p style=\"text-align: justify;\"><a href=\"https:\/\/sgp.geodezja.org.pl\/wp-content\/uploads\/2016\/06\/PG_70_lat_SGP_Wroclaw.pdf\" rel=\"alternate\"><span style=\"color: #008000;\">Relacja z uroczysto\u015bci w pdf &gt;&gt;&gt;<\/span><\/a><\/p>\n<p style=\"text-align: right;\">VK<\/p>\n<p>\u00a0<\/p>\n<p style=\"text-align: justify;\">\u00a0<\/p>\n<p>\u00a0<\/p>\n<p>\u00a0<\/p>\n<p style=\"text-align: center;\">\u00a0<\/p>\n<p style=\"text-align: center;\">\u00a0<\/p>\n<p style=\"text-align: justify;\">\u00a0<\/p>\n<p>\u00a0<\/p>","protected":false},"excerpt":{"rendered":"<p>Czas od 10 do 12 czerwca 2016 roku Zarz\u0105d Oddzia\u0142u Stowarzyszenia Geodet\u00f3w Polskich Wroc\u0142awia postanowi\u0142 przeznaczy\u0107 na \u015bwi\u0119towanie siedemdziesi\u0119ciolecia swojej wielostronnej dzia\u0142alno\u015bci na rzecz geodet\u00f3w i spo\u0142ecze\u0144stwa Dolnego \u015al\u0105ska. Aby godnie i z uzasadnion\u0105, dokonanymi dzie\u0142ami, rado\u015bci\u0105 upami\u0119tnia\u0107 te dni, do Wroc\u0142awia przybyli geodeci, pe\u0142ni uznania i \u017cyczliwo\u015bci, ze wszystkich zak\u0105tk\u00f3w kraju. Tu spotka\u0142a ich [&hellip;]<\/p>\n","protected":false},"author":2,"featured_media":1213,"comment_status":"open","ping_status":"open","sticky":false,"template":"","format":"standard","meta":{"two_page_speed":[],"footnotes":""},"categories":[10],"tags":[],"class_list":["post-1257","post","type-post","status-publish","format-standard","has-post-thumbnail","hentry","category-informacje"],"_links":{"self":[{"href":"https:\/\/sgp.geodezja.org.pl\/en\/wp-json\/wp\/v2\/posts\/1257","targetHints":{"allow":["GET"]}}],"collection":[{"href":"https:\/\/sgp.geodezja.org.pl\/en\/wp-json\/wp\/v2\/posts"}],"about":[{"href":"https:\/\/sgp.geodezja.org.pl\/en\/wp-json\/wp\/v2\/types\/post"}],"author":[{"embeddable":true,"href":"https:\/\/sgp.geodezja.org.pl\/en\/wp-json\/wp\/v2\/users\/2"}],"replies":[{"embeddable":true,"href":"https:\/\/sgp.geodezja.org.pl\/en\/wp-json\/wp\/v2\/comments?post=1257"}],"version-history":[{"count":0,"href":"https:\/\/sgp.geodezja.org.pl\/en\/wp-json\/wp\/v2\/posts\/1257\/revisions"}],"wp:featuredmedia":[{"embeddable":true,"href":"https:\/\/sgp.geodezja.org.pl\/en\/wp-json\/wp\/v2\/media\/1213"}],"wp:attachment":[{"href":"https:\/\/sgp.geodezja.org.pl\/en\/wp-json\/wp\/v2\/media?parent=1257"}],"wp:term":[{"taxonomy":"category","embeddable":true,"href":"https:\/\/sgp.geodezja.org.pl\/en\/wp-json\/wp\/v2\/categories?post=1257"},{"taxonomy":"post_tag","embeddable":true,"href":"https:\/\/sgp.geodezja.org.pl\/en\/wp-json\/wp\/v2\/tags?post=1257"}],"curies":[{"name":"wp","href":"https:\/\/api.w.org\/{rel}","templated":true}]}}