{"id":1298,"date":"2016-07-17T21:52:59","date_gmt":"2016-07-17T19:52:59","guid":{"rendered":"https:\/\/2.budowaniestron.pl\/zmarl-kolega-kazimierz-juzwa-czesc-jego-pamieci\/"},"modified":"2016-07-17T21:52:59","modified_gmt":"2016-07-17T19:52:59","slug":"zmarl-kolega-kazimierz-juzwa-czesc-jego-pamieci","status":"publish","type":"post","link":"https:\/\/sgp.geodezja.org.pl\/en\/zmarl-kolega-kazimierz-juzwa-czesc-jego-pamieci\/","title":{"rendered":"Zmar\u0142 Kolega Kazimierz Juzwa \u2013 Cze\u015b\u0107 Jego Pami\u0119ci"},"content":{"rendered":"<p style=\"text-align: justify;\">Z g\u0142\u0119bokim smutkiem przyj\u0119li\u015bmy wiadomo\u015b\u0107, \u017ce dnia 15 lipca 2016 r. <strong>zmar\u0142 nasz drogi Kolega Kazimierz Juzwa, <\/strong>kt\u00f3ry ca\u0142ym sercem by\u0142 zaanga\u017cowany w sprawy geodezji oraz zawsze wspiera\u0142 Stowarzyszenie Geodet\u00f3w Polskich. D\u0142ugoletni dzia\u0142acz Stowarzyszenia Geodet\u00f3w Polskich. Za\u0142o\u017cyciel i Przewodnicz\u0105cy Ko\u0142a Terenowego SGP w Gliwicach, Przewodnicz\u0105cy Oddzia\u0142u SGP w Katowicach, Wiceprezes Oddzia\u0142u SGP w Katowicach i Przewodnicz\u0105cy Sekcji Geodezji In\u017cynieryjnej ZG SGP.<\/p>\n<p>  <!--more-->  <\/p>\n<p style=\"text-align: justify;\">Z g\u0142\u0119bokim smutkiem przyj\u0119li\u015bmy wiadomo\u015b\u0107, \u017ce dnia 15 lipca 2016 r. <strong>zmar\u0142 nasz drogi Kolega Kazimierz Juzwa, <\/strong>kt\u00f3ry ca\u0142ym sercem by\u0142 zaanga\u017cowany w sprawy geodezji oraz zawsze wspiera\u0142 Stowarzyszenie Geodet\u00f3w Polskich. D\u0142ugoletni dzia\u0142acz Stowarzyszenia Geodet\u00f3w Polskich. Za\u0142o\u017cyciel i Przewodnicz\u0105cy Ko\u0142a Terenowego SGP w Gliwicach, Przewodnicz\u0105cy Oddzia\u0142u SGP w Katowicach, Wiceprezes Oddzia\u0142u SGP w Katowicach i Przewodnicz\u0105cy Sekcji Geodezji In\u017cynieryjnej ZG SGP.<\/p>\n<p><img loading=\"lazy\" decoding=\"async\" class=\"size-full wp-image-1297\" style=\"margin-right: auto; margin-left: auto; display: block;\" src=\"https:\/\/sgp.geodezja.org.pl\/wp-content\/uploads\/2016\/07\/Juzwa_Kazimierz_20090130_90_lat_SGP_4.jpg\" alt=\"\" width=\"199\" height=\"200\" srcset=\"https:\/\/sgp.geodezja.org.pl\/wp-content\/uploads\/2016\/07\/Juzwa_Kazimierz_20090130_90_lat_SGP_4.jpg 997w, https:\/\/sgp.geodezja.org.pl\/wp-content\/uploads\/2016\/07\/Juzwa_Kazimierz_20090130_90_lat_SGP_4-325x325.jpg 325w, https:\/\/sgp.geodezja.org.pl\/wp-content\/uploads\/2016\/07\/Juzwa_Kazimierz_20090130_90_lat_SGP_4-100x100.jpg 100w, https:\/\/sgp.geodezja.org.pl\/wp-content\/uploads\/2016\/07\/Juzwa_Kazimierz_20090130_90_lat_SGP_4-800x802.jpg 800w, https:\/\/sgp.geodezja.org.pl\/wp-content\/uploads\/2016\/07\/Juzwa_Kazimierz_20090130_90_lat_SGP_4-300x300.jpg 300w, https:\/\/sgp.geodezja.org.pl\/wp-content\/uploads\/2016\/07\/Juzwa_Kazimierz_20090130_90_lat_SGP_4-768x770.jpg 768w, https:\/\/sgp.geodezja.org.pl\/wp-content\/uploads\/2016\/07\/Juzwa_Kazimierz_20090130_90_lat_SGP_4-60x60.jpg 60w\" sizes=\"auto, (max-width: 199px) 100vw, 199px\" \/><\/p>\n<p style=\"text-align: justify;\">Wieloletni aktywny dzia\u0142acz stowarzyszeniowy. Ju\u017c w 1974 roku zainicjowa\u0142 powstanie pierwszego Ko\u0142a Terenowego w Gliwicach. W Kole tym, by\u0142 wieloletnim Przewodnicz\u0105cym i organizatorem wielu konferencji oraz sympozj\u00f3w naukowych. By\u0142y to lata najwi\u0119kszej aktywno\u015bci tego Ko\u0142a. Przewodnicz\u0105cy Zarz\u0105du Oddzia\u0142u SGP w Katowicach w latach 1989 &#8211; 1992, w nast\u0119pnych kadencjach i nadal wiceprzewodnicz\u0105cy; delegat na kolejne pi\u0119\u0107 Zjazd\u00f3w SGP w Legnicy, Kaliszu, Lublinie, Ustroniu i Piechowicach, ponadto przewodnicz\u0105cy regionalnej komisji specjalizacji zawodowej. W okresie pe\u0142nienia funkcji Przewodnicz\u0105cego Oddzia\u0142u SGP w Katowicach, wyr\u00f3\u017cnia\u0142 si\u0119 szczeg\u00f3ln\u0105 aktywno\u015bci\u0105 w integrowaniu \u015brodowiska geodet\u00f3w z pokrewnymi bran\u017cami, takimi jak: budownictwo, komunikacja, g\u00f3rnictwo. Propagowa\u0142 r\u00f3wnie\u017c wsp\u00f3\u0142dzia\u0142anie geodet\u00f3w z Nadzorem Budowlanym i Urz\u0119dem Dozoru Technicznego. By\u0142 inicjatorem kontakt\u00f3w geodet\u00f3w \u015bl\u0105skich z geodetami przygranicznych rejon\u00f3w Czech i S\u0142owacji, co zaowocowa\u0142o wieloma spotkaniami z geodetami z Opawy, \u017byliny i Bratys\u0142awy. W czasach sprawowania funkcji Przewodnicz\u0105cego Sekcji Geodezji In\u017cynieryjnej SGP, kontynuowa\u0142 tematyk\u0119 integracji mi\u0119dzybran\u017cowej, organizuj\u0105c wiele spotka\u0144, konferencji i sympozj\u00f3w. Przyk\u0142adem takich inicjatyw by\u0142y seminaria organizowane w Gliwicach, po\u015bwi\u0119cone pomiarom suwnic i ch\u0142odni kominowych. Ukoronowaniem tej tematyki by\u0142a zorganizowana przez dr. in\u017c. Kazimierza Juzw\u0119, konferencja naukowa w Ustroniu, na kt\u00f3rej uda\u0142o Mu si\u0119 zgromadzi\u0107 wielu znamienitych przedstawicieli bran\u017c wsp\u00f3\u0142pracuj\u0105cych z geodetami, oraz przedstawicieli Urz\u0119du Dozoru Technicznego i G\u0142\u00f3wnego Urz\u0119du Nadzoru Budowlanego.<\/p>\n<p style=\"text-align: justify;\">Od 1971 dzia\u0142a\u0142 te\u017c w Sekcji Geodezji In\u017cynieryjnej, od 1983 by\u0142 cz\u0142onkiem zarz\u0105du, a od roku 1992 przewodnicz\u0105cym Sekcji. Przez dwie kadencje by\u0142 te\u017c cz\u0142onkiem zarz\u0105du Komisji Wsp\u00f3\u0142pracy z Zagranic\u0105. R\u00f3wnolegle od 1990 do 2004 by\u0142 wiceprzewodnicz\u0105cym Sekcji Geodezji Przemys\u0142owej Polskiej Akademii Nauk, a w ostatniej kadencji od 2004\u00a0by\u0142 przewodnicz\u0105cym \u201eZespo\u0142u do spraw standard\u00f3w z zakresu geodezji in\u017cynieryjnej\u201d.<\/p>\n<p style=\"text-align: center;\"><em><strong>Msza \u015bw. \u017ca\u0142obna zostanie odprawiona 19 lipca o godz. 10:30 w Ko\u015bciele pw. Podwy\u017cszenia Krzy\u017ca \u015awi\u0119tego (ko\u015bci\u00f3\u0142 zwi\u0105zany z Zakonem Braci Kapucyn\u00f3w) ul. Ligonia 2 w Bytomiu (ko\u015bci\u00f3\u0142 usytuowany na ty\u0142ach Szpitala Wojew\u00f3dzkiego). <br \/>Uroczysto\u015bci pogrzebowe odb\u0119d\u0105 si\u0119 o godz. 12:00 na cmentarzu Mater Dolorosa przy ul. Piekarskiej 71 w Bytomiu.<\/strong><\/em><\/p>\n<p>Wyrazy serdecznego wsp\u00f3\u0142czucia Rodzinie i Bliskim Zmar\u0142ego sk\u0142adaj\u0105 Kole\u017canki i Koledzy ze Stowarzyszenia Geodet\u00f3w Polskich.<\/p>\n<p style=\"text-align: right;\">VK<\/p>","protected":false},"excerpt":{"rendered":"<p>Z g\u0142\u0119bokim smutkiem przyj\u0119li\u015bmy wiadomo\u015b\u0107, \u017ce dnia 15 lipca 2016 r. zmar\u0142 nasz drogi Kolega Kazimierz Juzwa, kt\u00f3ry ca\u0142ym sercem by\u0142 zaanga\u017cowany w sprawy geodezji oraz zawsze wspiera\u0142 Stowarzyszenie Geodet\u00f3w Polskich. D\u0142ugoletni dzia\u0142acz Stowarzyszenia Geodet\u00f3w Polskich. Za\u0142o\u017cyciel i Przewodnicz\u0105cy Ko\u0142a Terenowego SGP w Gliwicach, Przewodnicz\u0105cy Oddzia\u0142u SGP w Katowicach, Wiceprezes Oddzia\u0142u SGP w Katowicach i [&hellip;]<\/p>\n","protected":false},"author":2,"featured_media":1297,"comment_status":"open","ping_status":"open","sticky":false,"template":"","format":"standard","meta":{"two_page_speed":[],"footnotes":""},"categories":[10],"tags":[],"class_list":["post-1298","post","type-post","status-publish","format-standard","has-post-thumbnail","hentry","category-informacje"],"_links":{"self":[{"href":"https:\/\/sgp.geodezja.org.pl\/en\/wp-json\/wp\/v2\/posts\/1298","targetHints":{"allow":["GET"]}}],"collection":[{"href":"https:\/\/sgp.geodezja.org.pl\/en\/wp-json\/wp\/v2\/posts"}],"about":[{"href":"https:\/\/sgp.geodezja.org.pl\/en\/wp-json\/wp\/v2\/types\/post"}],"author":[{"embeddable":true,"href":"https:\/\/sgp.geodezja.org.pl\/en\/wp-json\/wp\/v2\/users\/2"}],"replies":[{"embeddable":true,"href":"https:\/\/sgp.geodezja.org.pl\/en\/wp-json\/wp\/v2\/comments?post=1298"}],"version-history":[{"count":0,"href":"https:\/\/sgp.geodezja.org.pl\/en\/wp-json\/wp\/v2\/posts\/1298\/revisions"}],"wp:featuredmedia":[{"embeddable":true,"href":"https:\/\/sgp.geodezja.org.pl\/en\/wp-json\/wp\/v2\/media\/1297"}],"wp:attachment":[{"href":"https:\/\/sgp.geodezja.org.pl\/en\/wp-json\/wp\/v2\/media?parent=1298"}],"wp:term":[{"taxonomy":"category","embeddable":true,"href":"https:\/\/sgp.geodezja.org.pl\/en\/wp-json\/wp\/v2\/categories?post=1298"},{"taxonomy":"post_tag","embeddable":true,"href":"https:\/\/sgp.geodezja.org.pl\/en\/wp-json\/wp\/v2\/tags?post=1298"}],"curies":[{"name":"wp","href":"https:\/\/api.w.org\/{rel}","templated":true}]}}