{"id":1309,"date":"2016-08-16T07:22:17","date_gmt":"2016-08-16T05:22:17","guid":{"rendered":"https:\/\/2.budowaniestron.pl\/spotkanie-z-p-o-glownego-geodety-kraju-pania-aleksandra-jablonowska-12-sierpnia-2016-r\/"},"modified":"2016-08-16T07:22:17","modified_gmt":"2016-08-16T05:22:17","slug":"spotkanie-z-p-o-glownego-geodety-kraju-pania-aleksandra-jablonowska-12-sierpnia-2016-r","status":"publish","type":"post","link":"https:\/\/sgp.geodezja.org.pl\/en\/spotkanie-z-p-o-glownego-geodety-kraju-pania-aleksandra-jablonowska-12-sierpnia-2016-r\/","title":{"rendered":"Spotkanie z p.o. G\u0142\u00f3wnego Geodety Kraju Pani\u0105 Aleksandr\u0105 Jab\u0142onowsk\u0105 \u2013 12 sierpnia 2016 r."},"content":{"rendered":"<p style=\"text-align: justify;\">Z inicjatywy p.o. G\u0142\u00f3wnego Geodety Kraju Pani Aleksandry Jab\u0142onowskiej, dnia 12 sierpnia 2016\u00a0r., odby\u0142o si\u0119 spotkanie GGK z przedstawicielami Stowarzyszenia Geodet\u00f3w Polskich. W spotkaniu, ze strony Stowarzyszenia, uczestniczyli: Stanis\u0142aw Cegielski \u2013 Prezes Stowarzyszenia Geodet\u00f3w Polskich; Ludmi\u0142a Pietrzak \u2013 Wiceprezes Stowarzyszenia, Redaktor Naczelna Przegl\u0105du Geodezyjnego, Janusz Walo \u2013 Cz\u0142onek Prezydium ZG SGP i\u00a0W\u0142odzimierz K\u0119dziora \u2013 Sekretarz Generalny SGP.<\/p>\n<p>  <!--more-->  <\/p>\n<p>Z inicjatywy p.o. G\u0142\u00f3wnego Geodety Kraju Pani Aleksandry Jab\u0142onowskiej, dnia 12 sierpnia 2016\u00a0r., odby\u0142o si\u0119 spotkanie GGK z przedstawicielami Stowarzyszenia Geodet\u00f3w Polskich. W spotkaniu, ze strony Stowarzyszenia, uczestniczyli: Stanis\u0142aw Cegielski \u2013 Prezes Stowarzyszenia Geodet\u00f3w Polskich; Ludmi\u0142a Pietrzak \u2013 Wiceprezes Stowarzyszenia, Redaktor Naczelna Przegl\u0105du Geodezyjnego, Janusz Walo \u2013 Cz\u0142onek Prezydium ZG SGP i\u00a0W\u0142odzimierz K\u0119dziora \u2013 Sekretarz Generalny SGP.<\/p>\n<p style=\"text-align: justify;\">Przedstawiciele Stowarzyszenia zwr\u00f3cili uwag\u0119 na problemy dotycz\u0105ce naszej bran\u017cy i\u00a0zaproponowali ich rozwi\u0105zania. Zdaniem Stowarzyszenia nale\u017cy pilnie uporz\u0105dkowa\u0107 i poprawi\u0107 Prawo geodezyjne i\u00a0kartograficzne.<\/p>\n<p><strong>W pierwszej kolejno\u015bci Stowarzyszenie proponuje poprzez szybk\u0105 nowelizacj\u0119 prawa doprowadzi\u0107 do:<\/strong><\/p>\n<ol>\n<li>Likwidacji licencji na udost\u0119pniane materia\u0142y z zasobu dla geodet\u00f3w zg\u0142aszaj\u0105cych prace geodezyjne.<\/li>\n<li>Uproszczenia systemu naliczania op\u0142at za udost\u0119pniane materia\u0142y z zasobu poprzez wprowadzenie dla geodet\u00f3w uprawnionych rycza\u0142t\u00f3w.<\/li>\n<li>Skr\u00f3cenia terminu weryfikacji dokumentacji geodezyjnej przekazywanej do pzgik dla ma\u0142ych obiekt\u00f3w do 3 dni, a dla du\u017cych nie d\u0142u\u017cej ni\u017c 14 dni.<\/li>\n<li>Ograniczenia zakresu danych geodezyjnych, podlegaj\u0105cych przekazaniu do zasobu.<\/li>\n<li>Doprowadzenia do jednej definicji budynku w przepisach geodezyjnych i budowlanych.<\/li>\n<\/ol>\n<p><strong>Stowarzyszenie proponuje r\u00f3wnolegle rozpocz\u0105\u0107 prace nad nowym Prawem geodezyjnym i kartograficznym i rozwa\u017cy\u0107 uwzgl\u0119dnienie w nim nast\u0119puj\u0105cych propozycji:<\/strong><\/p>\n<ol>\n<li>Reorganizacji modelu S\u0142u\u017cby Geodezyjnej i Kartograficznej w celu stworzenia \u201epionowych\u201d struktur.<\/li>\n<li>Podporz\u0105dkowania G\u0142\u00f3wnego Geodety Kraju bezpo\u015brednio Prezesowi Rady Ministr\u00f3w.<\/li>\n<li>W\u0142\u0105czenia do ustawy Prawo geodezyjne i kartograficzne nast\u0119puj\u0105cych zagadnie\u0144 geodezyjnych i kartograficznych rozproszonych i uregulowanych obecnie w innych ustawach:<\/li>\n<\/ol>\n<ol style=\"list-style-type: lower-alpha;\">\n<li>podzia\u0142y nieruchomo\u015bci zurbanizowanych (z ustawy o gospodarce nieruchomo\u015bciami),<\/li>\n<li>podzia\u0142y nieruchomo\u015bci rolnych i le\u015bnych (z ustawy KC),<\/li>\n<li>scalenie i wymiana grunt\u00f3w rolnych (z ustawy o scaleniu),<\/li>\n<li>scalenie i podzia\u0142 nieruchomo\u015bci (z ustawy o gospodarce nieruchomo\u015bciami),<\/li>\n<li>po\u0142\u0105czenie i ponowny podzia\u0142 nieruchomo\u015bci (z ustawy o gospodarce nieruchomo\u015bciami),<\/li>\n<li>gleboznawcza klasyfikacja grunt\u00f3w,<\/li>\n<li>rozgraniczenie grunt\u00f3w pokrytych wodami (z ustawy prawo wodne),<\/li>\n<li>obs\u0142uga geodezyjna proces\u00f3w inwestycyjnych i bezpiecze\u0144stwa obiekt\u00f3w budowlanych (z ustawy prawo budowlane).<\/li>\n<\/ol>\n<ol>\n<li>Wprowadzenia obowi\u0105zku doskonalenia zawodowego geodet\u00f3w uprawnionych.<\/li>\n<li>Wprowadzenia obowi\u0105zku ubezpieczenia OC dla geodet\u00f3w uprawnionych.<\/li>\n<li>Wprowadzenia wymogu posiadania uprawnie\u0144 zawodowych przez osoby kontroluj\u0105ce materia\u0142y przekazywane przez wykonawc\u00f3w do PODGIK.<\/li>\n<\/ol>\n<p>Ponadto nale\u017ca\u0142oby upro\u015bci\u0107 tryb prowadzenia rozgranicze\u0144 poprzez upowa\u017cnienie geodet\u00f3w z uprawnieniami do ich prowadzenia, a ostateczne rozstrzygni\u0119cia nale\u017ca\u0142oby do s\u0105d\u00f3w i tryb dokonywania podzia\u0142\u00f3w nieruchomo\u015bci.<\/p>\n<p style=\"text-align: justify;\">Przedstawiciele Stowarzyszenia Geodet\u00f3w Polskich zwr\u00f3cili r\u00f3wnie\u017c uwag\u0119 na konieczno\u015b\u0107 jak najszybszego podpisania um\u00f3w do rozstrzygni\u0119tych przetarg\u00f3w oraz szybkie przygotowanie i og\u0142oszenie przetarg\u00f3w na kolejne,\u00a0zaplanowane przez GUGiK prace.<\/p>\n<p>W trakcie spotkania zosta\u0142a przekazana informacja o najbli\u017cszych przedsi\u0119wzi\u0119ciach organizowanych przez Stowarzyszenie, a w kt\u00f3rych merytorycznie lub poprzez patronat GGK jest zaanga\u017cowany:<\/p>\n<ol>\n<li>VII Og\u00f3lnopolskie Seminarium-Szkolenie Bieg\u0142ych S\u0105dowych z zakresu Geodezji, kt\u00f3re odb\u0119dzie si\u0119 w dniach 1-3 wrze\u015bnia 2016 r &#8211; D\u0105bki, gm. Dar\u0142owo.<\/li>\n<li>XIX Kaliska Konferencja Naukowo \u2013 Technicznej na temat: \u201eModernizacja katastru, informatyzacja PZGiK i interoperacyjno\u015b\u0107 zbior\u00f3w danych w aspekcie utworzenia ZSiN i realizacji \u015brodk\u00f3w unijnych i \u015brodk\u00f3w z RPO w latach 2016-2020\u201d, kt\u00f3ra odb\u0119dzie si\u0119 w dniach 15-16 wrze\u015bnia 2016 r.<\/li>\n<li>V Forum kszta\u0142cenia w dziedzinie geodezji i kartografii, kt\u00f3re odb\u0119dzie si\u0119 w dniach 20-21 pa\u017adziernika 2016 r.<\/li>\n<li>XI Konferencja techniczna na temat \u201eKoordynacja usytuowania projektowanych sieci uzbrojenia terenu\u201d, kt\u00f3ra odb\u0119dzie si\u0119 w dniach 20-21 pa\u017adziernika 2016 r. w Legnicy.<\/li>\n<\/ol>\n<p>Stowarzyszenie Geodet\u00f3w Polskich liczy r\u00f3wnie\u017c na dalsz\u0105 dobr\u0105 wsp\u00f3\u0142prac\u0119 przy zaplanowanych na 2017 r. cyklicznie organizowanych:<\/p>\n<ol>\n<li>XXXIX Olimpiadzie Wiedzy Geodezyjnej i Kartograficznej.<\/li>\n<li>Konkursie na najlepsze prace dyplomowe in\u017cynierskie i magisterskie.<\/li>\n<li>XXIII Mi\u0119dzynarodowe Dni Geodezji Polsko-Czesko-S\u0142owackie, kt\u00f3re odb\u0119d\u0105 si\u0119 18 \u2013 20 maja 2017 r. w Warszawie.<\/li>\n<\/ol>\n<p>Zgodnie z ustaleniami przyj\u0119tymi na spotkaniu Stowarzyszenie Geodet\u00f3w Polskich przedstawi na pi\u015bmie swoje uwagi i propozycje.<\/p>\n<p style=\"text-align: justify;\">Prezes Stowarzyszenia Geodet\u00f3w Polskich Stanis\u0142aw Cegielski podzi\u0119kowa\u0142 za zaproszenie na spotkanie i umo\u017cliwienie przedstawienia opinii Stowarzyszenia na bie\u017c\u0105ce problemy dotycz\u0105ce naszego zawodu.<\/p>\n<p style=\"text-align: right;\">VK<\/p>\n<p>\u00a0<\/p>","protected":false},"excerpt":{"rendered":"<p>Z inicjatywy p.o. G\u0142\u00f3wnego Geodety Kraju Pani Aleksandry Jab\u0142onowskiej, dnia 12 sierpnia 2016\u00a0r., odby\u0142o si\u0119 spotkanie GGK z przedstawicielami Stowarzyszenia Geodet\u00f3w Polskich. W spotkaniu, ze strony Stowarzyszenia, uczestniczyli: Stanis\u0142aw Cegielski \u2013 Prezes Stowarzyszenia Geodet\u00f3w Polskich; Ludmi\u0142a Pietrzak \u2013 Wiceprezes Stowarzyszenia, Redaktor Naczelna Przegl\u0105du Geodezyjnego, Janusz Walo \u2013 Cz\u0142onek Prezydium ZG SGP i\u00a0W\u0142odzimierz K\u0119dziora \u2013 Sekretarz [&hellip;]<\/p>\n","protected":false},"author":2,"featured_media":0,"comment_status":"open","ping_status":"open","sticky":false,"template":"","format":"standard","meta":{"two_page_speed":[],"footnotes":""},"categories":[10],"tags":[],"class_list":["post-1309","post","type-post","status-publish","format-standard","hentry","category-informacje"],"_links":{"self":[{"href":"https:\/\/sgp.geodezja.org.pl\/en\/wp-json\/wp\/v2\/posts\/1309","targetHints":{"allow":["GET"]}}],"collection":[{"href":"https:\/\/sgp.geodezja.org.pl\/en\/wp-json\/wp\/v2\/posts"}],"about":[{"href":"https:\/\/sgp.geodezja.org.pl\/en\/wp-json\/wp\/v2\/types\/post"}],"author":[{"embeddable":true,"href":"https:\/\/sgp.geodezja.org.pl\/en\/wp-json\/wp\/v2\/users\/2"}],"replies":[{"embeddable":true,"href":"https:\/\/sgp.geodezja.org.pl\/en\/wp-json\/wp\/v2\/comments?post=1309"}],"version-history":[{"count":0,"href":"https:\/\/sgp.geodezja.org.pl\/en\/wp-json\/wp\/v2\/posts\/1309\/revisions"}],"wp:attachment":[{"href":"https:\/\/sgp.geodezja.org.pl\/en\/wp-json\/wp\/v2\/media?parent=1309"}],"wp:term":[{"taxonomy":"category","embeddable":true,"href":"https:\/\/sgp.geodezja.org.pl\/en\/wp-json\/wp\/v2\/categories?post=1309"},{"taxonomy":"post_tag","embeddable":true,"href":"https:\/\/sgp.geodezja.org.pl\/en\/wp-json\/wp\/v2\/tags?post=1309"}],"curies":[{"name":"wp","href":"https:\/\/api.w.org\/{rel}","templated":true}]}}