{"id":1313,"date":"2016-08-23T22:25:00","date_gmt":"2016-08-23T20:25:00","guid":{"rendered":"https:\/\/2.budowaniestron.pl\/10-rocznica-smierci-prof-dr-hab-inz-kazimierza-czarneckiego-prezesa-stowarzyszenia-geodetow-polskich\/"},"modified":"2016-08-23T22:25:00","modified_gmt":"2016-08-23T20:25:00","slug":"10-rocznica-smierci-prof-dr-hab-inz-kazimierza-czarneckiego-prezesa-stowarzyszenia-geodetow-polskich","status":"publish","type":"post","link":"https:\/\/sgp.geodezja.org.pl\/en\/10-rocznica-smierci-prof-dr-hab-inz-kazimierza-czarneckiego-prezesa-stowarzyszenia-geodetow-polskich\/","title":{"rendered":"10. rocznica \u015bmierci prof. dr hab. in\u017c. Kazimierza Czarneckiego \u2013 Prezesa Stowarzyszenia Geodet\u00f3w Polskich"},"content":{"rendered":"<p style=\"text-align: justify;\">Szybko up\u0142yn\u0119\u0142o 10 lat od momentu ostatniego po\u017cegnania Profesora zwyczajnego Politechniki Warszawskiej Kazimierza Czarneckiego, Prezesa Stowarzyszenia Geodet\u00f3w Polskich, Dziekana Wydzia\u0142u Geodezji i Kartografii Politechniki Warszawskiej. Przy tej okr\u0105g\u0142ej rocznicy Jego \u015bmierci wspomnijmy ile zrobi\u0142 dla Stowarzyszenia, dla nauki polskiej, dla m\u0142odzie\u017cy.<\/p>\n<p>  <!--more-->  <\/p>\n<p style=\"text-align: justify;\">Szybko up\u0142yn\u0119\u0142o 10 lat od momentu ostatniego po\u017cegnania Profesora zwyczajnego Politechniki Warszawskiej Kazimierza Czarneckiego, Prezesa Stowarzyszenia Geodet\u00f3w Polskich, Dziekana Wydzia\u0142u Geodezji i Kartografii Politechniki Warszawskiej. Przy tej okr\u0105g\u0142ej rocznicy Jego \u015bmierci wspomnijmy ile zrobi\u0142 dla Stowarzyszenia, dla nauki polskiej, dla m\u0142odzie\u017cy.<\/p>\n<p style=\"text-align: justify;\">Prof. Kazimierz Czarnecki urodzi\u0142 si\u0119 w dniu 15 maja 1939 roku w Przytu\u0142ach, pow. Mak\u00f3w Mazowiecki. Studia wy\u017csze uko\u0144czy\u0142 w 1965 roku na Wydziale Geodezji i Kartografii Politechniki Warszawskiej, uzyskuj\u0105c dyplom magistra in\u017cyniera. Ca\u0142e swoje \u017cycie zawodowe po\u015bwi\u0119ci\u0142 pracy naukowej, dydaktycznej i spo\u0142ecznej. Stopie\u0144 naukowy doktora nauk technicznych uzyska\u0142 w 1974 roku a doktora habilitowanego w 1980 roku. Tytu\u0142 profesora otrzyma\u0142 z r\u0105k Prezydenta Rzeczypospolitej Polskiej w roku 1991. W latach 1977-1978 pracowa\u0142 w Afga\u0144skim Instytucie Kartograficznym i Katastralnym w Kabulu. Od 1980 r. wyk\u0142ada\u0142 geodezj\u0119 wy\u017csz\u0105 na Wydziale Geodezji i Kartografii PW. Od 1993 r. by\u0142 profesorem Wojskowej Akademii Technicznej w Warszawie, By\u0142 autorem podr\u0119cznika akademickiego &#8222;Geodezja wsp\u00f3\u0142czesna w zarysie&#8221; oraz wielu publikacji i referat\u00f3w na konferencjach krajowych i kongresach mi\u0119dzynarodowych.<\/p>\n<p style=\"text-align: justify;\">Opr\u00f3cz pracy naukowej i dydaktycznej pe\u0142ni\u0142 szereg funkcji administracyjnych i spo\u0142ecznych mianowicie: Dziekana Wydzia\u0142u Geodezji i Kartografii PW \u2013 (kadencja 2005-2008), Prodziekana Wydzia\u0142u Geodezji i Kartografii (1978-1881 i 1985-1993), Dyrektora Instytutu Geodezji Wy\u017cszej i Astronomii Geodezyjnej (2002-2005), Zast\u0119pcy Dyrektora Instytutu Geodezji Wy\u017cszej i Astronomii Geodezyjnej (1993-2002), Kierownika Zespo\u0142u Dydaktycznego w Instytucie Geodezji Wy\u017cszej i Astronomii Geodezyjnej od 1980 roku.<\/p>\n<p style=\"text-align: justify;\">Pe\u0142ni\u0142 r\u00f3wnie\u017c szereg funkcji poza uczelni\u0105. By\u0142 Przewodnicz\u0105cym Pa\u0144stwowej Rady Geodezyjnej (1990-1991), Sekretarzem Naukowym Komitetu Bada\u0144 Kosmicznych i Satelitarnych przy Prezydium PAN od 2005 r. Cz\u0142onkiem Komitetu Geodezji Polskiej Akademii Nauki.<\/p>\n<p style=\"text-align: justify;\">By\u0142 zafascynowany dzia\u0142alno\u015bci\u0105 w Stowarzyszeniu Geodet\u00f3w Polskich. Po uko\u0144czeniu studi\u00f3w rozpocz\u0105\u0142 dzia\u0142alno\u015b\u0107 w G\u0142\u00f3wnej Komisji M\u0142odzie\u017cowej SGP oraz w Kole SGP na uczelni. W roku 1980 zosta\u0142 wybrany do Zarz\u0105du G\u0142\u00f3wnego SGP i wszed\u0142, na kadencj\u0119 1980-1983, do Prezydium, najpierw na cz\u0142onka a potem na wiceprzewodnicz\u0105cego. W latach1983-1989 pe\u0142ni\u0142 funkcj\u0119 Przewodnicz\u0105cego Zarz\u0105du G\u0142\u00f3wnego W kolejnych latach 1989-1998 by\u0142 wiceprzewodnicz\u0105cym. W 1998 roku na Zje\u017adzie Delegat\u00f3w w Lublinie ponownie zosta\u0142 wybrany tym razem na Prezesa SGP. Funkcj\u0119 t\u0119 pe\u0142ni\u0142 do chwili \u015bmierci. By\u0142 r\u00f3wnie\u017c cz\u0142onkiem Rady Krajowej NOT i Przewodnicz\u0105cym Rady programowej &#8222;Przegl\u0105du Geodezyjnego&#8221;<\/p>\n<p style=\"text-align: justify;\">Na Zje\u017adzie Delegat\u00f3w w \u0141odzi w dniu 8 czerwca 2007 roku, nadano prof. Kazimierzowi Czarneckiemu, po\u015bmiertnie, godno\u015b\u0107 Cz\u0142onka Honorowego SGP.<\/p>\n<p style=\"text-align: justify;\">Prof. Kazimierz Czarnecki by\u0142 znanym dzia\u0142aczem na forum mi\u0119dzynarodowym. W latach 1988-1991 pe\u0142ni\u0142 funkcj\u0119 prezydenta 2 Komisji Mi\u0119dzynarodowej Federacji Geodet\u00f3w, przedtem przez trzy lata by\u0142 jej wiceprezydentem. W latach 1990-1991 przewodniczy\u0142 grupie roboczej &#8222;Professional Education&#8221; Mi\u0119dzynarodowej Unii Geodezji I kartografii. By\u0142 cz\u0142onkiem European Geophysical Society oraz Europejskiej Rady Ekspert\u00f3w Geodezji EU oraz innych mi\u0119dzynarodowych organizacji.<\/p>\n<p style=\"text-align: justify;\">Zosta\u0142 wyr\u00f3\u017cniony Krzy\u017cem Kawalerskim Orderu Odrodzenia Polski oraz innymi odznaczeniami pa\u0144stwowymi, wieloma odznaczeniami resortowymi i organizacji spo\u0142ecznych.<\/p>\n<p><img loading=\"lazy\" decoding=\"async\" class=\"size-full wp-image-1312\" style=\"margin-right: auto; margin-left: auto; display: block;\" src=\"https:\/\/sgp.geodezja.org.pl\/wp-content\/uploads\/2016\/08\/DSC_0448_s.jpg\" alt=\"\" width=\"200\" height=\"113\" srcset=\"https:\/\/sgp.geodezja.org.pl\/wp-content\/uploads\/2016\/08\/DSC_0448_s.jpg 1500w, https:\/\/sgp.geodezja.org.pl\/wp-content\/uploads\/2016\/08\/DSC_0448_s-800x450.jpg 800w, https:\/\/sgp.geodezja.org.pl\/wp-content\/uploads\/2016\/08\/DSC_0448_s-300x169.jpg 300w, https:\/\/sgp.geodezja.org.pl\/wp-content\/uploads\/2016\/08\/DSC_0448_s-1024x576.jpg 1024w, https:\/\/sgp.geodezja.org.pl\/wp-content\/uploads\/2016\/08\/DSC_0448_s-768x432.jpg 768w, https:\/\/sgp.geodezja.org.pl\/wp-content\/uploads\/2016\/08\/DSC_0448_s-107x60.jpg 107w\" sizes=\"auto, (max-width: 200px) 100vw, 200px\" \/><\/p>\n<p style=\"text-align: justify;\">Zmar\u0142 w dniu 23 sierpnia 2006 roku i zosta\u0142 pochowany na Cmentarzu Wilanowskim w Warszawie, ale pozostawi\u0142 po sobie trwa\u0142e \u015blady, kt\u00f3rych nie zatrze bieg czasu.<\/p>\n<p style=\"text-align: right;\">VK<\/p>","protected":false},"excerpt":{"rendered":"<p>Szybko up\u0142yn\u0119\u0142o 10 lat od momentu ostatniego po\u017cegnania Profesora zwyczajnego Politechniki Warszawskiej Kazimierza Czarneckiego, Prezesa Stowarzyszenia Geodet\u00f3w Polskich, Dziekana Wydzia\u0142u Geodezji i Kartografii Politechniki Warszawskiej. Przy tej okr\u0105g\u0142ej rocznicy Jego \u015bmierci wspomnijmy ile zrobi\u0142 dla Stowarzyszenia, dla nauki polskiej, dla m\u0142odzie\u017cy.<\/p>","protected":false},"author":2,"featured_media":1312,"comment_status":"open","ping_status":"open","sticky":false,"template":"","format":"standard","meta":{"two_page_speed":[],"footnotes":""},"categories":[10],"tags":[],"class_list":["post-1313","post","type-post","status-publish","format-standard","has-post-thumbnail","hentry","category-informacje"],"_links":{"self":[{"href":"https:\/\/sgp.geodezja.org.pl\/en\/wp-json\/wp\/v2\/posts\/1313","targetHints":{"allow":["GET"]}}],"collection":[{"href":"https:\/\/sgp.geodezja.org.pl\/en\/wp-json\/wp\/v2\/posts"}],"about":[{"href":"https:\/\/sgp.geodezja.org.pl\/en\/wp-json\/wp\/v2\/types\/post"}],"author":[{"embeddable":true,"href":"https:\/\/sgp.geodezja.org.pl\/en\/wp-json\/wp\/v2\/users\/2"}],"replies":[{"embeddable":true,"href":"https:\/\/sgp.geodezja.org.pl\/en\/wp-json\/wp\/v2\/comments?post=1313"}],"version-history":[{"count":0,"href":"https:\/\/sgp.geodezja.org.pl\/en\/wp-json\/wp\/v2\/posts\/1313\/revisions"}],"wp:featuredmedia":[{"embeddable":true,"href":"https:\/\/sgp.geodezja.org.pl\/en\/wp-json\/wp\/v2\/media\/1312"}],"wp:attachment":[{"href":"https:\/\/sgp.geodezja.org.pl\/en\/wp-json\/wp\/v2\/media?parent=1313"}],"wp:term":[{"taxonomy":"category","embeddable":true,"href":"https:\/\/sgp.geodezja.org.pl\/en\/wp-json\/wp\/v2\/categories?post=1313"},{"taxonomy":"post_tag","embeddable":true,"href":"https:\/\/sgp.geodezja.org.pl\/en\/wp-json\/wp\/v2\/tags?post=1313"}],"curies":[{"name":"wp","href":"https:\/\/api.w.org\/{rel}","templated":true}]}}