{"id":1314,"date":"2016-08-27T21:03:07","date_gmt":"2016-08-27T19:03:07","guid":{"rendered":"https:\/\/2.budowaniestron.pl\/list-stowarzyszenia-geodetow-polskich-do-pani-premier-beaty-szydlo\/"},"modified":"2016-08-27T21:03:07","modified_gmt":"2016-08-27T19:03:07","slug":"list-stowarzyszenia-geodetow-polskich-do-pani-premier-beaty-szydlo","status":"publish","type":"post","link":"https:\/\/sgp.geodezja.org.pl\/en\/list-stowarzyszenia-geodetow-polskich-do-pani-premier-beaty-szydlo\/","title":{"rendered":"List Stowarzyszenia Geodet\u00f3w Polskich do Pani Premier Beaty Szyd\u0142o"},"content":{"rendered":"<p style=\"text-align: justify;\">W dniu 26 sierpnia 2016 r. Stowarzyszenie Geodet\u00f3w Polskich przekaza\u0142o list do Pani Premier, wyra\u017caj\u0105cy zaniepokojenie z powodu skutk\u00f3w, jakie mo\u017ce wywo\u0142a\u0107 realizacja przepis\u00f3w ustawy z dnia 7 lipca 2016 o zmianie ustawy o dzia\u0142ach administracji rz\u0105dowej oraz niekt\u00f3rych innych ustaw. W szczeg\u00f3lno\u015bci realizacja bez zastrze\u017ce\u0144 zapisu art.61 tej ustawy mo\u017ce doprowadzi\u0107 wr\u0119cz do likwidacji pa\u0144stwowej s\u0142u\u017cby geodezyjnej i kartograficznej w jej formie ukszta\u0142towanej od powstania w 1945 roku do chwili obecnej.<\/p>\n<p>  <!--more-->  <\/p>\n<p style=\"text-align: justify;\">W dniu 26 sierpnia 2016 r. Stowarzyszenie Geodet\u00f3w Polskich przekaza\u0142o list do Pani Premier, wyra\u017caj\u0105cy zaniepokojenie z powodu skutk\u00f3w, jakie mo\u017ce wywo\u0142a\u0107 realizacja przepis\u00f3w ustawy z dnia 7 lipca 2016 o zmianie ustawy o dzia\u0142ach administracji rz\u0105dowej oraz niekt\u00f3rych innych ustaw. W szczeg\u00f3lno\u015bci realizacja bez zastrze\u017ce\u0144 zapisu art.61 tej ustawy mo\u017ce doprowadzi\u0107 wr\u0119cz do likwidacji pa\u0144stwowej s\u0142u\u017cby geodezyjnej i kartograficznej w jej formie ukszta\u0142towanej od powstania w 1945 roku do chwili obecnej.<\/p>\n<p style=\"text-align: justify;\">Podkre\u015blamy w li\u015bcie, \u017ce zapisem tym zagro\u017cony jest ca\u0142y wielki system informacyjny o przestrzeni kraju oraz o wzajemnych relacjach prawnych mi\u0119dzy osobami fizycznymi i prawnymi oraz ich relacjach z Pa\u0144stwem Polskim. Mo\u017ce to skutkowa\u0107 os\u0142abieniem obronno\u015bci Polski w cyberwojnie \u015bwiatowej oraz utrat\u0105 warto\u015bci Pa\u0144stwowego Zasobu Geodezyjnego i Kartograficznego, a tak\u017ce \u2013 wielkimi niewymiernymi stratami kulturowymi.<\/p>\n<p style=\"text-align: right;\">VK<\/p>","protected":false},"excerpt":{"rendered":"<p>W dniu 26 sierpnia 2016 r. Stowarzyszenie Geodet\u00f3w Polskich przekaza\u0142o list do Pani Premier, wyra\u017caj\u0105cy zaniepokojenie z powodu skutk\u00f3w, jakie mo\u017ce wywo\u0142a\u0107 realizacja przepis\u00f3w ustawy z dnia 7 lipca 2016 o zmianie ustawy o dzia\u0142ach administracji rz\u0105dowej oraz niekt\u00f3rych innych ustaw. W szczeg\u00f3lno\u015bci realizacja bez zastrze\u017ce\u0144 zapisu art.61 tej ustawy mo\u017ce doprowadzi\u0107 wr\u0119cz do likwidacji [&hellip;]<\/p>\n","protected":false},"author":2,"featured_media":0,"comment_status":"open","ping_status":"open","sticky":false,"template":"","format":"standard","meta":{"two_page_speed":[],"footnotes":""},"categories":[10],"tags":[],"class_list":["post-1314","post","type-post","status-publish","format-standard","hentry","category-informacje"],"_links":{"self":[{"href":"https:\/\/sgp.geodezja.org.pl\/en\/wp-json\/wp\/v2\/posts\/1314","targetHints":{"allow":["GET"]}}],"collection":[{"href":"https:\/\/sgp.geodezja.org.pl\/en\/wp-json\/wp\/v2\/posts"}],"about":[{"href":"https:\/\/sgp.geodezja.org.pl\/en\/wp-json\/wp\/v2\/types\/post"}],"author":[{"embeddable":true,"href":"https:\/\/sgp.geodezja.org.pl\/en\/wp-json\/wp\/v2\/users\/2"}],"replies":[{"embeddable":true,"href":"https:\/\/sgp.geodezja.org.pl\/en\/wp-json\/wp\/v2\/comments?post=1314"}],"version-history":[{"count":0,"href":"https:\/\/sgp.geodezja.org.pl\/en\/wp-json\/wp\/v2\/posts\/1314\/revisions"}],"wp:attachment":[{"href":"https:\/\/sgp.geodezja.org.pl\/en\/wp-json\/wp\/v2\/media?parent=1314"}],"wp:term":[{"taxonomy":"category","embeddable":true,"href":"https:\/\/sgp.geodezja.org.pl\/en\/wp-json\/wp\/v2\/categories?post=1314"},{"taxonomy":"post_tag","embeddable":true,"href":"https:\/\/sgp.geodezja.org.pl\/en\/wp-json\/wp\/v2\/tags?post=1314"}],"curies":[{"name":"wp","href":"https:\/\/api.w.org\/{rel}","templated":true}]}}