{"id":1325,"date":"2016-09-19T15:12:32","date_gmt":"2016-09-19T13:12:32","guid":{"rendered":"https:\/\/2.budowaniestron.pl\/list-organizacji-geodezyjnych-do-pani-premier-beaty-szydlo\/"},"modified":"2016-09-19T15:12:32","modified_gmt":"2016-09-19T13:12:32","slug":"list-organizacji-geodezyjnych-do-pani-premier-beaty-szydlo","status":"publish","type":"post","link":"https:\/\/sgp.geodezja.org.pl\/en\/list-organizacji-geodezyjnych-do-pani-premier-beaty-szydlo\/","title":{"rendered":"List organizacji geodezyjnych do Pani Premier Beaty Szyd\u0142o"},"content":{"rendered":"<p style=\"text-align: justify;\">Dnia 16 wrze\u015bnia 2016 r. zosta\u0142 przekazany list do Pani Premier Beaty Szyd\u0142o. Zosta\u0142 on podpisany przez szef\u00f3w nast\u0119puj\u0105cych organizacji: Stowarzyszenia Geodet\u00f3w Polskich, Polskiego Towarzystwa Informacji Przestrzennej, Stowarzyszenia Kartograf\u00f3w Polskich, Polskiego Towarzystwa Fotogrametrii i Teledetekcji, Komitetu Geodezji Polskiej Akademii Nauk, Pa\u0144stwowej Rady Geodezyjnej i Kartograficznej, Zespo\u0142u Eksperckiego ds. Regionalnych System\u00f3w Informacji Przestrzennej, Polsk\u0105 Geodezj\u0119 Komercyjn\u0105. Pismo zosta\u0142o skierowane do wiadomo\u015bci Pani Anny Stre\u017cy\u0144skiej, Ministra Cyfryzacji, Pana Andrzeja Adamczyka, Ministra Infrastruktury i Budownictwa oraz Pani Aleksandrze Jab\u0142onowskiej, p.o. G\u0142\u00f3wnego Geodety Kraju.<\/p>\n<p>  <!--more-->  <\/p>\n<p style=\"text-align: justify;\">Dnia 16 wrze\u015bnia 2016 r. zosta\u0142 przekazany list do Pani Premier Beaty Szyd\u0142o. Zosta\u0142 on podpisany przez szef\u00f3w nast\u0119puj\u0105cych organizacji: Stowarzyszenia Geodet\u00f3w Polskich, Polskiego Towarzystwa Informacji Przestrzennej, Stowarzyszenia Kartograf\u00f3w Polskich, Polskiego Towarzystwa Fotogrametrii i Teledetekcji, Komitetu Geodezji Polskiej Akademii Nauk, Pa\u0144stwowej Rady Geodezyjnej i Kartograficznej, Zespo\u0142u Eksperckiego ds. Regionalnych System\u00f3w Informacji Przestrzennej, Polsk\u0105 Geodezj\u0119 Komercyjn\u0105. Pismo zosta\u0142o skierowane do wiadomo\u015bci Pani Anny Stre\u017cy\u0144skiej, Ministra Cyfryzacji, Pana Andrzeja Adamczyka, Ministra Infrastruktury i Budownictwa oraz Pani Aleksandrze Jab\u0142onowskiej, p.o. G\u0142\u00f3wnego Geodety Kraju.<\/p>\n<p style=\"text-align: justify;\">Istot\u0105 wyst\u0105pienia organizacji jest wniosek dotycz\u0105cy w\u0142\u0105czenia G\u0142\u00f3wnego Geodety Kraju do grupy organ\u00f3w bezpo\u015brednio podleg\u0142ych Prezesowi Rady Ministr\u00f3w.<\/p>\n<p style=\"text-align: right;\">VK<\/p>","protected":false},"excerpt":{"rendered":"<p>Dnia 16 wrze\u015bnia 2016 r. zosta\u0142 przekazany list do Pani Premier Beaty Szyd\u0142o. Zosta\u0142 on podpisany przez szef\u00f3w nast\u0119puj\u0105cych organizacji: Stowarzyszenia Geodet\u00f3w Polskich, Polskiego Towarzystwa Informacji Przestrzennej, Stowarzyszenia Kartograf\u00f3w Polskich, Polskiego Towarzystwa Fotogrametrii i Teledetekcji, Komitetu Geodezji Polskiej Akademii Nauk, Pa\u0144stwowej Rady Geodezyjnej i Kartograficznej, Zespo\u0142u Eksperckiego ds. Regionalnych System\u00f3w Informacji Przestrzennej, Polsk\u0105 Geodezj\u0119 Komercyjn\u0105. [&hellip;]<\/p>\n","protected":false},"author":2,"featured_media":0,"comment_status":"open","ping_status":"open","sticky":false,"template":"","format":"standard","meta":{"two_page_speed":[],"footnotes":""},"categories":[10],"tags":[],"class_list":["post-1325","post","type-post","status-publish","format-standard","hentry","category-informacje"],"_links":{"self":[{"href":"https:\/\/sgp.geodezja.org.pl\/en\/wp-json\/wp\/v2\/posts\/1325","targetHints":{"allow":["GET"]}}],"collection":[{"href":"https:\/\/sgp.geodezja.org.pl\/en\/wp-json\/wp\/v2\/posts"}],"about":[{"href":"https:\/\/sgp.geodezja.org.pl\/en\/wp-json\/wp\/v2\/types\/post"}],"author":[{"embeddable":true,"href":"https:\/\/sgp.geodezja.org.pl\/en\/wp-json\/wp\/v2\/users\/2"}],"replies":[{"embeddable":true,"href":"https:\/\/sgp.geodezja.org.pl\/en\/wp-json\/wp\/v2\/comments?post=1325"}],"version-history":[{"count":0,"href":"https:\/\/sgp.geodezja.org.pl\/en\/wp-json\/wp\/v2\/posts\/1325\/revisions"}],"wp:attachment":[{"href":"https:\/\/sgp.geodezja.org.pl\/en\/wp-json\/wp\/v2\/media?parent=1325"}],"wp:term":[{"taxonomy":"category","embeddable":true,"href":"https:\/\/sgp.geodezja.org.pl\/en\/wp-json\/wp\/v2\/categories?post=1325"},{"taxonomy":"post_tag","embeddable":true,"href":"https:\/\/sgp.geodezja.org.pl\/en\/wp-json\/wp\/v2\/tags?post=1325"}],"curies":[{"name":"wp","href":"https:\/\/api.w.org\/{rel}","templated":true}]}}