{"id":1337,"date":"2016-09-20T18:10:30","date_gmt":"2016-09-20T16:10:30","guid":{"rendered":"https:\/\/2.budowaniestron.pl\/xxx-dzien-geodezji-w-legnicy-wrzesien-2016-r\/"},"modified":"2016-09-20T18:10:30","modified_gmt":"2016-09-20T16:10:30","slug":"xxx-dzien-geodezji-w-legnicy-wrzesien-2016-r","status":"publish","type":"post","link":"https:\/\/sgp.geodezja.org.pl\/en\/xxx-dzien-geodezji-w-legnicy-wrzesien-2016-r\/","title":{"rendered":"XXX Dzie\u0144 Geodezji w Legnicy \u2013 2 wrze\u015bnia 2016 r."},"content":{"rendered":"<p style=\"text-align: justify;\">Dnia\u00a02 wrze\u015bnia 2016 r. ju\u017c po raz trzydziesty na Zamku Grodziec, w powiecie z\u0142otoryjskim, spotkali si\u0119 geodetki, geodeci, przedstawiciele wykonawstwa, administracji i nadzoru geodezyjnego oraz przyjaciele geodezji. W zorganizowanym przez Zarz\u0105d Oddzia\u0142u Stowarzyszenia Geodet\u00f3w Polskich w Legnicy spotkaniu uczestniczy\u0142o 112 koleg\u00f3w i kole\u017canek.<\/p>\n<p>  <!--more-->  <\/p>\n<p style=\"text-align: justify;\">Dnia\u00a02 wrze\u015bnia 2016 r. ju\u017c po raz trzydziesty na Zamku Grodziec, w powiecie z\u0142otoryjskim, spotkali si\u0119 geodetki, geodeci, przedstawiciele wykonawstwa, administracji i nadzoru geodezyjnego oraz przyjaciele geodezji. W zorganizowanym przez Zarz\u0105d Oddzia\u0142u Stowarzyszenia Geodet\u00f3w Polskich w Legnicy spotkaniu uczestniczy\u0142o 112 koleg\u00f3w i kole\u017canek.<\/p>\n<p>\u00a0<img loading=\"lazy\" decoding=\"async\" class=\"size-full wp-image-1326\" style=\"margin-right: auto; margin-left: auto; display: block;\" src=\"https:\/\/sgp.geodezja.org.pl\/wp-content\/uploads\/2016\/09\/1.JPG\" alt=\"\" width=\"200\" height=\"150\" srcset=\"https:\/\/sgp.geodezja.org.pl\/wp-content\/uploads\/2016\/09\/1.JPG 1333w, https:\/\/sgp.geodezja.org.pl\/wp-content\/uploads\/2016\/09\/1-800x600.jpg 800w, https:\/\/sgp.geodezja.org.pl\/wp-content\/uploads\/2016\/09\/1-300x225.jpg 300w, https:\/\/sgp.geodezja.org.pl\/wp-content\/uploads\/2016\/09\/1-1024x768.jpg 1024w, https:\/\/sgp.geodezja.org.pl\/wp-content\/uploads\/2016\/09\/1-150x113.jpg 150w, https:\/\/sgp.geodezja.org.pl\/wp-content\/uploads\/2016\/09\/1-768x576.jpg 768w, https:\/\/sgp.geodezja.org.pl\/wp-content\/uploads\/2016\/09\/1-80x60.jpg 80w\" sizes=\"auto, (max-width: 200px) 100vw, 200px\" \/><\/p>\n<p style=\"text-align: center;\"><em>Sala Rycerska czeka na go\u015bci<\/em><\/p>\n<p>\u00a0<img loading=\"lazy\" decoding=\"async\" class=\"size-full wp-image-1327\" style=\"margin-right: auto; margin-left: auto; display: block;\" src=\"https:\/\/sgp.geodezja.org.pl\/wp-content\/uploads\/2016\/09\/2.JPG\" alt=\"\" width=\"200\" height=\"150\" srcset=\"https:\/\/sgp.geodezja.org.pl\/wp-content\/uploads\/2016\/09\/2.JPG 1333w, https:\/\/sgp.geodezja.org.pl\/wp-content\/uploads\/2016\/09\/2-800x600.jpg 800w, https:\/\/sgp.geodezja.org.pl\/wp-content\/uploads\/2016\/09\/2-300x225.jpg 300w, https:\/\/sgp.geodezja.org.pl\/wp-content\/uploads\/2016\/09\/2-1024x768.jpg 1024w, https:\/\/sgp.geodezja.org.pl\/wp-content\/uploads\/2016\/09\/2-768x576.jpg 768w\" sizes=\"auto, (max-width: 200px) 100vw, 200px\" \/><\/p>\n<p style=\"text-align: center;\"><em>Kasztelan Zenon Bernacki<\/em><\/p>\n<p style=\"text-align: justify;\">Na dziedzi\u0144cu zamkowym uczestnik\u00f3w spotkania serdecznie przywita\u0142 Kasztelan Zamku Grodziec Zenon Bernacki, \u017cycz\u0105c wszystkim dobrych wspomnie\u0144 z pobytu na zamku. Nast\u0119pnie kol. Wies\u0142aw Firlici\u0144ski \u2013 Honorowy Prezes ZO SGP w Legnicy wraz z kol. W\u0142odzimierzem Chytrym \u2013 Wiceprezesem ZO SGP, po przywitaniu wszystkich zebranych przekazali podzi\u0119kowania dla os\u00f3b wspieraj\u0105cych dzia\u0142alno\u015b\u0107 Stowarzyszenia Geodet\u00f3w Polskich wr\u0119czaj\u0105c upominki w formie album\u00f3w. G\u0142os zabra\u0142 r\u00f3wnie\u017c starosta z\u0142otoryjski Ryszard Raszkiewicz przekazuj\u0105c z okazji XXX Dni Geodezji serdeczne \u017cyczenia wielu sukces\u00f3w w realizacji zada\u0144 geodezyjnych, satysfakcji z wykonywanej pracy oraz wszelkiej pomy\u015blno\u015bci w \u017cyciu osobistym.\u00a0<\/p>\n<p style=\"text-align: justify;\"><img loading=\"lazy\" decoding=\"async\" class=\"size-full wp-image-1328\" style=\"margin-right: auto; margin-left: auto; display: block;\" src=\"https:\/\/sgp.geodezja.org.pl\/wp-content\/uploads\/2016\/09\/3.JPG\" alt=\"\" width=\"200\" height=\"166\" srcset=\"https:\/\/sgp.geodezja.org.pl\/wp-content\/uploads\/2016\/09\/3.JPG 1203w, https:\/\/sgp.geodezja.org.pl\/wp-content\/uploads\/2016\/09\/3-800x665.jpg 800w, https:\/\/sgp.geodezja.org.pl\/wp-content\/uploads\/2016\/09\/3-300x249.jpg 300w, https:\/\/sgp.geodezja.org.pl\/wp-content\/uploads\/2016\/09\/3-1024x851.jpg 1024w, https:\/\/sgp.geodezja.org.pl\/wp-content\/uploads\/2016\/09\/3-768x638.jpg 768w\" sizes=\"auto, (max-width: 200px) 100vw, 200px\" \/><\/p>\n<p style=\"text-align: center;\"><em>Wies\u0142aw Firlici\u0144ski, Starosta Ryszard Raszkiewicz, W\u0142odzimierz Chytry i Kasztelan Zenon Bernacki<\/em><\/p>\n<p style=\"text-align: center;\">\u00a0<img loading=\"lazy\" decoding=\"async\" class=\"size-full wp-image-1329\" style=\"margin-right: auto; margin-left: auto; display: block;\" src=\"https:\/\/sgp.geodezja.org.pl\/wp-content\/uploads\/2016\/09\/4.JPG\" alt=\"\" width=\"200\" height=\"150\" srcset=\"https:\/\/sgp.geodezja.org.pl\/wp-content\/uploads\/2016\/09\/4.JPG 1333w, https:\/\/sgp.geodezja.org.pl\/wp-content\/uploads\/2016\/09\/4-800x600.jpg 800w, https:\/\/sgp.geodezja.org.pl\/wp-content\/uploads\/2016\/09\/4-300x225.jpg 300w, https:\/\/sgp.geodezja.org.pl\/wp-content\/uploads\/2016\/09\/4-1024x768.jpg 1024w, https:\/\/sgp.geodezja.org.pl\/wp-content\/uploads\/2016\/09\/4-768x576.jpg 768w\" sizes=\"auto, (max-width: 200px) 100vw, 200px\" \/><\/p>\n<p style=\"text-align: center;\"><em>Miko\u0142aj Smyk i Alicja Meusz<\/em><\/p>\n<p>Kol. Alicja Meusz \u2013 Dolno\u015bl\u0105ski Wojew\u00f3dzki Inspektor Nadzoru Geodezyjnego i Kartograficznego we Wroc\u0142awiu, dzi\u0119kuj\u0105c za zaproszenie przekaza\u0142a najlepsze \u017cyczenia w imieniu Zarz\u0105du Oddzia\u0142u SGP we Wroc\u0142awiu.<\/p>\n<p style=\"text-align: justify;\">Tradycyjnie, otwarcie XXX Dnia Geodezji obwie\u015bci\u0142 pot\u0119\u017cny huk \u015bredniowiecznej armaty odpalonej przez kol. Alicj\u0119 Meusz.<\/p>\n<p style=\"text-align: center;\"><img loading=\"lazy\" decoding=\"async\" class=\"size-full wp-image-1330\" src=\"https:\/\/sgp.geodezja.org.pl\/wp-content\/uploads\/2016\/09\/5.JPG\" alt=\"\" width=\"200\" height=\"134\" srcset=\"https:\/\/sgp.geodezja.org.pl\/wp-content\/uploads\/2016\/09\/5.JPG 1490w, https:\/\/sgp.geodezja.org.pl\/wp-content\/uploads\/2016\/09\/5-800x537.jpg 800w, https:\/\/sgp.geodezja.org.pl\/wp-content\/uploads\/2016\/09\/5-300x201.jpg 300w, https:\/\/sgp.geodezja.org.pl\/wp-content\/uploads\/2016\/09\/5-1024x687.jpg 1024w, https:\/\/sgp.geodezja.org.pl\/wp-content\/uploads\/2016\/09\/5-768x515.jpg 768w\" sizes=\"auto, (max-width: 200px) 100vw, 200px\" \/>\u00a0\u00a0<\/p>\n<p style=\"text-align: center;\"><em>Witamy, witamy !\u00a0<\/em><\/p>\n<p style=\"text-align: center;\"><img loading=\"lazy\" decoding=\"async\" class=\"size-full wp-image-1331\" style=\"margin-right: auto; margin-left: auto; display: block;\" src=\"https:\/\/sgp.geodezja.org.pl\/wp-content\/uploads\/2016\/09\/6.JPG\" alt=\"\" width=\"200\" height=\"150\" srcset=\"https:\/\/sgp.geodezja.org.pl\/wp-content\/uploads\/2016\/09\/6.JPG 1333w, https:\/\/sgp.geodezja.org.pl\/wp-content\/uploads\/2016\/09\/6-800x600.jpg 800w, https:\/\/sgp.geodezja.org.pl\/wp-content\/uploads\/2016\/09\/6-300x225.jpg 300w, https:\/\/sgp.geodezja.org.pl\/wp-content\/uploads\/2016\/09\/6-1024x768.jpg 1024w, https:\/\/sgp.geodezja.org.pl\/wp-content\/uploads\/2016\/09\/6-768x576.jpg 768w\" sizes=\"auto, (max-width: 200px) 100vw, 200px\" \/><\/p>\n<p style=\"text-align: center;\"><em>Na dziedzi\u0144cu zamkowym<\/em><\/p>\n<p>Nast\u0119pnie uczestnicy udali si\u0119 do sali rycerskiej zamku, gdzie oczekiwa\u0142o na nich zamkowe jad\u0142o i zesp\u00f3\u0142 muzyczny przy akompaniamencie, kt\u00f3rego od\u015bpiewano Hymn Geodety.<\/p>\n<p><img loading=\"lazy\" decoding=\"async\" class=\"size-full wp-image-1332\" style=\"margin-right: auto; margin-left: auto; display: block;\" src=\"https:\/\/sgp.geodezja.org.pl\/wp-content\/uploads\/2016\/09\/7.JPG\" alt=\"\" width=\"200\" height=\"141\" srcset=\"https:\/\/sgp.geodezja.org.pl\/wp-content\/uploads\/2016\/09\/7.JPG 1417w, https:\/\/sgp.geodezja.org.pl\/wp-content\/uploads\/2016\/09\/7-800x565.jpg 800w, https:\/\/sgp.geodezja.org.pl\/wp-content\/uploads\/2016\/09\/7-300x212.jpg 300w, https:\/\/sgp.geodezja.org.pl\/wp-content\/uploads\/2016\/09\/7-1024x723.jpg 1024w, https:\/\/sgp.geodezja.org.pl\/wp-content\/uploads\/2016\/09\/7-768x542.jpg 768w\" sizes=\"auto, (max-width: 200px) 100vw, 200px\" \/><\/p>\n<p style=\"text-align: center;\">\u00a0<em>Na dziedzi\u0144cu zamkowym cd.<\/em><\/p>\n<p style=\"text-align: center;\"><img loading=\"lazy\" decoding=\"async\" class=\"size-full wp-image-1333\" style=\"margin-right: auto; margin-left: auto; display: block;\" src=\"https:\/\/sgp.geodezja.org.pl\/wp-content\/uploads\/2016\/09\/8.JPG\" alt=\"\" width=\"200\" height=\"152\" srcset=\"https:\/\/sgp.geodezja.org.pl\/wp-content\/uploads\/2016\/09\/8.JPG 1319w, https:\/\/sgp.geodezja.org.pl\/wp-content\/uploads\/2016\/09\/8-800x607.jpg 800w, https:\/\/sgp.geodezja.org.pl\/wp-content\/uploads\/2016\/09\/8-300x227.jpg 300w, https:\/\/sgp.geodezja.org.pl\/wp-content\/uploads\/2016\/09\/8-1024x776.jpg 1024w, https:\/\/sgp.geodezja.org.pl\/wp-content\/uploads\/2016\/09\/8-768x582.jpg 768w\" sizes=\"auto, (max-width: 200px) 100vw, 200px\" \/><\/p>\n<p style=\"text-align: center;\">\u00a0<em>Hymn Geodety<\/em><\/p>\n<p style=\"text-align: justify;\">Na podzamczu zamkowym rozegrano IV Turniej \u0141uczniczy Geodet\u00f3w o Z\u0142ot\u0105 Strza\u0142\u0119 Kasztelana Zamku Grodziec. Turniej cieszy\u0142 si\u0119 du\u017cym zainteresowaniem. Pod nadzorem s\u0119dziowskim kol. Arkadiusza Zyga \u2013 Prezesa Ko\u0142a terenowego SGP w Lubinie oraz kol. Zygmunta Niechwiadowicza zostali wy\u0142onieni zwyci\u0119zcy turnieju.<\/p>\n<p style=\"text-align: center;\"><img loading=\"lazy\" decoding=\"async\" class=\"size-full wp-image-1334\" style=\"margin-right: auto; margin-left: auto; display: block;\" src=\"https:\/\/sgp.geodezja.org.pl\/wp-content\/uploads\/2016\/09\/9.JPG\" alt=\"\" width=\"150\" height=\"200\" srcset=\"https:\/\/sgp.geodezja.org.pl\/wp-content\/uploads\/2016\/09\/9.JPG 750w, https:\/\/sgp.geodezja.org.pl\/wp-content\/uploads\/2016\/09\/9-225x300.jpg 225w\" sizes=\"auto, (max-width: 150px) 100vw, 150px\" \/><\/p>\n<p style=\"text-align: center;\"><em>Kategoria Kole\u017canek<\/em><\/p>\n<p>W kategorii kole\u017canek I miejsce zaj\u0119\u0142a kol. Ewelina My\u015blikowska, II miejsce kol. Luiza Hajdun, III miejsce kol. Katarzyna Wierzanowska, a w kategorii koleg\u00f3w I miejsce zdoby\u0142 kol. Jacek Kobyli\u0144ski, II miejsce kol. Tomasz Targowicz, III miejsce kol. Andrzej Hajdun.\u00a0<\/p>\n<p><img loading=\"lazy\" decoding=\"async\" class=\"size-full wp-image-1335\" style=\"margin-right: auto; margin-left: auto; display: block;\" src=\"https:\/\/sgp.geodezja.org.pl\/wp-content\/uploads\/2016\/09\/11.JPG\" alt=\"\" width=\"150\" height=\"200\" srcset=\"https:\/\/sgp.geodezja.org.pl\/wp-content\/uploads\/2016\/09\/11.JPG 750w, https:\/\/sgp.geodezja.org.pl\/wp-content\/uploads\/2016\/09\/11-225x300.jpg 225w\" sizes=\"auto, (max-width: 150px) 100vw, 150px\" \/><\/p>\n<p style=\"text-align: center;\">\u00a0<em>Ostatnie dobre rady<\/em>\u00a0<\/p>\n<p><img loading=\"lazy\" decoding=\"async\" class=\"size-full wp-image-1336\" style=\"margin-right: auto; margin-left: auto; display: block;\" src=\"https:\/\/sgp.geodezja.org.pl\/wp-content\/uploads\/2016\/09\/12.JPG\" alt=\"\" width=\"150\" height=\"200\" srcset=\"https:\/\/sgp.geodezja.org.pl\/wp-content\/uploads\/2016\/09\/12.JPG 750w, https:\/\/sgp.geodezja.org.pl\/wp-content\/uploads\/2016\/09\/12-225x300.jpg 225w\" sizes=\"auto, (max-width: 150px) 100vw, 150px\" \/><\/p>\n<p style=\"text-align: center;\"><em>S\u0119dziowie podliczaj\u0105 zdobyte punkty. Arkadiusz Zyga i Zygmunt Niechwiadowicz<\/em><\/p>\n<p>Zwyci\u0119zcy zostali uhonorowani pi\u0119knymi pucharami i dyplomami.<br \/>Spotkanie towarzyskie przebieg\u0142o w mi\u0142ej, kole\u017ce\u0144skiej atmosferze, wymianie pogl\u0105d\u00f3w, podczas gor\u0105cych chwilami dyskusji na tematy geodezyjne, przy ognisku rozpalonym na dziedzi\u0144cu zamkowym.<\/p>\n<p>\u00a0\u00a0\u00a0\u00a0\u00a0\u00a0\u00a0\u00a0\u00a0\u00a0\u00a0\u00a0\u00a0\u00a0\u00a0\u00a0\u00a0\u00a0\u00a0\u00a0 Zapraszamy za rok.<\/p>\n<p>\u00a0<\/p>\n<p>\u00a0\u00a0\u00a0\u00a0\u00a0\u00a0\u00a0\u00a0\u00a0\u00a0\u00a0\u00a0\u00a0\u00a0\u00a0\u00a0 \u00a0\u00a0\u00a0 W\u0142odzimierz Chytry<\/p>\n<p>\u00a0\u00a0\u00a0\u00a0\u00a0\u00a0\u00a0\u00a0\u00a0\u00a0\u00a0\u00a0\u00a0\u00a0\u00a0\u00a0\u00a0 \u00a0\u00a0 Wiceprezes ZO SGP w Legnicy<\/p>\n<p>\u00a0<\/p>\n<p>Fot. Izabela Nowak<\/p>\n<p>\u00a0<\/p>\n<p style=\"text-align: right;\">VK<\/p>","protected":false},"excerpt":{"rendered":"<p>Dnia\u00a02 wrze\u015bnia 2016 r. ju\u017c po raz trzydziesty na Zamku Grodziec, w powiecie z\u0142otoryjskim, spotkali si\u0119 geodetki, geodeci, przedstawiciele wykonawstwa, administracji i nadzoru geodezyjnego oraz przyjaciele geodezji. W zorganizowanym przez Zarz\u0105d Oddzia\u0142u Stowarzyszenia Geodet\u00f3w Polskich w Legnicy spotkaniu uczestniczy\u0142o 112 koleg\u00f3w i kole\u017canek.<\/p>","protected":false},"author":2,"featured_media":1326,"comment_status":"open","ping_status":"open","sticky":false,"template":"","format":"standard","meta":{"two_page_speed":[],"footnotes":""},"categories":[10],"tags":[],"class_list":["post-1337","post","type-post","status-publish","format-standard","has-post-thumbnail","hentry","category-informacje"],"_links":{"self":[{"href":"https:\/\/sgp.geodezja.org.pl\/en\/wp-json\/wp\/v2\/posts\/1337","targetHints":{"allow":["GET"]}}],"collection":[{"href":"https:\/\/sgp.geodezja.org.pl\/en\/wp-json\/wp\/v2\/posts"}],"about":[{"href":"https:\/\/sgp.geodezja.org.pl\/en\/wp-json\/wp\/v2\/types\/post"}],"author":[{"embeddable":true,"href":"https:\/\/sgp.geodezja.org.pl\/en\/wp-json\/wp\/v2\/users\/2"}],"replies":[{"embeddable":true,"href":"https:\/\/sgp.geodezja.org.pl\/en\/wp-json\/wp\/v2\/comments?post=1337"}],"version-history":[{"count":0,"href":"https:\/\/sgp.geodezja.org.pl\/en\/wp-json\/wp\/v2\/posts\/1337\/revisions"}],"wp:featuredmedia":[{"embeddable":true,"href":"https:\/\/sgp.geodezja.org.pl\/en\/wp-json\/wp\/v2\/media\/1326"}],"wp:attachment":[{"href":"https:\/\/sgp.geodezja.org.pl\/en\/wp-json\/wp\/v2\/media?parent=1337"}],"wp:term":[{"taxonomy":"category","embeddable":true,"href":"https:\/\/sgp.geodezja.org.pl\/en\/wp-json\/wp\/v2\/categories?post=1337"},{"taxonomy":"post_tag","embeddable":true,"href":"https:\/\/sgp.geodezja.org.pl\/en\/wp-json\/wp\/v2\/tags?post=1337"}],"curies":[{"name":"wp","href":"https:\/\/api.w.org\/{rel}","templated":true}]}}