{"id":1338,"date":"2016-09-21T11:49:55","date_gmt":"2016-09-21T09:49:55","guid":{"rendered":"https:\/\/2.budowaniestron.pl\/v-forum-na-temat-ksztalcenie-geodetow-i-kartografow\/"},"modified":"2016-09-21T11:49:55","modified_gmt":"2016-09-21T09:49:55","slug":"v-forum-na-temat-ksztalcenie-geodetow-i-kartografow","status":"publish","type":"post","link":"https:\/\/sgp.geodezja.org.pl\/en\/v-forum-na-temat-ksztalcenie-geodetow-i-kartografow\/","title":{"rendered":"V Forum na temat kszta\u0142cenia i doskonalenia zawodowego geodet\u00f3w i kartograf\u00f3w, 20 \u2013 21 pa\u017adziernika 2016 r."},"content":{"rendered":"<p style=\"text-align: justify;\">W imieniu organizator\u00f3w: G\u0142\u00f3wnego Geodety Kraju, Stowarzyszenia Geodet\u00f3w Polskich, Geodezyjnej Izby Gospodarczej, Polskiej Geodezji Komercyjnej, Stowarzyszenia Kartograf\u00f3w Polskich\u00a0i Konwentu Dziekan\u00f3w Wydzia\u0142\u00f3w Geodezyjnych po raz pi\u0105ty zapraszamy do udzia\u0142u w Forum nt. kszta\u0142cenia i doskonalenia zawodowego\u00a0geodet\u00f3w i kartograf\u00f3w, kt\u00f3re odb\u0119dzie si\u0119 w dniach 20 \u2013 21 pa\u017adziernika 2016 r. Podczas forum kontynuowana b\u0119dzie dyskusja dotycz\u0105ca systemu kszta\u0142cenia i doskonalenia zawodowego w dziedzinie geodezji i kartografii, kt\u00f3ra w ostatnich latach zintegrowa\u0142a dzia\u0142ania \u015brodowiska geodezyjnego.<\/p>\n<p>  <!--more-->  <\/p>\n<p style=\"text-align: justify;\">W imieniu organizator\u00f3w: G\u0142\u00f3wnego Geodety Kraju, Stowarzyszenia Geodet\u00f3w Polskich, Geodezyjnej Izby Gospodarczej, Polskiej Geodezji Komercyjnej, Stowarzyszenia Kartograf\u00f3w Polskich\u00a0i Konwentu Dziekan\u00f3w Wydzia\u0142\u00f3w Geodezyjnych po raz pi\u0105ty zapraszamy do udzia\u0142u w Forum nt. kszta\u0142cenia i doskonalenia zawodowego\u00a0geodet\u00f3w i kartograf\u00f3w, kt\u00f3re odb\u0119dzie si\u0119 w dniach 20 \u2013 21 pa\u017adziernika 2016 r. Podczas forum kontynuowana b\u0119dzie dyskusja dotycz\u0105ca systemu kszta\u0142cenia i doskonalenia zawodowego w dziedzinie geodezji i kartografii, kt\u00f3ra w ostatnich latach zintegrowa\u0142a dzia\u0142ania \u015brodowiska geodezyjnego.<\/p>\n<p>Formu\u0142a tegorocznego, dwudniowego spotkania zak\u0142ada organizacj\u0119 sesji tematycznych, w trakcie, kt\u00f3rych om\u00f3wione zostan\u0105 nast\u0119puj\u0105ce tematy:<\/p>\n<ul>\n<li>Rozw\u00f3j geodezji i kartografii,<\/li>\n<li>Kszta\u0142cenie w zakresie geodezji i kartografii i dyscyplin pokrewnych na poziomie wy\u017cszym,<\/li>\n<li>Szkolnictwo zawodowe w zakresie geodezji na poziomie \u015brednim,<\/li>\n<li>Doskonalenie zawodowe geodet\u00f3w i kartograf\u00f3w,<\/li>\n<li>Kszta\u0142cenie zawodowe vs. potrzeby biznesu.<\/li>\n<\/ul>\n<p>Zaplanowano tak\u017ce dwie sesje warsztatowe:<\/p>\n<p style=\"text-align: justify;\"><strong>Kszta\u0142cenie geodet\u00f3w na poziomie \u015brednim<\/strong> \u2013 warsztaty dedykowane osobom zainteresowanym szkolnictwem zawodowym, oczekiwanymi zmianami w tym zakresie oraz ich wp\u0142ywem na kszta\u0142cenie technik\u00f3w geodet\u00f3w, a tak\u017ce maj\u0105cym propozycje modyfikacji programu kszta\u0142cenia zawodowego,<\/p>\n<p style=\"text-align: justify;\"><strong>Doskonalenie zawodowe<\/strong> \u2013 warsztaty dedykowane osobom zainteresowanym dostosowaniem program\u00f3w szkole\u0144 planowanych w ramach Programu Operacyjnego Wiedza Edukacja Rozw\u00f3j do rzeczywistych (obecnych i przewidywanych) potrzeb pracownik\u00f3w administracji geodezyjnej i kartograficznej, a tak\u017ce osobom zainteresowanym dyskusj\u0105 nad potrzeb\u0105 wprowadzenia szkole\u0144 systemowych i ich kszta\u0142tem.<\/p>\n<p>Szczeg\u00f3\u0142owy program zostanie opublikowany w ci\u0105gu najbli\u017cszych dni.<\/p>\n<p>\u00a0<\/p>\n<p style=\"text-align: center;\"><span style=\"color: #008000; font-size: 12pt;\"><a style=\"color: #008000;\" href=\"http:\/\/www.gugik.gov.pl\/urzad\/konferencje,-spotkania\/v-forum\/formularz-rejestracyjny\" rel=\"alternate\"><strong>Zarejestruj si\u0119<\/strong><\/a><\/span><\/p>\n<p>\u00a0<\/p>\n<p>Miejsce obrad:\u00a0<span style=\"color: #000000;\">Hotel Windsor<\/span>,\u00a0 Jachranka 75, 05-140 Serock<\/p>\n<p>Udzia\u0142 w forum jest bezp\u0142atny, <strong>uczestnicy<\/strong> we w\u0142asnym zakresie <strong>pokrywaj\u0105 koszty dojazdu<\/strong> do i z Warszawy <strong>oraz<\/strong> <strong>nocleg\u00f3w.<\/strong><\/p>\n<p>Koszt noclegu w miejscu obrad wynosi: 257,80 z\u0142 brutto w pokoju jednoosobowym 286,90 brutto (na osob\u0119: 143,45 z\u0142 brutto) w pokoju dwuosobowym<\/p>\n<p>Rezerwacji nocleg\u00f3w niezale\u017cnie od zg\u0142oszenia uczestnictwa w Forum nale\u017cy dokona\u0107 bezpo\u015brednio w hotelu <strong>tel. 22 782 87 87 powo\u0142uj\u0105c si\u0119 na rezerwacj\u0119 nr AZ 234<\/strong>.<\/p>\n<p>Istnieje mo\u017cliwo\u015b\u0107 skorzystania z transportu organizatora z Warszawy do Hotelu oraz powrotnego po zako\u0144czeniu obrad. Odjazd w dniu 20 pa\u017adziernika br. z okolic Dworca Centralnego o godzinie 12:00. Wyjazd z Jachranki do Warszawy w dniu 21 pa\u017adziernika br. ok. godziny 14:30.<\/p>\n<p>Zg\u0142oszenia b\u0119d\u0105 przyjmowane do dnia 14 pa\u017adziernika 2016 r. lub wyczerpania puli wolnych miejsc dla uczestnik\u00f3w.<\/p>\n<p>Dodatkowe informacje:<\/p>\n<p>Biuro Informacji Publicznej oraz Komunikacji Medialnej GUGiK<br \/>email: <a href=\"mailto:VForum@gugik.gov.pl\" rel=\"alternate\"><span style=\"color: #008000;\">VForum@gugik.gov.pl<\/span><\/a>\u00a0<br \/>tel.:\u00a0\u00a0Julia Kurpiewska \u2013 22 563 13 36<br \/>\u00a0\u00a0\u00a0\u00a0\u00a0\u00a0\u00a0\u00a0Jakub Giza \u2013 22 563 13 30<\/p>\n<p style=\"text-align: right;\">VK<\/p>","protected":false},"excerpt":{"rendered":"<p>W imieniu organizator\u00f3w: G\u0142\u00f3wnego Geodety Kraju, Stowarzyszenia Geodet\u00f3w Polskich, Geodezyjnej Izby Gospodarczej, Polskiej Geodezji Komercyjnej, Stowarzyszenia Kartograf\u00f3w Polskich\u00a0i Konwentu Dziekan\u00f3w Wydzia\u0142\u00f3w Geodezyjnych po raz pi\u0105ty zapraszamy do udzia\u0142u w Forum nt. kszta\u0142cenia i doskonalenia zawodowego\u00a0geodet\u00f3w i kartograf\u00f3w, kt\u00f3re odb\u0119dzie si\u0119 w dniach 20 \u2013 21 pa\u017adziernika 2016 r. Podczas forum kontynuowana b\u0119dzie dyskusja dotycz\u0105ca systemu [&hellip;]<\/p>\n","protected":false},"author":2,"featured_media":0,"comment_status":"open","ping_status":"open","sticky":false,"template":"","format":"standard","meta":{"two_page_speed":[],"footnotes":""},"categories":[10],"tags":[],"class_list":["post-1338","post","type-post","status-publish","format-standard","hentry","category-informacje"],"_links":{"self":[{"href":"https:\/\/sgp.geodezja.org.pl\/en\/wp-json\/wp\/v2\/posts\/1338","targetHints":{"allow":["GET"]}}],"collection":[{"href":"https:\/\/sgp.geodezja.org.pl\/en\/wp-json\/wp\/v2\/posts"}],"about":[{"href":"https:\/\/sgp.geodezja.org.pl\/en\/wp-json\/wp\/v2\/types\/post"}],"author":[{"embeddable":true,"href":"https:\/\/sgp.geodezja.org.pl\/en\/wp-json\/wp\/v2\/users\/2"}],"replies":[{"embeddable":true,"href":"https:\/\/sgp.geodezja.org.pl\/en\/wp-json\/wp\/v2\/comments?post=1338"}],"version-history":[{"count":0,"href":"https:\/\/sgp.geodezja.org.pl\/en\/wp-json\/wp\/v2\/posts\/1338\/revisions"}],"wp:attachment":[{"href":"https:\/\/sgp.geodezja.org.pl\/en\/wp-json\/wp\/v2\/media?parent=1338"}],"wp:term":[{"taxonomy":"category","embeddable":true,"href":"https:\/\/sgp.geodezja.org.pl\/en\/wp-json\/wp\/v2\/categories?post=1338"},{"taxonomy":"post_tag","embeddable":true,"href":"https:\/\/sgp.geodezja.org.pl\/en\/wp-json\/wp\/v2\/tags?post=1338"}],"curies":[{"name":"wp","href":"https:\/\/api.w.org\/{rel}","templated":true}]}}