{"id":1348,"date":"2016-09-27T09:49:23","date_gmt":"2016-09-27T07:49:23","guid":{"rendered":"https:\/\/2.budowaniestron.pl\/seminarium-nt-zmiany-w-przepisach-prawa-w-zakresie-geodezji-i-kartografii-spala-pazdziernik-2016-r\/"},"modified":"2016-09-27T09:49:23","modified_gmt":"2016-09-27T07:49:23","slug":"seminarium-nt-zmiany-w-przepisach-prawa-w-zakresie-geodezji-i-kartografii-spala-pazdziernik-2016-r","status":"publish","type":"post","link":"https:\/\/sgp.geodezja.org.pl\/en\/seminarium-nt-zmiany-w-przepisach-prawa-w-zakresie-geodezji-i-kartografii-spala-pazdziernik-2016-r\/","title":{"rendered":"Seminarium nt.: Zmiany w przepisach prawa w zakresie geodezji i kartografii&#8221; &#8211; Spa\u0142a pa\u017adziernik 2016 r."},"content":{"rendered":"<p style=\"text-align: center;\"><span style=\"color: #ff0000;\"><strong><em>UWAGA ZMIANA LOKALIZACJI<\/em><\/strong><\/span><\/p>\n<p style=\"text-align: justify;\">Zarz\u0105d Oddzia\u0142u SGP w \u0141odzi zaprasza do wzi\u0119cia udzia\u0142u w <strong> SEMINARIUM<\/strong> nt.: <strong>&#8222;Zmiany w przepisach prawa w zakresie geodezji i kartografii&#8221; <\/strong><strong>13 &#8211; 15 pa\u017adziernika 2016 r.<\/strong> (czwartek \u2013 sobota).<\/p>\n<p>  <!--more-->  <\/p>\n<p style=\"text-align: center;\"><em><span style=\"color: #ff0000;\"><strong>UWAGA ZMIANA LOKALIZACJI<\/strong><\/span><\/em><\/p>\n<p style=\"text-align: justify;\"><em>Zarz\u0105d Oddzia\u0142u SGP w \u0141odzi informuje, \u017ce z powod\u00f3w organizacyjnych coroczne seminarium <strong>nt. Zmiany w przepisach prawa w zakresie geodezji i kartografii, w dniach 13 &#8211; 15 pa\u017adziernika 2016 roku<\/strong> odb\u0119dzie si\u0119 w:<\/em><em>\u00a0<\/em><\/p>\n<p><strong><em><a href=\"http:\/\/www.nagorzyce.lodz.lasy.gov.pl\/\">Le\u015bnym O\u015brodku Szkoleniowo-Wypoczynkowym &#8222;Nag\u00f3rzyce&#8221;<\/a>\u00a0<\/em><em> Swolszewice Ma\u0142e\u00a0 ul. Le\u015bna 1\u00a0 97-213 Smardzewice\u00a0 GPS:\u00a0 51\u00b028&#8217;19.4&#8243;N 19\u00b059&#8217;09.7&#8243;E\u00a0 51.472069, 19.986023\u00a0 oko\u0142o 60 km od \u0141odzi, 110 km od Warszawy (S8)\u00a0 O\u015brodek po\u0142o\u017cony 300 m od Zalewu Sulejowskiego, oko\u0142o 2 km od Zapory w Smardzewicach, po drodze z Tomaszowa Mazowieckiego Groty Nag\u00f3rzyckie.<\/em><\/strong><\/p>\n<p>Koszt uczestnictwa: 600 z\u0142 &#8211; dla cz\u0142onk\u00f3w Stowarzyszenia naszego Oddzia\u0142u z op\u0142aconymi sk\u0142adkami 750 z\u0142 &#8211; osoby niestowarzyszone koszt uczestnictwa obejmuje: uczestnictwo w seminarium, noclegi, posi\u0142ki oraz imprezy towarzysz\u0105ce.<\/p>\n<p>Zg\u0142oszenie udzia\u0142u w formie wype\u0142nionego <a href=\"http:\/\/lodz.sgp.geodezja.org.pl\/box\/formularz_spala2014.doc\">Formularza Zg\u0142oszenia<\/a> prosimy przes\u0142a\u0107 poczt\u0105 elektroniczn\u0105 na adres: <span style=\"color: #0000ff;\"><a href=\"mailto:lodz@sgp.geodezja.org.pl\">lodz@sgp.geodezja.org.pl<\/a><\/span><\/p>\n<p><strong>do dnia: 3 pa\u017adziernika 2016 r. <\/strong><\/p>\n<p>W przypadku pyta\u0144 prosimy o kontakt telefoniczny: Teresa R\u017canek-Kmiecik tel. +48 604 062 010.<\/p>\n<p>\u00a0<\/p>\n<p><span style=\"color: #339966;\"><a style=\"color: #339966;\" href=\"https:\/\/sgp.geodezja.org.pl\/wp-content\/uploads\/2016\/09\/Spala_2016_program.pdf\" rel=\"alternate\">Program (pdf) &gt;&gt;&gt;<\/a><\/span><\/p>\n<p><span style=\"color: #339966;\"><a style=\"color: #339966;\" href=\"https:\/\/sgp.geodezja.org.pl\/wp-content\/uploads\/2016\/09\/Spala_2016_formularz_zgloszenia.doc\" rel=\"alternate\">Zg\u0142oszenie (doc) &gt;&gt;&gt;<\/a><\/span><\/p>\n<p><span style=\"color: #339966;\"><a style=\"color: #339966;\" href=\"https:\/\/sgp.geodezja.org.pl\/wp-content\/uploads\/2016\/09\/Spala_2016_formularz_zgloszenia.pdf\" rel=\"alternate\">Zg\u0142oszenie (pdf) &gt;&gt;&gt;<\/a><\/span><\/p>\n<p>Informacj\u0119 i za\u0142\u0105czniki przekaza\u0142a: Izabela Paw\u0142owska<\/p>\n<p style=\"text-align: right;\">VK<\/p>","protected":false},"excerpt":{"rendered":"<p>UWAGA ZMIANA LOKALIZACJI Zarz\u0105d Oddzia\u0142u SGP w \u0141odzi zaprasza do wzi\u0119cia udzia\u0142u w SEMINARIUM nt.: &#8222;Zmiany w przepisach prawa w zakresie geodezji i kartografii&#8221; 13 &#8211; 15 pa\u017adziernika 2016 r. (czwartek \u2013 sobota).<\/p>","protected":false},"author":2,"featured_media":0,"comment_status":"open","ping_status":"open","sticky":false,"template":"","format":"standard","meta":{"two_page_speed":[],"footnotes":""},"categories":[10],"tags":[],"class_list":["post-1348","post","type-post","status-publish","format-standard","hentry","category-informacje"],"_links":{"self":[{"href":"https:\/\/sgp.geodezja.org.pl\/en\/wp-json\/wp\/v2\/posts\/1348","targetHints":{"allow":["GET"]}}],"collection":[{"href":"https:\/\/sgp.geodezja.org.pl\/en\/wp-json\/wp\/v2\/posts"}],"about":[{"href":"https:\/\/sgp.geodezja.org.pl\/en\/wp-json\/wp\/v2\/types\/post"}],"author":[{"embeddable":true,"href":"https:\/\/sgp.geodezja.org.pl\/en\/wp-json\/wp\/v2\/users\/2"}],"replies":[{"embeddable":true,"href":"https:\/\/sgp.geodezja.org.pl\/en\/wp-json\/wp\/v2\/comments?post=1348"}],"version-history":[{"count":0,"href":"https:\/\/sgp.geodezja.org.pl\/en\/wp-json\/wp\/v2\/posts\/1348\/revisions"}],"wp:attachment":[{"href":"https:\/\/sgp.geodezja.org.pl\/en\/wp-json\/wp\/v2\/media?parent=1348"}],"wp:term":[{"taxonomy":"category","embeddable":true,"href":"https:\/\/sgp.geodezja.org.pl\/en\/wp-json\/wp\/v2\/categories?post=1348"},{"taxonomy":"post_tag","embeddable":true,"href":"https:\/\/sgp.geodezja.org.pl\/en\/wp-json\/wp\/v2\/tags?post=1348"}],"curies":[{"name":"wp","href":"https:\/\/api.w.org\/{rel}","templated":true}]}}