{"id":1364,"date":"2016-10-10T20:27:28","date_gmt":"2016-10-10T18:27:28","guid":{"rendered":"https:\/\/2.budowaniestron.pl\/zapraszamy-na-kurs-przygotowawczy-do-egzaminu-panstwowego-na-uprawnienia-zawodowe-w-dziedzinie-geodezji-i-kartografii-w-zakresie-1-2-4-i-5-olsztyn-listopad-2016-r\/"},"modified":"2016-10-10T20:27:28","modified_gmt":"2016-10-10T18:27:28","slug":"zapraszamy-na-kurs-przygotowawczy-do-egzaminu-panstwowego-na-uprawnienia-zawodowe-w-dziedzinie-geodezji-i-kartografii-w-zakresie-1-2-4-i-5-olsztyn-listopad-2016-r","status":"publish","type":"post","link":"https:\/\/sgp.geodezja.org.pl\/en\/zapraszamy-na-kurs-przygotowawczy-do-egzaminu-panstwowego-na-uprawnienia-zawodowe-w-dziedzinie-geodezji-i-kartografii-w-zakresie-1-2-4-i-5-olsztyn-listopad-2016-r\/","title":{"rendered":"Zapraszamy na kurs przygotowawczy do egzaminu pa\u0144stwowego na uprawnienia zawodowe w dziedzinie geodezji i kartografii w zakresie 1, 2, 4 i 5 \u2013 Olsztyn, listopad 2016 r."},"content":{"rendered":"<p style=\"text-align: justify;\">Oddzia\u0142 Stowarzyszenia Geodet\u00f3w Polskich w Olsztynie wraz z Zespo\u0142em Rzeczoznawc\u00f3w zamierza zorganizowa\u0107 w listopadzie 2016 roku kurs przygotowawczy do egzaminu pa\u0144stwowego na uprawnienia zawodowe w dziedzinie geodezji i kartografii w zakresie 1, 2, 4 i 5.<\/p>\n<p>  <!--more-->  <\/p>\n<p style=\"text-align: justify;\">Oddzia\u0142 Stowarzyszenia Geodet\u00f3w Polskich w Olsztynie wraz z Zespo\u0142em Rzeczoznawc\u00f3w zamierza zorganizowa\u0107 w listopadzie 2016 roku kurs przygotowawczy do egzaminu pa\u0144stwowego na uprawnienia zawodowe w dziedzinie geodezji i kartografii w zakresie 1, 2, 4 i 5.<\/p>\n<p>Kole\u017canki i Koledzy geodeci chc\u0105cy wzi\u0105\u0107 udzia\u0142 w kursie proszeni s\u0105 o przes\u0142anie formularza zg\u0142oszenia drog\u0105 mailow\u0105 do Prezesa Oddzia\u0142u Stowarzyszenia Geodet\u00f3w Polskich w Olsztynie mgr in\u017c. Marioli Gilskiej na adres gilska@wp.pl, w terminie do 5.11.2016 r.<\/p>\n<p>\u00a0<\/p>\n<p><span style=\"color: #008000;\"><a href=\"https:\/\/sgp.geodezja.org.pl\/wp-content\/uploads\/2016\/10\/Kurs_ogloszenie_11_2016.pdf\" rel=\"alternate\">Wi\u0119cej informacji o kursie &gt;&gt;&gt;<\/a><\/span><\/p>\n<p><span style=\"color: #008000;\"><a href=\"https:\/\/sgp.geodezja.org.pl\/wp-content\/uploads\/2014\/09\/Zgloszenie_szkolenie.pdf\" rel=\"alternate\">Formularz zg\u0142oszenia &gt;&gt;&gt;<\/a><\/span><\/p>\n<p style=\"text-align: right;\">VK<\/p>","protected":false},"excerpt":{"rendered":"<p>Oddzia\u0142 Stowarzyszenia Geodet\u00f3w Polskich w Olsztynie wraz z Zespo\u0142em Rzeczoznawc\u00f3w zamierza zorganizowa\u0107 w listopadzie 2016 roku kurs przygotowawczy do egzaminu pa\u0144stwowego na uprawnienia zawodowe w dziedzinie geodezji i kartografii w zakresie 1, 2, 4 i 5.<\/p>","protected":false},"author":2,"featured_media":0,"comment_status":"open","ping_status":"open","sticky":false,"template":"","format":"standard","meta":{"two_page_speed":[],"footnotes":""},"categories":[10],"tags":[],"class_list":["post-1364","post","type-post","status-publish","format-standard","hentry","category-informacje"],"_links":{"self":[{"href":"https:\/\/sgp.geodezja.org.pl\/en\/wp-json\/wp\/v2\/posts\/1364","targetHints":{"allow":["GET"]}}],"collection":[{"href":"https:\/\/sgp.geodezja.org.pl\/en\/wp-json\/wp\/v2\/posts"}],"about":[{"href":"https:\/\/sgp.geodezja.org.pl\/en\/wp-json\/wp\/v2\/types\/post"}],"author":[{"embeddable":true,"href":"https:\/\/sgp.geodezja.org.pl\/en\/wp-json\/wp\/v2\/users\/2"}],"replies":[{"embeddable":true,"href":"https:\/\/sgp.geodezja.org.pl\/en\/wp-json\/wp\/v2\/comments?post=1364"}],"version-history":[{"count":0,"href":"https:\/\/sgp.geodezja.org.pl\/en\/wp-json\/wp\/v2\/posts\/1364\/revisions"}],"wp:attachment":[{"href":"https:\/\/sgp.geodezja.org.pl\/en\/wp-json\/wp\/v2\/media?parent=1364"}],"wp:term":[{"taxonomy":"category","embeddable":true,"href":"https:\/\/sgp.geodezja.org.pl\/en\/wp-json\/wp\/v2\/categories?post=1364"},{"taxonomy":"post_tag","embeddable":true,"href":"https:\/\/sgp.geodezja.org.pl\/en\/wp-json\/wp\/v2\/tags?post=1364"}],"curies":[{"name":"wp","href":"https:\/\/api.w.org\/{rel}","templated":true}]}}