{"id":1370,"date":"2016-11-13T16:33:43","date_gmt":"2016-11-13T15:33:43","guid":{"rendered":"https:\/\/2.budowaniestron.pl\/stanowisko-przedstawicieli-organizacji-pozarzadowych-dzialajacych-w-obszarze-geodezji-i-kartografii-warszawa-14-pazdziernika-2016-r\/"},"modified":"2016-11-13T16:33:43","modified_gmt":"2016-11-13T15:33:43","slug":"stanowisko-przedstawicieli-organizacji-pozarzadowych-dzialajacych-w-obszarze-geodezji-i-kartografii-warszawa-14-pazdziernika-2016-r","status":"publish","type":"post","link":"https:\/\/sgp.geodezja.org.pl\/en\/stanowisko-przedstawicieli-organizacji-pozarzadowych-dzialajacych-w-obszarze-geodezji-i-kartografii-warszawa-14-pazdziernika-2016-r\/","title":{"rendered":"Stanowisko przedstawicieli organizacji pozarz\u0105dowych dzia\u0142aj\u0105cych w obszarze geodezji i kartografii, Warszawa, 14 pa\u017adziernika 2016 r."},"content":{"rendered":"<p style=\"text-align: justify;\">Przedstawiciele Stowarzyszenia Geodet\u00f3w Polskich, Polskiego Towarzystwa Informacji Przestrzennej, Stowarzyszenia Kartograf\u00f3w Polskich, Polskiego Towarzystwa Fotogrametrii i Teledetekcji, Komitetu Geodezji Polskiej Akademii Nauk, Zespo\u0142u Regionalnych System\u00f3w Informacji Przestrzennej oraz Polskiej Geodezji Komercyjnej zgromadzeni na zebraniu w dniu 14 pa\u017adziernika 2016 roku zaj\u0119li wsp\u00f3lne stanowisko w\u00a0sprawie wprowadzanych zmian prawnych i organizacyjnych w polskiej geodezji, kartografii i informacji przestrzennej, kt\u00f3re obecnie budz\u0105 wysokie zaniepokojenie.<\/p>\n<p>  <!--more-->  <\/p>\n<p style=\"text-align: justify;\">Przedstawiciele Stowarzyszenia Geodet\u00f3w Polskich, Polskiego Towarzystwa Informacji Przestrzennej, Stowarzyszenia Kartograf\u00f3w Polskich, Polskiego Towarzystwa Fotogrametrii i Teledetekcji, Komitetu Geodezji Polskiej Akademii Nauk, Zespo\u0142u Regionalnych System\u00f3w Informacji Przestrzennej oraz Polskiej Geodezji Komercyjnej zgromadzeni na zebraniu w dniu 14 pa\u017adziernika 2016 roku zaj\u0119li wsp\u00f3lne stanowisko w\u00a0sprawie wprowadzanych zmian prawnych i organizacyjnych w polskiej geodezji, kartografii i informacji przestrzennej, kt\u00f3re obecnie budz\u0105 wysokie zaniepokojenie.<\/p>\n<p style=\"text-align: justify;\">Stowarzyszenie Geodet\u00f3w Polskich spe\u0142niaj\u0105c wol\u0119 przedstawicieli organizacji pozarz\u0105dowych dzia\u0142aj\u0105cych w\u00a0obszarze geodezji i kartografii przesy\u0142a\u0142o dnia 26 pa\u017adziernika 2016 r. ich stanowisko dotycz\u0105ce projektu ustawy o zmianie niekt\u00f3rych ustaw w zwi\u0105zku z utworzeniem Ministerstwa Spraw Wewn\u0119trznych i Administracji (druk nr 930) Panu Markowi Kuchci\u0144skiemu Marsza\u0142kowi Sejmu Rzeczypospolitej Polskiej. Do wiadomo\u015bci stanowisko otrzymali: Pani Beata Szyd\u0142o \u2013 Prezes Rady Ministr\u00f3w, Pan Mariusz B\u0142aszczak \u2013 Minister Spraw Wewn\u0119trznych i Administracji, Pan Andrzej Adamczyk \u2013 Minister Infrastruktury i Budownictwa, Pani Anna Stre\u017cy\u0144ska \u2013 Minister Cyfryzacji, Pan Ryszard Terlecki \u2013 Przewodnicz\u0105cy Klubu Parlamentarnego Prawo i Sprawiedliwo\u015b\u0107, Pan S\u0142awomir Neumann \u2013 Przewodnicz\u0105cy Klubu Parlamentarnego Platforma Obywatelska, Pan Pawe\u0142 Kukiz \u2013 Przewodnicz\u0105cy Klubu Poselskiego Kukiz\u201915, Pan Ryszard Petru \u2013 Przewodnicz\u0105cy Klubu Poselskiego Nowoczesna oraz Pan W\u0142adys\u0142aw Kosiniak-Kamysz \u2013 Przewodnicz\u0105cy Klubu Parlamentarnego Polskiego Stronnictwa Ludowego.<\/p>\n<p>\u00a0<\/p>\n<p><span style=\"color: #008000;\"><a href=\"https:\/\/sgp.geodezja.org.pl\/wp-content\/uploads\/2016\/11\/Stanowisko_przedstawicieli_organizacji_geodezyjnych_3.pdf\" rel=\"alternate\">Stanowisko przedstawicieli organizacji pozarz\u0105dowych dzia\u0142aj\u0105cych w obszarze geodezji i kartografii, Warszawa, 14 pa\u017adziernika 2016 r. &gt;&gt;&gt;<\/a><\/span><\/p>\n<p>\u00a0<\/p>\n<p style=\"text-align: right;\">VK<\/p>","protected":false},"excerpt":{"rendered":"<p>Przedstawiciele Stowarzyszenia Geodet\u00f3w Polskich, Polskiego Towarzystwa Informacji Przestrzennej, Stowarzyszenia Kartograf\u00f3w Polskich, Polskiego Towarzystwa Fotogrametrii i Teledetekcji, Komitetu Geodezji Polskiej Akademii Nauk, Zespo\u0142u Regionalnych System\u00f3w Informacji Przestrzennej oraz Polskiej Geodezji Komercyjnej zgromadzeni na zebraniu w dniu 14 pa\u017adziernika 2016 roku zaj\u0119li wsp\u00f3lne stanowisko w\u00a0sprawie wprowadzanych zmian prawnych i organizacyjnych w polskiej geodezji, kartografii i informacji przestrzennej, [&hellip;]<\/p>\n","protected":false},"author":2,"featured_media":0,"comment_status":"open","ping_status":"open","sticky":false,"template":"","format":"standard","meta":{"two_page_speed":[],"footnotes":""},"categories":[10],"tags":[],"class_list":["post-1370","post","type-post","status-publish","format-standard","hentry","category-informacje"],"_links":{"self":[{"href":"https:\/\/sgp.geodezja.org.pl\/en\/wp-json\/wp\/v2\/posts\/1370","targetHints":{"allow":["GET"]}}],"collection":[{"href":"https:\/\/sgp.geodezja.org.pl\/en\/wp-json\/wp\/v2\/posts"}],"about":[{"href":"https:\/\/sgp.geodezja.org.pl\/en\/wp-json\/wp\/v2\/types\/post"}],"author":[{"embeddable":true,"href":"https:\/\/sgp.geodezja.org.pl\/en\/wp-json\/wp\/v2\/users\/2"}],"replies":[{"embeddable":true,"href":"https:\/\/sgp.geodezja.org.pl\/en\/wp-json\/wp\/v2\/comments?post=1370"}],"version-history":[{"count":0,"href":"https:\/\/sgp.geodezja.org.pl\/en\/wp-json\/wp\/v2\/posts\/1370\/revisions"}],"wp:attachment":[{"href":"https:\/\/sgp.geodezja.org.pl\/en\/wp-json\/wp\/v2\/media?parent=1370"}],"wp:term":[{"taxonomy":"category","embeddable":true,"href":"https:\/\/sgp.geodezja.org.pl\/en\/wp-json\/wp\/v2\/categories?post=1370"},{"taxonomy":"post_tag","embeddable":true,"href":"https:\/\/sgp.geodezja.org.pl\/en\/wp-json\/wp\/v2\/tags?post=1370"}],"curies":[{"name":"wp","href":"https:\/\/api.w.org\/{rel}","templated":true}]}}