{"id":14467,"date":"2026-01-28T10:03:00","date_gmt":"2026-01-28T09:03:00","guid":{"rendered":"https:\/\/sgp.geodezja.org.pl\/?p=14467"},"modified":"2026-01-29T11:48:35","modified_gmt":"2026-01-29T10:48:35","slug":"zmarl-kolega-andrzej-zglinski","status":"publish","type":"post","link":"https:\/\/sgp.geodezja.org.pl\/en\/zmarl-kolega-andrzej-zglinski\/","title":{"rendered":"Zmar\u0142 kolega Andrzej Zgli\u0144ski"},"content":{"rendered":"<p style=\"text-align: center;\" data-path-to-node=\"3\"><span data-path-to-node=\"3,1\"><span class=\"citation-103\">Z g\u0142\u0119bokim smutkiem informujemy o \u015bmierci <\/span><b data-path-to-node=\"3,1\" data-index-in-node=\"42\"><span class=\"citation-103\">Andrzeja Zgli\u0144skiego<\/span><\/b><span class=\"citation-103\">, <\/span><\/span><\/p>\n<p style=\"text-align: center;\" data-path-to-node=\"3\"><span data-path-to-node=\"3,1\"><span class=\"citation-103\">wybitnego geodety i wieloletniego dzia\u0142acza spo\u0142ecznego, kt\u00f3ry odszed\u0142 26 stycznia 2026 roku w wieku 91 lat<\/span><\/span><span data-path-to-node=\"3,3\">.<\/span><\/p>\n<p data-path-to-node=\"3\"><a href=\"https:\/\/sgp.geodezja.org.pl\/en\/zmarl-kolega-andrzej-zglinski\/klepsydra-zglinski-andrzej\/\" rel=\"attachment wp-att-14469\"><img loading=\"lazy\" decoding=\"async\" class=\"wp-image-14469 aligncenter\" src=\"https:\/\/sgp.geodezja.org.pl\/wp-content\/uploads\/2026\/01\/klepsydra-Zglinski-Andrzej-e1769590417925.jpg\" alt=\"\" width=\"876\" height=\"619\" srcset=\"https:\/\/sgp.geodezja.org.pl\/wp-content\/uploads\/2026\/01\/klepsydra-Zglinski-Andrzej-e1769590417925.jpg 1200w, https:\/\/sgp.geodezja.org.pl\/wp-content\/uploads\/2026\/01\/klepsydra-Zglinski-Andrzej-e1769590417925-300x212.jpg 300w, https:\/\/sgp.geodezja.org.pl\/wp-content\/uploads\/2026\/01\/klepsydra-Zglinski-Andrzej-e1769590417925-1024x724.jpg 1024w, https:\/\/sgp.geodezja.org.pl\/wp-content\/uploads\/2026\/01\/klepsydra-Zglinski-Andrzej-e1769590417925-768x543.jpg 768w, https:\/\/sgp.geodezja.org.pl\/wp-content\/uploads\/2026\/01\/klepsydra-Zglinski-Andrzej-e1769590417925-18x12.jpg 18w, https:\/\/sgp.geodezja.org.pl\/wp-content\/uploads\/2026\/01\/klepsydra-Zglinski-Andrzej-e1769590417925-85x60.jpg 85w, https:\/\/sgp.geodezja.org.pl\/wp-content\/uploads\/2026\/01\/klepsydra-Zglinski-Andrzej-e1769590417925-600x424.jpg 600w, https:\/\/sgp.geodezja.org.pl\/wp-content\/uploads\/2026\/01\/klepsydra-Zglinski-Andrzej-e1769590417925-800x565.jpg 800w, https:\/\/sgp.geodezja.org.pl\/wp-content\/uploads\/2026\/01\/klepsydra-Zglinski-Andrzej-e1769590417925-40x28.jpg 40w, https:\/\/sgp.geodezja.org.pl\/wp-content\/uploads\/2026\/01\/klepsydra-Zglinski-Andrzej-e1769590417925-55x39.jpg 55w, https:\/\/sgp.geodezja.org.pl\/wp-content\/uploads\/2026\/01\/klepsydra-Zglinski-Andrzej-e1769590417925-100x71.jpg 100w\" sizes=\"auto, (max-width: 876px) 100vw, 876px\" \/><\/a><\/p>\n<p data-path-to-node=\"5\"><span data-path-to-node=\"5,1\"><span class=\"citation-102\">Andrzej Zgli\u0144ski by\u0142 absolwentem Wydzia\u0142u Geodezyjnego Politechniki Warszawskiej, kt\u00f3ry uko\u0144czy\u0142 z tytu\u0142em magistra in\u017cyniera w wieku zaledwie 21 lat<\/span><\/span><span data-path-to-node=\"5,3\">. <\/span><span data-path-to-node=\"5,5\"><span class=\"citation-101\">Jego kariera zawodowa obejmowa\u0142a zar\u00f3wno prac\u0119 w Warszawskim Okr\u0119gowym Przedsi\u0119biorstwie Mierniczym, Biurze Urz\u0105dzania Lasu i Geodezji Le\u015bnej, jak i kluczowe role w administracji pa\u0144stwowej \u2013 w <\/span><span class=\"citation-101\">G\u0142\u00f3wnym Urz\u0119dzie Geodezji i Kartografii<\/span><span class=\"citation-101\"> oraz Departamencie Geodezji ministerstwa odpowiedzialnego za infrastruktur\u0119<\/span><\/span><span data-path-to-node=\"5,7\">.<a href=\"https:\/\/sgp.geodezja.org.pl\/en\/zmarl-kolega-andrzej-zglinski\/andrzej-zglinski\/\" rel=\"attachment wp-att-14508\"><img loading=\"lazy\" decoding=\"async\" class=\"wp-image-14508 aligncenter\" src=\"https:\/\/sgp.geodezja.org.pl\/wp-content\/uploads\/2026\/01\/Andrzej-Zglinski.jpg\" alt=\"\" width=\"289\" height=\"362\" srcset=\"https:\/\/sgp.geodezja.org.pl\/wp-content\/uploads\/2026\/01\/Andrzej-Zglinski.jpg 434w, https:\/\/sgp.geodezja.org.pl\/wp-content\/uploads\/2026\/01\/Andrzej-Zglinski-240x300.jpg 240w, https:\/\/sgp.geodezja.org.pl\/wp-content\/uploads\/2026\/01\/Andrzej-Zglinski-10x12.jpg 10w, https:\/\/sgp.geodezja.org.pl\/wp-content\/uploads\/2026\/01\/Andrzej-Zglinski-48x60.jpg 48w, https:\/\/sgp.geodezja.org.pl\/wp-content\/uploads\/2026\/01\/Andrzej-Zglinski-32x40.jpg 32w, https:\/\/sgp.geodezja.org.pl\/wp-content\/uploads\/2026\/01\/Andrzej-Zglinski-44x55.jpg 44w, https:\/\/sgp.geodezja.org.pl\/wp-content\/uploads\/2026\/01\/Andrzej-Zglinski-80x100.jpg 80w\" sizes=\"auto, (max-width: 289px) 100vw, 289px\" \/><\/a><\/span><\/p>\n<p data-path-to-node=\"6\"><span data-path-to-node=\"6,1\"><span class=\"citation-100\">Jako jeden z pierwszych w Polsce uzyska\u0142 uprawnienia zawodowe (nr 6 z 1984 r.)<\/span><\/span><span data-path-to-node=\"6,3\">. <\/span><span data-path-to-node=\"6,5\"><span class=\"citation-99\">Przez lata aktywnie dzia\u0142a\u0142 w <\/span><span class=\"citation-99\">Stowarzyszeniu Geodet\u00f3w Polskich<\/span><span class=\"citation-99\">, pe\u0142<\/span><\/span><span data-path-to-node=\"6,5\"><span class=\"citation-99\">ni\u0105c m.in. funkcj\u0119 wiceprzewodnicz\u0105cego komisji ds. uprawnie\u0144 zawodowych<\/span><\/span><span data-path-to-node=\"6,7\">. <\/span><span data-path-to-node=\"6,9\"><span class=\"citation-98\">Za sw\u00f3j wk\u0142ad w rozw\u00f3j profesji zosta\u0142 uhonorowany Z\u0142ot\u0105 oraz Diamentow\u0105 odznak\u0105 honorow\u0105 SGP<\/span><\/span><span data-path-to-node=\"6,11\">.<\/span><\/p>\n<p data-path-to-node=\"8\"><span data-path-to-node=\"8,1\"><span class=\"citation-97\">Poza prac\u0105 zawodow\u0105 Andrzej Zgli\u0144ski by\u0142 znanym pasjonatem filatelistyki<\/span><\/span><span data-path-to-node=\"8,3\">. <\/span><span data-path-to-node=\"8,5\"><span class=\"citation-96\">Stworzy\u0142 imponuj\u0105c\u0105 kolekcj\u0119 blisko <\/span><span class=\"citation-96\">200 znaczk\u00f3w i blok\u00f3w o tematyce geodezyjnej<\/span><span class=\"citation-96\"> pochodz\u0105cych ze wszystkich kontynent\u00f3w<\/span><\/span><span data-path-to-node=\"8,7\">. <\/span><span data-path-to-node=\"8,9\"><span class=\"citation-95\">Swoj\u0105 pasj\u0105, kt\u00f3r\u0105 dzieli\u0142 z ojcem, udowadnia\u0142, \u017ce geodezja mo\u017ce by\u0107 nie tylko zawodem, ale i fascynuj\u0105cym hobby.<\/span><\/span><\/p>\n<p data-path-to-node=\"8\">Wsp\u00f3\u0142pracownik &#8211; sympatyk G\u0142\u00f3wnej Komisji Historii i Tradycji I i II kadencji.<br \/>\nCz\u0119\u015b\u0107 swoich zbior\u00f3w udost\u0119pni\u0142 w Muzeum Geodezji i Kartografii w Opatowie.<\/p>\n<p>POLECAM:\u00a0<a href=\"https:\/\/geoforum.pl\/news\/23131\/klaser-geodety\" target=\"_blank\" rel=\"noopener noreferrer\">https:\/\/geoforum.pl\/news\/23131\/klaser-geodety<\/a><\/p>\n<p style=\"text-align: right;\" data-path-to-node=\"10\">MB<\/p>\n<p>&nbsp;<\/p>","protected":false},"excerpt":{"rendered":"<p>Z g\u0142\u0119bokim smutkiem informujemy o \u015bmierci Andrzeja Zgli\u0144skiego, wybitnego geodety i wieloletniego dzia\u0142acza spo\u0142ecznego, kt\u00f3ry odszed\u0142 26 stycznia 2026 roku w wieku 91 lat. Andrzej Zgli\u0144ski by\u0142 absolwentem Wydzia\u0142u Geodezyjnego Politechniki Warszawskiej, kt\u00f3ry uko\u0144czy\u0142 z tytu\u0142em magistra in\u017cyniera w wieku zaledwie 21 lat. Jego kariera zawodowa obejmowa\u0142a zar\u00f3wno prac\u0119 w Warszawskim Okr\u0119gowym Przedsi\u0119biorstwie Mierniczym, Biurze [&hellip;]<\/p>\n","protected":false},"author":10,"featured_media":0,"comment_status":"open","ping_status":"open","sticky":false,"template":"","format":"standard","meta":{"two_page_speed":[],"footnotes":""},"categories":[10],"tags":[],"class_list":["post-14467","post","type-post","status-publish","format-standard","hentry","category-informacje"],"_links":{"self":[{"href":"https:\/\/sgp.geodezja.org.pl\/en\/wp-json\/wp\/v2\/posts\/14467","targetHints":{"allow":["GET"]}}],"collection":[{"href":"https:\/\/sgp.geodezja.org.pl\/en\/wp-json\/wp\/v2\/posts"}],"about":[{"href":"https:\/\/sgp.geodezja.org.pl\/en\/wp-json\/wp\/v2\/types\/post"}],"author":[{"embeddable":true,"href":"https:\/\/sgp.geodezja.org.pl\/en\/wp-json\/wp\/v2\/users\/10"}],"replies":[{"embeddable":true,"href":"https:\/\/sgp.geodezja.org.pl\/en\/wp-json\/wp\/v2\/comments?post=14467"}],"version-history":[{"count":10,"href":"https:\/\/sgp.geodezja.org.pl\/en\/wp-json\/wp\/v2\/posts\/14467\/revisions"}],"predecessor-version":[{"id":14510,"href":"https:\/\/sgp.geodezja.org.pl\/en\/wp-json\/wp\/v2\/posts\/14467\/revisions\/14510"}],"wp:attachment":[{"href":"https:\/\/sgp.geodezja.org.pl\/en\/wp-json\/wp\/v2\/media?parent=14467"}],"wp:term":[{"taxonomy":"category","embeddable":true,"href":"https:\/\/sgp.geodezja.org.pl\/en\/wp-json\/wp\/v2\/categories?post=14467"},{"taxonomy":"post_tag","embeddable":true,"href":"https:\/\/sgp.geodezja.org.pl\/en\/wp-json\/wp\/v2\/tags?post=14467"}],"curies":[{"name":"wp","href":"https:\/\/api.w.org\/{rel}","templated":true}]}}