{"id":14843,"date":"2026-03-12T14:02:10","date_gmt":"2026-03-12T13:02:10","guid":{"rendered":"https:\/\/sgp.geodezja.org.pl\/?p=14843"},"modified":"2026-03-13T08:55:12","modified_gmt":"2026-03-13T07:55:12","slug":"seminarium-sekcji-geodezji-rolnej-i-lesnej-nt-aktualne-aspekty-prawne-w-stosowaniu-dronow-w-dzialalnosci-organow-administracji-publicznej-oraz-podmiotow-prowadzacych-dzialalnosc-gospodarcza-w-zakr","status":"publish","type":"post","link":"https:\/\/sgp.geodezja.org.pl\/en\/seminarium-sekcji-geodezji-rolnej-i-lesnej-nt-aktualne-aspekty-prawne-w-stosowaniu-dronow-w-dzialalnosci-organow-administracji-publicznej-oraz-podmiotow-prowadzacych-dzialalnosc-gospodarcza-w-zakr\/","title":{"rendered":"Seminarium Sekcji Geodezji Rolnej i Le\u015bnej nt.: &#8222;Aktualne aspekty prawne w stosowaniu dron\u00f3w w dzia\u0142alno\u015bci organ\u00f3w administracji publicznej oraz podmiot\u00f3w prowadz\u0105cych dzia\u0142alno\u015b\u0107 gospodarcz\u0105 w zakresie geodezji i kartografii, ze szczeg\u00f3lnym uwzgl\u0119dnieniem scale\u0144 grunt\u00f3w&#8221; Warszawa, 9 kwietnia 2026r."},"content":{"rendered":"<p>&nbsp;<\/p>\n<p>&nbsp;<\/p>\n<p style=\"text-align: center;\"><span style=\"color: #008000; font-size: 18pt;\"><strong>Sekcja Geodezji Rolnej i Le\u015bnej Stowarzyszenia Geodet\u00f3w Polskich<\/strong><\/span><\/p>\n<p style=\"text-align: center;\">zaprasza w dniu <strong>9 kwietnia 2026 r.<\/strong> godz. 11:00-14:30 na seminarium po\u0142\u0105czone z zebraniem sprawozdawczo-wyborczym.<\/p>\n<p style=\"text-align: center;\">Seminarium odb\u0119dzie si\u0119 stacjonarnie w budynku NOT w Warszawie, sala C<\/p>\n<p style=\"text-align: center;\"><span style=\"color: #ff6600;\">Udzia\u0142 w seminarium jest bezp\u0142atny.<\/span><\/p>\n<p>&nbsp;<\/p>\n<p style=\"text-align: center;\"><span style=\"text-decoration: underline; font-size: 18pt;\"><strong>Program seminarium<\/strong><\/span><\/p>\n<p><strong>11:00<\/strong>\u00a0 &#8222;Aktualne aspekty prawne w stosowaniu dron\u00f3w w dzia\u0142alno\u015bci organ\u00f3w administracji publicznej oraz podmiot\u00f3w prowadz\u0105cych dzia\u0142alno\u015b\u0107 gospodarcz\u0105 w zakresie geodezji i kartografii, ze szczeg\u00f3lnym uwzgl\u0119dnieniem scale\u0144 grunt\u00f3w&#8221; &#8211; <strong>Karol Cheda \u2013 Akademia UAV Sp. z o.o. w Lublinie (www.dronydlafirmy.pl)<\/strong><\/p>\n<p><strong>12:45<\/strong> Zebranie sprawozdawczo-wyborcze Sekcji Geodezji Rolnej i Le\u015bnej Stowarzyszenia Geodet\u00f3w Polskich &#8211; termin I<\/p>\n<p><strong>13:00<\/strong> Zebranie sprawozdawczo-wyborcze Sekcji Geodezji Rolnej i Le\u015bnej Stowarzyszenia Geodet\u00f3w Polskich &#8211; termin II<\/p>\n<ul>\n<li>Sprawozdanie Jerzego Koz\u0142owskiego z dzia\u0142alno\u015bci sekcji w kadencji 2022-2026, dyskusja;<\/li>\n<li>Udzielenie absolutorium Zarz\u0105dowi sekcji w sk\u0142adzie:<\/li>\n<\/ul>\n<p><strong>Przewodnicz\u0105cy:<\/strong> Jerzy Koz\u0142owski<\/p>\n<p><strong>Sekretarz:<\/strong> Teresa Dzikowska<\/p>\n<p><strong>Cz\u0142onkowie:<\/strong> Bartosz Czech, Wies\u0142aw Firlici\u0144ski, Edward G\u0142a\u017cewski, Marta Kraus, Marek \u015aliwowski, Piotr Wr\u00f3blewski<\/p>\n<ul>\n<li>Wyb\u00f3r Komisji skrutacyjnej;<\/li>\n<li>Przedstawienie kandydat\u00f3w do Zarz\u0105du Sekcji;<\/li>\n<li>Przeprowadzenie g\u0142osowania;<\/li>\n<li>Wyb\u00f3r Przewodnicz\u0105cego Sekcji na kadencj\u0119 2026-2030;<\/li>\n<li>Przedstawienie kierunk\u00f3w dzia\u0142ania Sekcji na now\u0105 kadencj\u0119, dyskusja;<\/li>\n<li>Zako\u0144czenie zebrania.<\/li>\n<\/ul>\n<p><a href=\"https:\/\/sgp.geodezja.org.pl\/wp-content\/uploads\/2026\/03\/seminarium-09.04.2026.pdf\"><strong>Program &gt;&gt;&gt;<\/strong><\/a><\/p>\n<p>&nbsp;<\/p>\n<p>Wi\u0119cej informacji o Sekcji Geodezji Rolnej i Le\u015bnej SGP:<\/p>\n<p><a href=\"https:\/\/sgp.geodezja.org.pl\/en\/o-nas\/glowne-komisje-sgp-kluby-sekcje\/sekcje-naukowo-techniczne\/sekcja-geodezji-rolnej-i-lesnej\/\">https:\/\/sgp.geodezja.org.pl\/o-nas\/glowne-komisje-sgp-kluby-sekcje\/sekcje-naukowo-techniczne\/sekcja-geodezji-rolnej-i-lesnej\/<\/a><\/p>\n<p style=\"background: white; margin: 0cm 0cm 12.0pt 0cm;\"><span style=\"text-decoration: underline;\"><span style=\"font-size: 18pt;\"><strong><span style=\"font-family: Arial, sans-serif; color: #333333; text-decoration: underline;\">Zg\u0142oszenia dokonujemy za po\u015brednictwem poni\u017cszego formularza<\/span><\/strong><\/span><\/span><\/p>","protected":false},"excerpt":{"rendered":"<p>&nbsp; &nbsp; Sekcja Geodezji Rolnej i Le\u015bnej Stowarzyszenia Geodet\u00f3w Polskich zaprasza w dniu 9 kwietnia 2026 r. godz. 11:00-14:30 na seminarium po\u0142\u0105czone z zebraniem sprawozdawczo-wyborczym. Seminarium odb\u0119dzie si\u0119 stacjonarnie w budynku NOT w Warszawie, sala C Udzia\u0142 w seminarium jest bezp\u0142atny. &nbsp; Program seminarium 11:00\u00a0 &#8222;Aktualne aspekty prawne w stosowaniu dron\u00f3w w dzia\u0142alno\u015bci organ\u00f3w administracji [&hellip;]<\/p>\n","protected":false},"author":10,"featured_media":13811,"comment_status":"open","ping_status":"open","sticky":false,"template":"","format":"standard","meta":{"two_page_speed":[],"footnotes":""},"categories":[10,35],"tags":[],"class_list":["post-14843","post","type-post","status-publish","format-standard","has-post-thumbnail","hentry","category-informacje","category-szkolenia"],"_links":{"self":[{"href":"https:\/\/sgp.geodezja.org.pl\/en\/wp-json\/wp\/v2\/posts\/14843","targetHints":{"allow":["GET"]}}],"collection":[{"href":"https:\/\/sgp.geodezja.org.pl\/en\/wp-json\/wp\/v2\/posts"}],"about":[{"href":"https:\/\/sgp.geodezja.org.pl\/en\/wp-json\/wp\/v2\/types\/post"}],"author":[{"embeddable":true,"href":"https:\/\/sgp.geodezja.org.pl\/en\/wp-json\/wp\/v2\/users\/10"}],"replies":[{"embeddable":true,"href":"https:\/\/sgp.geodezja.org.pl\/en\/wp-json\/wp\/v2\/comments?post=14843"}],"version-history":[{"count":16,"href":"https:\/\/sgp.geodezja.org.pl\/en\/wp-json\/wp\/v2\/posts\/14843\/revisions"}],"predecessor-version":[{"id":14863,"href":"https:\/\/sgp.geodezja.org.pl\/en\/wp-json\/wp\/v2\/posts\/14843\/revisions\/14863"}],"wp:featuredmedia":[{"embeddable":true,"href":"https:\/\/sgp.geodezja.org.pl\/en\/wp-json\/wp\/v2\/media\/13811"}],"wp:attachment":[{"href":"https:\/\/sgp.geodezja.org.pl\/en\/wp-json\/wp\/v2\/media?parent=14843"}],"wp:term":[{"taxonomy":"category","embeddable":true,"href":"https:\/\/sgp.geodezja.org.pl\/en\/wp-json\/wp\/v2\/categories?post=14843"},{"taxonomy":"post_tag","embeddable":true,"href":"https:\/\/sgp.geodezja.org.pl\/en\/wp-json\/wp\/v2\/tags?post=14843"}],"curies":[{"name":"wp","href":"https:\/\/api.w.org\/{rel}","templated":true}]}}