{"id":16246,"date":"2026-08-31T09:18:48","date_gmt":"2026-08-31T07:18:48","guid":{"rendered":"https:\/\/sgp.geodezja.org.pl\/?p=16246"},"modified":"2026-08-31T09:24:33","modified_gmt":"2026-08-31T07:24:33","slug":"dzien-z-wydzialem-gik-pw-juz-20-wrzesnia-2026","status":"publish","type":"post","link":"https:\/\/sgp.geodezja.org.pl\/en\/dzien-z-wydzialem-gik-pw-juz-20-wrzesnia-2026\/","title":{"rendered":"Dzie\u0144 z Wydzia\u0142em GiK PW ju\u017c 20 wrze\u015bnia 2026!"},"content":{"rendered":"<p><strong>Dzie\u0144 z Wydzia\u0142em GiK PW ju\u017c 20 wrze\u015bnia! <\/strong><\/p>\n<p><strong><a href=\"https:\/\/sgp.geodezja.org.pl\/en\/dzien-z-wydzialem-gik-pw-juz-20-wrzesnia-2026\/fn_dzien_z_wgik_2026_slajd1\/\" rel=\"attachment wp-att-16250\"><img loading=\"lazy\" decoding=\"async\" class=\"wp-image-16250 alignnone\" src=\"https:\/\/sgp.geodezja.org.pl\/wp-content\/uploads\/2026\/08\/FN_Dzien_z_WGiK_2026_slajd1.jpg\" alt=\"\" width=\"380\" height=\"549\" srcset=\"https:\/\/sgp.geodezja.org.pl\/wp-content\/uploads\/2026\/08\/FN_Dzien_z_WGiK_2026_slajd1.jpg 831w, https:\/\/sgp.geodezja.org.pl\/wp-content\/uploads\/2026\/08\/FN_Dzien_z_WGiK_2026_slajd1-208x300.jpg 208w, https:\/\/sgp.geodezja.org.pl\/wp-content\/uploads\/2026\/08\/FN_Dzien_z_WGiK_2026_slajd1-709x1024.jpg 709w, https:\/\/sgp.geodezja.org.pl\/wp-content\/uploads\/2026\/08\/FN_Dzien_z_WGiK_2026_slajd1-768x1109.jpg 768w, https:\/\/sgp.geodezja.org.pl\/wp-content\/uploads\/2026\/08\/FN_Dzien_z_WGiK_2026_slajd1-8x12.jpg 8w, https:\/\/sgp.geodezja.org.pl\/wp-content\/uploads\/2026\/08\/FN_Dzien_z_WGiK_2026_slajd1-42x60.jpg 42w, https:\/\/sgp.geodezja.org.pl\/wp-content\/uploads\/2026\/08\/FN_Dzien_z_WGiK_2026_slajd1-416x600.jpg 416w, https:\/\/sgp.geodezja.org.pl\/wp-content\/uploads\/2026\/08\/FN_Dzien_z_WGiK_2026_slajd1-800x1155.jpg 800w, https:\/\/sgp.geodezja.org.pl\/wp-content\/uploads\/2026\/08\/FN_Dzien_z_WGiK_2026_slajd1-28x40.jpg 28w, https:\/\/sgp.geodezja.org.pl\/wp-content\/uploads\/2026\/08\/FN_Dzien_z_WGiK_2026_slajd1-38x55.jpg 38w, https:\/\/sgp.geodezja.org.pl\/wp-content\/uploads\/2026\/08\/FN_Dzien_z_WGiK_2026_slajd1-69x100.jpg 69w\" sizes=\"auto, (max-width: 380px) 100vw, 380px\" \/><\/a><a href=\"https:\/\/sgp.geodezja.org.pl\/en\/dzien-z-wydzialem-gik-pw-juz-20-wrzesnia-2026\/fn_dzien_z_wgik_2026_slajd2\/\" rel=\"attachment wp-att-16248\"><img loading=\"lazy\" decoding=\"async\" class=\"wp-image-16248 alignnone\" src=\"https:\/\/sgp.geodezja.org.pl\/wp-content\/uploads\/2026\/08\/FN_Dzien_z_WGiK_2026_slajd2.jpg\" alt=\"\" width=\"381\" height=\"550\" srcset=\"https:\/\/sgp.geodezja.org.pl\/wp-content\/uploads\/2026\/08\/FN_Dzien_z_WGiK_2026_slajd2.jpg 831w, https:\/\/sgp.geodezja.org.pl\/wp-content\/uploads\/2026\/08\/FN_Dzien_z_WGiK_2026_slajd2-208x300.jpg 208w, https:\/\/sgp.geodezja.org.pl\/wp-content\/uploads\/2026\/08\/FN_Dzien_z_WGiK_2026_slajd2-709x1024.jpg 709w, https:\/\/sgp.geodezja.org.pl\/wp-content\/uploads\/2026\/08\/FN_Dzien_z_WGiK_2026_slajd2-768x1109.jpg 768w, https:\/\/sgp.geodezja.org.pl\/wp-content\/uploads\/2026\/08\/FN_Dzien_z_WGiK_2026_slajd2-8x12.jpg 8w, https:\/\/sgp.geodezja.org.pl\/wp-content\/uploads\/2026\/08\/FN_Dzien_z_WGiK_2026_slajd2-42x60.jpg 42w, https:\/\/sgp.geodezja.org.pl\/wp-content\/uploads\/2026\/08\/FN_Dzien_z_WGiK_2026_slajd2-416x600.jpg 416w, https:\/\/sgp.geodezja.org.pl\/wp-content\/uploads\/2026\/08\/FN_Dzien_z_WGiK_2026_slajd2-800x1155.jpg 800w, https:\/\/sgp.geodezja.org.pl\/wp-content\/uploads\/2026\/08\/FN_Dzien_z_WGiK_2026_slajd2-28x40.jpg 28w, https:\/\/sgp.geodezja.org.pl\/wp-content\/uploads\/2026\/08\/FN_Dzien_z_WGiK_2026_slajd2-38x55.jpg 38w, https:\/\/sgp.geodezja.org.pl\/wp-content\/uploads\/2026\/08\/FN_Dzien_z_WGiK_2026_slajd2-69x100.jpg 69w\" sizes=\"auto, (max-width: 381px) 100vw, 381px\" \/><\/a><\/strong><\/p>\n<p>&nbsp;<\/p>\n<p><strong>Tegoroczna edycja jest absolutnie wyj\u0105tkowa, poniewa\u017c r\u00f3wnolegle \u015bwi\u0119towane jest\u00a0200-lecie Politechniki Warszawskiej, pi\u0119kny jubileusz\u00a0105-lecia Wydzia\u0142u Geodezji i Kartografii\u00a0oraz\u00a030. Festiwal Nauki w Warszawie. Z tej okazji ju\u017c\u00a020 wrze\u015bnia 2026 r.\u00a0w godz.\u00a010:00-15:00\u00a0w\u00a0Du\u017cej Auli Gmachu G\u0142\u00f3wnego PW\u00a0odb\u0119dzie si\u0119 kolejna edycja\u00a0Dnia z Wydzia\u0142em GiK, podczas kt\u00f3rego czeka mn\u00f3stwo technologicznych atrakcji.<\/strong><\/p>\n<p>Podczas wydarzenia b\u0119dzie mo\u017cna zobaczy\u0107 i przetestowa\u0107 nowoczesny oraz historyczny sprz\u0119t geodezyjny, a tak\u017ce zobaczy\u0107 \u0142aziki marsja\u0144skie i drony. Na uczestnik\u00f3w czeka r\u00f3wnie\u017c wirtualna rzeczywisto\u015b\u0107 z wykorzystaniem gogli VR.<\/p>\n<p>W programie znajdzie si\u0119 tak\u017ce mo\u017cliwo\u015b\u0107 wykonania chmury punkt\u00f3w za pomoc\u0105 skanera 3D, sprawdzenia symulator\u00f3w ruchu os\u00f3b starszych oraz skorzystania z interaktywnej makiety przestrzennej. Na miejscu b\u0119d\u0105 r\u00f3wnie\u017c stoiska jednostek studenckich: Ko\u0142a Naukowego Wektor, Ko\u0142a Naukowego Gospodarki Przestrzennej, Klubu Filmowo-Fotograficznego Focus oraz Stowarzyszenia Student\u00f3w \u201eGeoida\u201d.<\/p>\n<p>R\u00f3wnolegle b\u0119dzie mo\u017cna zwiedzi\u0107 laboratoria oraz wzi\u0105\u0107 udzia\u0142 w otwartych wyk\u0142adach.<\/p>\n<p><strong>Otwarte wyk\u0142ady (sala 144, Gmach G\u0142\u00f3wny PW):<\/strong><\/p>\n<ul>\n<li><strong>11:00<\/strong>\u00a0\u2013\u00a0<em>Projektowanie miast a potrzeby os\u00f3b z demencj\u0105<\/em>\u00a0(dr in\u017c. arch. Agnieszka Cie\u015bla)<\/li>\n<li><strong>12:00<\/strong>\u00a0\u2013\u00a0<em>Czy na tym zdj\u0119ciu jest pingwin? O postrzeganiu obrazu<\/em>\u00a0(dr hab. in\u017c. Przemys\u0142aw Kupidura, prof. PW)<\/li>\n<li><strong>13:00<\/strong>\u00a0\u2013\u00a0<em>Jak jest naprawd\u0119? Czy wynikom pomiar\u00f3w mo\u017cna wierzy\u0107?<\/em>\u00a0(dr in\u017c. Krzysztof Karsznia)<\/li>\n<\/ul>\n<p>To \u015bwietna okazja, by odkry\u0107 fascynuj\u0105cy \u015bwiat nauki na WGiK PW! Wydarzenie zapowiada si\u0119 jako ciekawa propozycja dla wszystkich zainteresowanych nauk\u0105 i nowoczesnymi technologiami.<\/p>","protected":false},"excerpt":{"rendered":"<p>Dzie\u0144 z Wydzia\u0142em GiK PW ju\u017c 20 wrze\u015bnia! &nbsp; Tegoroczna edycja jest absolutnie wyj\u0105tkowa, poniewa\u017c r\u00f3wnolegle \u015bwi\u0119towane jest\u00a0200-lecie Politechniki Warszawskiej, pi\u0119kny jubileusz\u00a0105-lecia Wydzia\u0142u Geodezji i Kartografii\u00a0oraz\u00a030. Festiwal Nauki w Warszawie. Z tej okazji ju\u017c\u00a020 wrze\u015bnia 2026 r.\u00a0w godz.\u00a010:00-15:00\u00a0w\u00a0Du\u017cej Auli Gmachu G\u0142\u00f3wnego PW\u00a0odb\u0119dzie si\u0119 kolejna edycja\u00a0Dnia z Wydzia\u0142em GiK, podczas kt\u00f3rego czeka mn\u00f3stwo technologicznych atrakcji. Podczas [&hellip;]<\/p>\n","protected":false},"author":10,"featured_media":16250,"comment_status":"open","ping_status":"open","sticky":false,"template":"","format":"standard","meta":{"two_page_speed":[],"footnotes":""},"categories":[10],"tags":[],"class_list":["post-16246","post","type-post","status-publish","format-standard","has-post-thumbnail","hentry","category-informacje"],"_links":{"self":[{"href":"https:\/\/sgp.geodezja.org.pl\/en\/wp-json\/wp\/v2\/posts\/16246","targetHints":{"allow":["GET"]}}],"collection":[{"href":"https:\/\/sgp.geodezja.org.pl\/en\/wp-json\/wp\/v2\/posts"}],"about":[{"href":"https:\/\/sgp.geodezja.org.pl\/en\/wp-json\/wp\/v2\/types\/post"}],"author":[{"embeddable":true,"href":"https:\/\/sgp.geodezja.org.pl\/en\/wp-json\/wp\/v2\/users\/10"}],"replies":[{"embeddable":true,"href":"https:\/\/sgp.geodezja.org.pl\/en\/wp-json\/wp\/v2\/comments?post=16246"}],"version-history":[{"count":5,"href":"https:\/\/sgp.geodezja.org.pl\/en\/wp-json\/wp\/v2\/posts\/16246\/revisions"}],"predecessor-version":[{"id":16253,"href":"https:\/\/sgp.geodezja.org.pl\/en\/wp-json\/wp\/v2\/posts\/16246\/revisions\/16253"}],"wp:featuredmedia":[{"embeddable":true,"href":"https:\/\/sgp.geodezja.org.pl\/en\/wp-json\/wp\/v2\/media\/16250"}],"wp:attachment":[{"href":"https:\/\/sgp.geodezja.org.pl\/en\/wp-json\/wp\/v2\/media?parent=16246"}],"wp:term":[{"taxonomy":"category","embeddable":true,"href":"https:\/\/sgp.geodezja.org.pl\/en\/wp-json\/wp\/v2\/categories?post=16246"},{"taxonomy":"post_tag","embeddable":true,"href":"https:\/\/sgp.geodezja.org.pl\/en\/wp-json\/wp\/v2\/tags?post=16246"}],"curies":[{"name":"wp","href":"https:\/\/api.w.org\/{rel}","templated":true}]}}