{"id":243,"date":"2013-10-31T14:11:52","date_gmt":"2013-10-31T13:11:52","guid":{"rendered":"https:\/\/2.budowaniestron.pl\/gisday-w-bialymstoku\/"},"modified":"2021-11-29T08:51:22","modified_gmt":"2021-11-29T07:51:22","slug":"gisday-w-bialymstoku","status":"publish","type":"post","link":"https:\/\/sgp.geodezja.org.pl\/en\/gisday-w-bialymstoku\/","title":{"rendered":"GISday w Bia\u0142ymstoku"},"content":{"rendered":"<p>20.11.2013 odbywa si\u0119 GISday. Impreza ma za zadanie popularyzacj\u0119 wiedzy i umiej\u0119tno\u015bci z zakresu System\u00f3w Informacji Geograficznej.<\/p>\n<p>SGP oddzia\u0142 w Bia\u0142ymstoku wspiera organizacj\u0119 akcji GISday w Bia\u0142ymstoku.<\/p>\n<p>  <!--more-->  <\/p>\n<p>20.11.2013 odbywa si\u0119 GISday. Impreza ma za zadanie popularyzacj\u0119 wiedzy i umiej\u0119tno\u015bci z zakresu System\u00f3w Informacji Geograficznej.<\/p>\n<p>SGP oddzia\u0142 w Bia\u0142ymstoku wspiera organizacj\u0119 akcji GISday w Bia\u0142ymstoku.<\/p>\n<p>W programie m.in. wyk\u0142ady z zakresu system\u00f3w informacji przestrzennej, us\u0142ug sieciowych WMS, WFS, teledetekcji, telemetrii, skanowania 3D, a tak\u017ce warsztaty z obs\u0142ugi oprogramowania GIS oraz pokazy sprz\u0119tu.<\/p>\n<p>Serdecznie zapraszamy do uczestnictwa.<\/p>\n<p>Wi\u0119cej informacji na <a href=\"http:\/\/www.facebook.com\/gisdaybialystok\" target=\"_blank\" title=\"facebook.com\/gisdaybialystok\" rel=\"noopener\">facebook.com\/gisdaybialystok<\/a><\/p>\n<p>\u00a0Organizatorzy:<\/p>\n<p><a href=\"http:\/\/www.wrotaodlasia.pl\">Urz\u0105d Marsza\u0142kowski Wojew\u00f3dztwa Podlaskiego<\/a> przy wsp\u00f3\u0142pracy: <span style=\"color: #0000ff;\"><a href=\"http:\/\/www.bialystok.uw.gov.pl\/\"><span style=\"color: #0000ff;\">Podlaskiego Urz\u0119du Wojew\u00f3dzkiego<\/span><\/a>, <a href=\"http:\/\/pb.edu.pl\/\"><span style=\"color: #0000ff;\">Politechniki Bia\u0142ostockiej<\/span><\/a>, <a href=\"http:\/\/www.bialystok.pl\"><span style=\"color: #0000ff;\">Urz\u0119du Miejskiego w Bia\u0142ymstoku<\/span><\/a>, <a href=\"http:\/\/www.uwb.edu.pl\/\"><span style=\"color: #0000ff;\">Uniwersytetu w Bia\u0142ymstoku<\/span><\/a>, <a href=\"http:\/\/www.bialystok.rdos.gov.pl\/\"><span style=\"color: #0000ff;\">Regionalnej Dyrekcji Ochrony \u015arodowiska w Bia\u0142ymstoku<\/span><\/a>,<a href=\"http:\/\/www.bialystok.lasy.gov.pl\/web\/rdlp_bialystok\"><span style=\"color: #0000ff;\"> Regionalnej Dyrekcji Las\u00f3w Pa\u0144stwowych w Bia\u0142ymstoku<\/span><\/a>, <a href=\"http:\/\/www.powiatbialostocki.pl\/\"><span style=\"color: #0000ff;\">Starostwa Powiatowego w Bia\u0142ymstoku<\/span><\/a>,<a href=\"http:\/\/sgp.geodezja.org.pl\/en\/bialystok\/\"><span style=\"color: #0000ff;\"> Stowarzyszenia Geodet\u00f3w Polskich oddzia\u0142u w Bia\u0142ymstoku<\/span><\/a>, <a href=\"http:\/\/limbus3d.pl\/pl\/start.aspx\"><span style=\"color: #0000ff;\">Przedsi\u0119biorstwa Geodezyjno-Informatycznego &#8222;LIMBUS&#8221; s.c.<\/span><\/a>,<\/span><\/p>\n<p>\u00a0<\/p>\n<p>\u00a0<img loading=\"lazy\" decoding=\"async\" class=\"size-full wp-image-242\" src=\"https:\/\/sgp.geodezja.org.pl\/wp-content\/uploads\/2013\/10\/plakat_gisday.png\" alt=\"\" align=\"middle\" width=\"1233\" height=\"1745\" srcset=\"https:\/\/sgp.geodezja.org.pl\/wp-content\/uploads\/2013\/10\/plakat_gisday.png 1233w, https:\/\/sgp.geodezja.org.pl\/wp-content\/uploads\/2013\/10\/plakat_gisday-800x1132.png 800w, https:\/\/sgp.geodezja.org.pl\/wp-content\/uploads\/2013\/10\/plakat_gisday-212x300.png 212w, https:\/\/sgp.geodezja.org.pl\/wp-content\/uploads\/2013\/10\/plakat_gisday-724x1024.png 724w, https:\/\/sgp.geodezja.org.pl\/wp-content\/uploads\/2013\/10\/plakat_gisday-768x1087.png 768w, https:\/\/sgp.geodezja.org.pl\/wp-content\/uploads\/2013\/10\/plakat_gisday-1085x1536.png 1085w, https:\/\/sgp.geodezja.org.pl\/wp-content\/uploads\/2013\/10\/plakat_gisday-42x60.png 42w\" sizes=\"auto, (max-width: 1233px) 100vw, 1233px\" \/><\/p>\n<p>\u00a0<\/p>\n<p>\u00a0<\/p>\n<p>DW\u00a0<\/p>","protected":false},"excerpt":{"rendered":"<p>20.11.2013 odbywa si\u0119 GISday. Impreza ma za zadanie popularyzacj\u0119 wiedzy i umiej\u0119tno\u015bci z zakresu System\u00f3w Informacji Geograficznej. SGP oddzia\u0142 w Bia\u0142ymstoku wspiera organizacj\u0119 akcji GISday w Bia\u0142ymstoku.<\/p>","protected":false},"author":2,"featured_media":242,"comment_status":"open","ping_status":"open","sticky":false,"template":"","format":"standard","meta":{"two_page_speed":[],"footnotes":""},"categories":[10],"tags":[],"class_list":["post-243","post","type-post","status-publish","format-standard","has-post-thumbnail","hentry","category-informacje"],"_links":{"self":[{"href":"https:\/\/sgp.geodezja.org.pl\/en\/wp-json\/wp\/v2\/posts\/243","targetHints":{"allow":["GET"]}}],"collection":[{"href":"https:\/\/sgp.geodezja.org.pl\/en\/wp-json\/wp\/v2\/posts"}],"about":[{"href":"https:\/\/sgp.geodezja.org.pl\/en\/wp-json\/wp\/v2\/types\/post"}],"author":[{"embeddable":true,"href":"https:\/\/sgp.geodezja.org.pl\/en\/wp-json\/wp\/v2\/users\/2"}],"replies":[{"embeddable":true,"href":"https:\/\/sgp.geodezja.org.pl\/en\/wp-json\/wp\/v2\/comments?post=243"}],"version-history":[{"count":1,"href":"https:\/\/sgp.geodezja.org.pl\/en\/wp-json\/wp\/v2\/posts\/243\/revisions"}],"predecessor-version":[{"id":2738,"href":"https:\/\/sgp.geodezja.org.pl\/en\/wp-json\/wp\/v2\/posts\/243\/revisions\/2738"}],"wp:featuredmedia":[{"embeddable":true,"href":"https:\/\/sgp.geodezja.org.pl\/en\/wp-json\/wp\/v2\/media\/242"}],"wp:attachment":[{"href":"https:\/\/sgp.geodezja.org.pl\/en\/wp-json\/wp\/v2\/media?parent=243"}],"wp:term":[{"taxonomy":"category","embeddable":true,"href":"https:\/\/sgp.geodezja.org.pl\/en\/wp-json\/wp\/v2\/categories?post=243"},{"taxonomy":"post_tag","embeddable":true,"href":"https:\/\/sgp.geodezja.org.pl\/en\/wp-json\/wp\/v2\/tags?post=243"}],"curies":[{"name":"wp","href":"https:\/\/api.w.org\/{rel}","templated":true}]}}