{"id":245,"date":"2013-11-08T18:29:39","date_gmt":"2013-11-08T17:29:39","guid":{"rendered":"https:\/\/2.budowaniestron.pl\/w-szreniawie-o-rozwoju-obszarow-wiejskich\/"},"modified":"2022-02-07T17:27:46","modified_gmt":"2022-02-07T16:27:46","slug":"w-szreniawie-o-rozwoju-obszarow-wiejskich","status":"publish","type":"post","link":"https:\/\/sgp.geodezja.org.pl\/en\/w-szreniawie-o-rozwoju-obszarow-wiejskich\/","title":{"rendered":"W Szreniawie o \u201erozwoju obszar\u00f3w wiejskich\u201d"},"content":{"rendered":"<p>\u00d3sme seminarium z cyklu \u201eRozw\u00f3j obszar\u00f3w wiejskich\u201d na temat przemian strukturalnych obszar\u00f3w wiejskich odby\u0142o si\u0119 w Muzeum Narodowym Rolnictwa i Przemys\u0142u Rolno-Spo\u017cywczego w Szreniawie w dniu 6 listopada 2013 roku.<\/p>\n<p><a href=\"https:\/\/sgp.geodezja.org.pl\/wp-content\/uploads\/2013\/11\/131108.pdf\">Relacja &gt;&gt;&gt;<\/a><\/p>\n<p>Autor: Stanis\u0142aw Marcin Wili\u0144ski<\/p>\n<p>Szersza relacja uka\u017ce si\u0119 w Przegl\u0105dzie Geodezyjnym<\/p>\n<p>R\u0141<\/p>","protected":false},"excerpt":{"rendered":"<p>\u00d3sme seminarium z cyklu \u201eRozw\u00f3j obszar\u00f3w wiejskich\u201d na temat przemian strukturalnych obszar\u00f3w wiejskich odby\u0142o si\u0119 w Muzeum Narodowym Rolnictwa i Przemys\u0142u Rolno-Spo\u017cywczego w Szreniawie w dniu 6 listopada 2013 roku. Relacja &gt;&gt;&gt; Autor: Stanis\u0142aw Marcin Wili\u0144ski Szersza relacja uka\u017ce si\u0119 w Przegl\u0105dzie Geodezyjnym R\u0141<\/p>","protected":false},"author":2,"featured_media":0,"comment_status":"open","ping_status":"open","sticky":false,"template":"","format":"standard","meta":{"two_page_speed":[],"footnotes":""},"categories":[10],"tags":[],"class_list":["post-245","post","type-post","status-publish","format-standard","hentry","category-informacje"],"_links":{"self":[{"href":"https:\/\/sgp.geodezja.org.pl\/en\/wp-json\/wp\/v2\/posts\/245","targetHints":{"allow":["GET"]}}],"collection":[{"href":"https:\/\/sgp.geodezja.org.pl\/en\/wp-json\/wp\/v2\/posts"}],"about":[{"href":"https:\/\/sgp.geodezja.org.pl\/en\/wp-json\/wp\/v2\/types\/post"}],"author":[{"embeddable":true,"href":"https:\/\/sgp.geodezja.org.pl\/en\/wp-json\/wp\/v2\/users\/2"}],"replies":[{"embeddable":true,"href":"https:\/\/sgp.geodezja.org.pl\/en\/wp-json\/wp\/v2\/comments?post=245"}],"version-history":[{"count":1,"href":"https:\/\/sgp.geodezja.org.pl\/en\/wp-json\/wp\/v2\/posts\/245\/revisions"}],"predecessor-version":[{"id":3637,"href":"https:\/\/sgp.geodezja.org.pl\/en\/wp-json\/wp\/v2\/posts\/245\/revisions\/3637"}],"wp:attachment":[{"href":"https:\/\/sgp.geodezja.org.pl\/en\/wp-json\/wp\/v2\/media?parent=245"}],"wp:term":[{"taxonomy":"category","embeddable":true,"href":"https:\/\/sgp.geodezja.org.pl\/en\/wp-json\/wp\/v2\/categories?post=245"},{"taxonomy":"post_tag","embeddable":true,"href":"https:\/\/sgp.geodezja.org.pl\/en\/wp-json\/wp\/v2\/tags?post=245"}],"curies":[{"name":"wp","href":"https:\/\/api.w.org\/{rel}","templated":true}]}}