{"id":247,"date":"2013-11-20T16:53:20","date_gmt":"2013-11-20T15:53:20","guid":{"rendered":"https:\/\/2.budowaniestron.pl\/wspolczesne-uwarunkowania-gospodarowania-przestrzenia-szanse-i-zagrozenia-dla-zrownowazonego-rozwoju\/"},"modified":"2013-11-20T16:53:20","modified_gmt":"2013-11-20T15:53:20","slug":"wspolczesne-uwarunkowania-gospodarowania-przestrzenia-szanse-i-zagrozenia-dla-zrownowazonego-rozwoju","status":"publish","type":"post","link":"https:\/\/sgp.geodezja.org.pl\/en\/wspolczesne-uwarunkowania-gospodarowania-przestrzenia-szanse-i-zagrozenia-dla-zrownowazonego-rozwoju\/","title":{"rendered":"Wsp\u00f3\u0142czesne uwarunkowania gospodarowania przestrzeni\u0105 &#8211; szanse i zagro\u017cenia dla zr\u00f3wnowa\u017conego rozwoju"},"content":{"rendered":"<p style=\"text-align: justify;\">Katedra Gospodarki Przestrzennej i Nauk o \u015arodowisku Przyrodniczym ma zaszczyt poinformowa\u0107 i zaprosi\u0107 do uczestnictwa w\u00a0<strong>II Konferencji Naukowej pt. \u201eWsp\u00f3\u0142czesne uwarunkowania gospodarowania przestrzeni\u0105 &#8211; szanse i zagro\u017cenia dla zr\u00f3wnowa\u017conego rozwoju\u201d<\/strong><\/p>\n<p>  <!--more-->  <\/p>\n<p style=\"text-align: left;\"><span style=\"text-align: left;\"><img loading=\"lazy\" decoding=\"async\" class=\"size-full wp-image-246\" src=\"https:\/\/sgp.geodezja.org.pl\/wp-content\/uploads\/2013\/11\/359.jpg\" alt=\"\" width=\"1028\" height=\"198\" srcset=\"https:\/\/sgp.geodezja.org.pl\/wp-content\/uploads\/2013\/11\/359.jpg 1028w, https:\/\/sgp.geodezja.org.pl\/wp-content\/uploads\/2013\/11\/359-800x154.jpg 800w, https:\/\/sgp.geodezja.org.pl\/wp-content\/uploads\/2013\/11\/359-300x58.jpg 300w, https:\/\/sgp.geodezja.org.pl\/wp-content\/uploads\/2013\/11\/359-1024x197.jpg 1024w, https:\/\/sgp.geodezja.org.pl\/wp-content\/uploads\/2013\/11\/359-768x148.jpg 768w, https:\/\/sgp.geodezja.org.pl\/wp-content\/uploads\/2013\/11\/359-160x31.jpg 160w\" sizes=\"auto, (max-width: 1028px) 100vw, 1028px\" \/>\u00a0<\/span><\/p>\n<p>Katedra Gospodarki Przestrzennej i Nauk o \u015arodowisku Przyrodniczym ma zaszczyt poinformowa\u0107 i zaprosi\u0107 do uczestnictwa w <strong>II Konferencji Naukowej pt. \u201eWsp\u00f3\u0142czesne uwarunkowania gospodarowania przestrzeni\u0105 &#8211; szanse i zagro\u017cenia dla zr\u00f3wnowa\u017conego rozwoju\u201d<\/strong>organizowanej w Ma\u0142ej Auli Gmachu G\u0142\u00f3wnego Politechniki Warszawskiej w dniach <strong>24 \u2013\u00a025 czerwca 2014 roku<\/strong><strong>.<\/strong><\/p>\n<p>\u00a0<\/p>\n<p>I edycja konferencji &#8211;\u00a0 \u201eGospodarka przestrzenna w \u015bwietle wymaga\u0144 strategii zr\u00f3wnowa\u017conego rozwoju\u201d zorganizowana przez Katedr\u0119 Gospodarki Przestrzennej i Nauk o \u015arodowisku Przyrodniczym w roku 2011 w Jachrance zgromadzi\u0142a badaczy wywodz\u0105cych si\u0119 z o\u015brodk\u00f3w z ca\u0142ego kraju. Zgodnie z zamierzeniem organizator\u00f3w, konferencja zainicjowa\u0142a cykliczne spotkania integruj\u0105ce \u015brodowiska naukowe i samorz\u0105dowe, daj\u0105ce mo\u017cliwo\u015b\u0107 wymiany do\u015bwiadcze\u0144 oraz refleksji teoretycznych dotycz\u0105cych nowych obszar\u00f3w badawczych w planowaniu przestrzennym.<\/p>\n<p>\u00a0<\/p>\n<p>Obecna II edycja konferencji, b\u0119d\u0105ca kontynuacj\u0105 i rozwini\u0119ciem poprzedniej, ma na celu pog\u0142\u0119bienie bada\u0144 w dziedzinie gospodarki przestrzennej, koncentruj\u0105c si\u0119 na czterech g\u0142\u00f3wnych blokach tematycznych obejmuj\u0105cych szerokie zagadnienia zwi\u0105zane z: planowaniem przestrzennym, procesem inwestycyjnym, organizacj\u0105 gospodarowania przestrzeni\u0105 oraz partycypacj\u0105 spo\u0142eczn\u0105.<\/p>\n<p>\u00a0<\/p>\n<p>Wi\u0119cej informacje o konferencji i mo\u017cliwo\u015bciach publikacji zg\u0142oszonych artyku\u0142\u00f3w na stronie internetowej\u00a0<a href=\"http:\/\/www.konferencja-gp.gik.pw.edu.pl\">www.konferencja-gp.gik.pw.edu.pl<\/a><\/p>\n<p>\u00a0<\/p>\n<p>Wioleta Krupowicz<\/p>\n<p>\u00a0<\/p>\n<p>R\u0141<\/p>\n<p>\u00a0<\/p>\n<p>\u00a0<\/p>","protected":false},"excerpt":{"rendered":"<p>Katedra Gospodarki Przestrzennej i Nauk o \u015arodowisku Przyrodniczym ma zaszczyt poinformowa\u0107 i zaprosi\u0107 do uczestnictwa w\u00a0II Konferencji Naukowej pt. \u201eWsp\u00f3\u0142czesne uwarunkowania gospodarowania przestrzeni\u0105 &#8211; szanse i zagro\u017cenia dla zr\u00f3wnowa\u017conego rozwoju\u201d<\/p>","protected":false},"author":2,"featured_media":246,"comment_status":"open","ping_status":"open","sticky":false,"template":"","format":"standard","meta":{"two_page_speed":[],"footnotes":""},"categories":[10],"tags":[],"class_list":["post-247","post","type-post","status-publish","format-standard","has-post-thumbnail","hentry","category-informacje"],"_links":{"self":[{"href":"https:\/\/sgp.geodezja.org.pl\/en\/wp-json\/wp\/v2\/posts\/247","targetHints":{"allow":["GET"]}}],"collection":[{"href":"https:\/\/sgp.geodezja.org.pl\/en\/wp-json\/wp\/v2\/posts"}],"about":[{"href":"https:\/\/sgp.geodezja.org.pl\/en\/wp-json\/wp\/v2\/types\/post"}],"author":[{"embeddable":true,"href":"https:\/\/sgp.geodezja.org.pl\/en\/wp-json\/wp\/v2\/users\/2"}],"replies":[{"embeddable":true,"href":"https:\/\/sgp.geodezja.org.pl\/en\/wp-json\/wp\/v2\/comments?post=247"}],"version-history":[{"count":0,"href":"https:\/\/sgp.geodezja.org.pl\/en\/wp-json\/wp\/v2\/posts\/247\/revisions"}],"wp:featuredmedia":[{"embeddable":true,"href":"https:\/\/sgp.geodezja.org.pl\/en\/wp-json\/wp\/v2\/media\/246"}],"wp:attachment":[{"href":"https:\/\/sgp.geodezja.org.pl\/en\/wp-json\/wp\/v2\/media?parent=247"}],"wp:term":[{"taxonomy":"category","embeddable":true,"href":"https:\/\/sgp.geodezja.org.pl\/en\/wp-json\/wp\/v2\/categories?post=247"},{"taxonomy":"post_tag","embeddable":true,"href":"https:\/\/sgp.geodezja.org.pl\/en\/wp-json\/wp\/v2\/tags?post=247"}],"curies":[{"name":"wp","href":"https:\/\/api.w.org\/{rel}","templated":true}]}}