{"id":249,"date":"2013-11-25T11:32:43","date_gmt":"2013-11-25T10:32:43","guid":{"rendered":"https:\/\/2.budowaniestron.pl\/zebra\/"},"modified":"2022-02-07T17:27:23","modified_gmt":"2022-02-07T16:27:23","slug":"zebra","status":"publish","type":"post","link":"https:\/\/sgp.geodezja.org.pl\/en\/zebra\/","title":{"rendered":"Zebranie Zarz\u0105du Oddzia\u0142u w Bia\u0142ymstoku 13 grudnia 2013r."},"content":{"rendered":"<p style=\"text-align: justify;\">SGP. L. dz. \u2013 84 \/2013 \u00a0 \u00a0 \u00a0 \u00a0 \u00a0 \u00a0 \u00a0 \u00a0 \u00a0 \u00a0 \u00a0 \u00a0 \u00a0 \u00a0 \u00a0 \u00a0 \u00a0 \u00a0 \u00a0 \u00a0 \u00a0 \u00a0 \u00a0 \u00a0 \u00a0 \u00a0 \u00a0 \u00a0 \u00a0 \u00a0 \u00a0 \u00a0 \u00a0 \u00a0 \u00a0 \u00a0 \u00a0 \u00a0 \u00a0 \u00a0 \u00a0 \u00a0 \u00a0 \u00a0 \u00a0 \u00a0 \u00a0 \u00a0 \u00a0 \u00a0 \u00a0 \u00a0 \u00a0 \u00a0 \u00a0 \u00a0 \u00a0 \u00a0 Bia\u0142ystok, dnia 18.11.2013r.<\/p>\n<p style=\"margin-left: 12cm; text-align: justify;\"><span style=\"font-size: small;\"><strong>Kole\u017canki i Koledzy Cz\u0142onkowie SGP<\/strong><\/span><\/p>\n<p style=\"text-align: justify;\">Zgodnie z \u00a7 46 pkt 2 Statutu SGP oraz \u00a7 8 Regulaminu Zarz\u0105du Oddzia\u0142u zawiadamiam,<br \/>\n\u017ce w dniu 13 grudnia 2013r. (pi\u0105tek) odb\u0119dzie si\u0119 otwarte zebranie Zarz\u0105du Oddzia\u0142u Stowarzyszenia Geodet\u00f3w Polskich w Bia\u0142ymstoku.<\/p>\n<p style=\"text-align: justify;\"><strong>Pocz\u0105tek: godz. 10:00<\/strong><\/p>\n<p style=\"text-align: justify;\"><strong>Miejsce: Sala Konferencyjna Domu Technika w Bia\u0142ymstoku ul.M.Sk\u0142odowskiej-Curie 2<\/strong><\/p>\n<p style=\"text-align: justify;\"><strong>Proponowany porz\u0105dek zebrania<\/strong><\/p>\n<p style=\"text-align: justify;\"><strong>Cz\u0119\u015b\u0107 I \u2013 godz. 10:00<\/strong><\/p>\n<ol style=\"text-align: justify;\">\n<li>Otwarcie i przyj\u0119cie porz\u0105dku obrad.<\/li>\n<li>Wr\u0119czenie odznacze\u0144, dyplom\u00f3w i legitymacji cz\u0142onkowskich SGP.<\/li>\n<li>Przyj\u0119cie protoko\u0142u z poprzedniego zebrania.<\/li>\n<li>Informacja o pracy Prezydium Zarz\u0105du Oddzia\u0142u za okres 27.09.2013 do 13.12.2013.<\/li>\n<li>Realizacja planu pracy za rok 2013 i projekt na rok 2014.<\/li>\n<li>Sprawy organizacyjno-statutowe.<\/li>\n<li>Przyj\u0119cia, przeniesienia,skre\u015blenia cz\u0142onk\u00f3w.<\/li>\n<li>Sprawy r\u00f3\u017cne i wniesione.<\/li>\n<li>Zako\u0144czenie zebrania.<\/li>\n<\/ol>\n<p style=\"text-align: justify;\"><strong>Cz\u0119\u015b\u0107 II \u2013 godz. 12:00<\/strong><\/p>\n<p style=\"text-align: justify;\">Podsumowanie dzia\u0142alno\u015bci s\u0142u\u017cby geodezyjno-kartograficznej woj.podlaskiego za rok 2013 i zamierzenia na rok 2014<\/p>\n<p style=\"text-align: justify;\">&#8211; mgr in\u017c Marian Bro\u017cyna \u2013 Podlaski Wojew\u00f3dzki Inspektor Nadzoru Geodezyjnego i Kartograficznego w Bia\u0142ymstoku<\/p>\n<p style=\"text-align: justify;\">&#8211; in\u017c. Anna Rakie\u0107 \u2013 Geodeta Wojew\u00f3dztwa Podlaskiego<\/p>\n<p style=\"text-align: justify;\">Dyskusja<\/p>\n<p style=\"text-align: justify;\"><strong>Cz\u0119\u015b\u0107 III \u2013 godz. 13:30<\/strong><\/p>\n<p style=\"text-align: justify;\">Op\u0142atek geodet\u00f3w woj.podlaskiego z udzia\u0142em ks. Kapelana Alfreda Butwi\u0142owskiego.<\/p>\n<p style=\"text-align: justify;\">Obecno\u015b\u0107 cz\u0142onk\u00f3w Z.O.SGP obowi\u0105zkowa.<\/p>\n<p style=\"text-align: justify;\"><strong>Zapraszamy do udzia\u0142u w spotkaniu szersze grono Koleg\u00f3w i Kole\u017canek, nie tylko cz\u0142onk\u00f3w Stowarzyszenia.<\/strong><\/p>\n<p style=\"text-align: justify;\">\u00a0 \u00a0\u00a0 SEKRETARZ\u00a0\u00a0\u00a0\u00a0\u00a0\u00a0\u00a0\u00a0\u00a0\u00a0\u00a0\u00a0\u00a0\u00a0\u00a0\u00a0\u00a0\u00a0\u00a0\u00a0\u00a0\u00a0\u00a0\u00a0\u00a0\u00a0\u00a0\u00a0\u00a0\u00a0\u00a0\u00a0\u00a0 \u00a0 \u00a0\u00a0 \u00a0\u00a0\u00a0\u00a0\u00a0\u00a0\u00a0\u00a0\u00a0\u00a0\u00a0\u00a0\u00a0\u00a0\u00a0\u00a0\u00a0\u00a0\u00a0\u00a0\u00a0\u00a0\u00a0\u00a0 \u00a0 \u00a0 \u00a0\u00a0 \u00a0\u00a0\u00a0\u00a0\u00a0\u00a0\u00a0\u00a0 PREZES<\/p>\n<p style=\"text-align: justify;\">\u00a0\u00a0 Zarz\u0105du Oddzia\u0142u\u00a0\u00a0\u00a0\u00a0\u00a0\u00a0\u00a0\u00a0\u00a0\u00a0\u00a0\u00a0\u00a0\u00a0\u00a0\u00a0\u00a0\u00a0\u00a0\u00a0\u00a0\u00a0\u00a0\u00a0\u00a0\u00a0\u00a0\u00a0\u00a0\u00a0\u00a0\u00a0\u00a0\u00a0\u00a0\u00a0\u00a0\u00a0\u00a0\u00a0\u00a0\u00a0\u00a0\u00a0\u00a0\u00a0 \u00a0 \u00a0 \u00a0 \u00a0\u00a0 \u00a0\u00a0\u00a0\u00a0 Zarz\u0105du Oddzia\u0142u SGP<\/p>\n<p style=\"text-align: justify;\">Andrzej Gierasimowicz\u00a0\u00a0\u00a0\u00a0\u00a0\u00a0\u00a0\u00a0\u00a0\u00a0\u00a0 \u00a0 \u00a0\u00a0\u00a0\u00a0\u00a0\u00a0\u00a0\u00a0\u00a0\u00a0\u00a0\u00a0\u00a0\u00a0\u00a0\u00a0\u00a0\u00a0\u00a0\u00a0\u00a0\u00a0\u00a0\u00a0\u00a0\u00a0\u00a0\u00a0\u00a0\u00a0\u00a0\u00a0\u00a0 \u00a0\u00a0 \u00a0\u00a0\u00a0\u00a0\u00a0\u00a0\u00a0 Czes\u0142aw Bartoszewicz<\/p>\n<p style=\"text-align: justify;\">DW<\/p>","protected":false},"excerpt":{"rendered":"<p>SGP. L. dz. \u2013 84 \/2013 \u00a0 \u00a0 \u00a0 \u00a0 \u00a0 \u00a0 \u00a0 \u00a0 \u00a0 \u00a0 \u00a0 \u00a0 \u00a0 \u00a0 \u00a0 \u00a0 \u00a0 \u00a0 \u00a0 \u00a0 \u00a0 \u00a0 \u00a0 \u00a0 \u00a0 \u00a0 \u00a0 \u00a0 \u00a0 \u00a0 \u00a0 \u00a0 \u00a0 \u00a0 \u00a0 \u00a0 \u00a0 \u00a0 \u00a0 \u00a0 \u00a0 \u00a0 \u00a0 \u00a0 \u00a0 \u00a0 \u00a0 \u00a0 \u00a0 [&hellip;]<\/p>\n","protected":false},"author":2,"featured_media":0,"comment_status":"open","ping_status":"open","sticky":false,"template":"","format":"standard","meta":{"two_page_speed":[],"footnotes":""},"categories":[10],"tags":[],"class_list":["post-249","post","type-post","status-publish","format-standard","hentry","category-informacje"],"_links":{"self":[{"href":"https:\/\/sgp.geodezja.org.pl\/en\/wp-json\/wp\/v2\/posts\/249","targetHints":{"allow":["GET"]}}],"collection":[{"href":"https:\/\/sgp.geodezja.org.pl\/en\/wp-json\/wp\/v2\/posts"}],"about":[{"href":"https:\/\/sgp.geodezja.org.pl\/en\/wp-json\/wp\/v2\/types\/post"}],"author":[{"embeddable":true,"href":"https:\/\/sgp.geodezja.org.pl\/en\/wp-json\/wp\/v2\/users\/2"}],"replies":[{"embeddable":true,"href":"https:\/\/sgp.geodezja.org.pl\/en\/wp-json\/wp\/v2\/comments?post=249"}],"version-history":[{"count":3,"href":"https:\/\/sgp.geodezja.org.pl\/en\/wp-json\/wp\/v2\/posts\/249\/revisions"}],"predecessor-version":[{"id":3636,"href":"https:\/\/sgp.geodezja.org.pl\/en\/wp-json\/wp\/v2\/posts\/249\/revisions\/3636"}],"wp:attachment":[{"href":"https:\/\/sgp.geodezja.org.pl\/en\/wp-json\/wp\/v2\/media?parent=249"}],"wp:term":[{"taxonomy":"category","embeddable":true,"href":"https:\/\/sgp.geodezja.org.pl\/en\/wp-json\/wp\/v2\/categories?post=249"},{"taxonomy":"post_tag","embeddable":true,"href":"https:\/\/sgp.geodezja.org.pl\/en\/wp-json\/wp\/v2\/tags?post=249"}],"curies":[{"name":"wp","href":"https:\/\/api.w.org\/{rel}","templated":true}]}}