{"id":289,"date":"2014-01-15T14:21:46","date_gmt":"2014-01-15T13:21:46","guid":{"rendered":"https:\/\/2.budowaniestron.pl\/zapowiedz-szkolenia-dotyczacego-ewidencji-gruntow-i-budynkow\/"},"modified":"2021-11-29T08:50:52","modified_gmt":"2021-11-29T07:50:52","slug":"zapowiedz-szkolenia-dotyczacego-ewidencji-gruntow-i-budynkow","status":"publish","type":"post","link":"https:\/\/sgp.geodezja.org.pl\/en\/zapowiedz-szkolenia-dotyczacego-ewidencji-gruntow-i-budynkow\/","title":{"rendered":"Drugie szkolenie dotycz\u0105ce ewidencji grunt\u00f3w i budynk\u00f3w"},"content":{"rendered":"<p>Zarz\u0105d Oddzia\u0142u SGP w Warszawie<\/p>\n<p>Komisja Szkolenia Ustawicznego<\/p>\n<p>\u00a0<\/p>\n<p>zaprasza na\u00a0<span><span>szkolenie<\/span><\/span>\u00a0na temat:<\/p>\n<p>\u00a0<\/p>\n<p><span><span><strong>\u201eWybrane zagadnienia dotycz\u0105ce ewidencji grunt\u00f3w i budynk\u00f3w\u00a0<\/strong><\/span><\/span><strong>w \u015bwietle nowych przepis\u00f3w wykonawczych\u00a0<\/strong><span><strong>do Prawa geodezyjnego i kartograficznego<\/strong>\u201d<\/span><\/p>\n<p>\u00a0<\/p>\n<p>Wyk\u0142ady poprowadzi Stanis\u0142aw Zaremba.<\/p>\n<p>\u00a0<\/p>\n<p>Szkolenie odb\u0119dzie si\u0119\u00a0<span><span><strong>27 stycznia 2014 r., w godzinach 10:00 \u2013 15:00,<\/strong><\/span><\/span><\/p>\n<p>w sali konferencyjnej Warszawskiego Przedsi\u0119biorstwa Geodezyjnego S.A.,\u00a0<\/p>\n<p><span>przy ulicy Nowy \u015awiat 2\u00a0<\/span><strong><span><span>w Warszawie<\/span><\/span><\/strong><span>.<\/span><\/p>\n<p>\u00a0<\/p>\n<p>Zg\u0142oszenia na szkolenie przyjmuje, do dnia 23 stycznia 2014 r.\u00a0<span>(decyduje kolejno\u015b\u0107 zg\u0142osze\u0144)<\/span><\/p>\n<p>Zarz\u0105d Oddzia\u0142u SGP w Warszawie,\u00a0<span>adres: 00-043 Warszawa, ul. Czackiego 3\/5, tel. 22 828 27 13, \u00a0fax 22 826 87 51.<\/span><\/p>\n<p><span>\u00a0<\/span><\/p>\n<p><a href=\"https:\/\/sgp.geodezja.org.pl\/en\/warszawa\/\"><span>Wi\u0119cej informacji na stronie Oddzia\u0142u &gt;&gt;&gt;<\/span><\/a><\/p>\n<p><span>\u00a0<\/span><\/p>\n<p><span>R\u0141<\/span><\/p>","protected":false},"excerpt":{"rendered":"<p>Zarz\u0105d Oddzia\u0142u SGP w Warszawie Komisja Szkolenia Ustawicznego \u00a0 zaprasza na\u00a0szkolenie\u00a0na temat: \u00a0 \u201eWybrane zagadnienia dotycz\u0105ce ewidencji grunt\u00f3w i budynk\u00f3w\u00a0w \u015bwietle nowych przepis\u00f3w wykonawczych\u00a0do Prawa geodezyjnego i kartograficznego\u201d \u00a0 Wyk\u0142ady poprowadzi Stanis\u0142aw Zaremba. \u00a0 Szkolenie odb\u0119dzie si\u0119\u00a027 stycznia 2014 r., w godzinach 10:00 \u2013 15:00, w sali konferencyjnej Warszawskiego Przedsi\u0119biorstwa Geodezyjnego S.A.,\u00a0 przy ulicy Nowy [&hellip;]<\/p>\n","protected":false},"author":2,"featured_media":0,"comment_status":"open","ping_status":"open","sticky":false,"template":"","format":"standard","meta":{"two_page_speed":[],"footnotes":""},"categories":[10],"tags":[],"class_list":["post-289","post","type-post","status-publish","format-standard","hentry","category-informacje"],"_links":{"self":[{"href":"https:\/\/sgp.geodezja.org.pl\/en\/wp-json\/wp\/v2\/posts\/289","targetHints":{"allow":["GET"]}}],"collection":[{"href":"https:\/\/sgp.geodezja.org.pl\/en\/wp-json\/wp\/v2\/posts"}],"about":[{"href":"https:\/\/sgp.geodezja.org.pl\/en\/wp-json\/wp\/v2\/types\/post"}],"author":[{"embeddable":true,"href":"https:\/\/sgp.geodezja.org.pl\/en\/wp-json\/wp\/v2\/users\/2"}],"replies":[{"embeddable":true,"href":"https:\/\/sgp.geodezja.org.pl\/en\/wp-json\/wp\/v2\/comments?post=289"}],"version-history":[{"count":1,"href":"https:\/\/sgp.geodezja.org.pl\/en\/wp-json\/wp\/v2\/posts\/289\/revisions"}],"predecessor-version":[{"id":2731,"href":"https:\/\/sgp.geodezja.org.pl\/en\/wp-json\/wp\/v2\/posts\/289\/revisions\/2731"}],"wp:attachment":[{"href":"https:\/\/sgp.geodezja.org.pl\/en\/wp-json\/wp\/v2\/media?parent=289"}],"wp:term":[{"taxonomy":"category","embeddable":true,"href":"https:\/\/sgp.geodezja.org.pl\/en\/wp-json\/wp\/v2\/categories?post=289"},{"taxonomy":"post_tag","embeddable":true,"href":"https:\/\/sgp.geodezja.org.pl\/en\/wp-json\/wp\/v2\/tags?post=289"}],"curies":[{"name":"wp","href":"https:\/\/api.w.org\/{rel}","templated":true}]}}