{"id":290,"date":"2014-01-17T13:33:55","date_gmt":"2014-01-17T12:33:55","guid":{"rendered":"https:\/\/2.budowaniestron.pl\/terminarz-zebran-sprawozdawczych-w-kolach-w-oddziale-w-bialymstoku-2014\/"},"modified":"2022-02-07T17:25:42","modified_gmt":"2022-02-07T16:25:42","slug":"terminarz-zebran-sprawozdawczych-w-kolach-w-oddziale-w-bialymstoku-2014","status":"publish","type":"post","link":"https:\/\/sgp.geodezja.org.pl\/en\/terminarz-zebran-sprawozdawczych-w-kolach-w-oddziale-w-bialymstoku-2014\/","title":{"rendered":"Terminarz zebra\u0144 sprawozdawczych w Ko\u0142ach w Oddziale w Bia\u0142ymstoku 2014"},"content":{"rendered":"<p>Na <a title=\"link do strony Oddzia\u0142u w Bia\u0142ymstoku\" href=\"https:\/\/sgp.geodezja.org.pl\/en\/bialystok\/zawartosc\/strony\/terminarz.html\/\">stronie oddzia\u0142owe<\/a>j opublikowano terminarz zebra\u0144 sprawozdawczych w Ko\u0142ach w Oddziale w Bia\u0142ymstoku.<\/p>\n<p>Prosz\u0119 Prezes\u00f3w i cz\u0142onk\u00f3w Zarz\u0105d\u00f3w K\u00f3\u0142 o zg\u0142aszanie informacji o og\u0142oszonych terminach zebra\u0144 w Ko\u0142ach w celu publikacji na stronie Oddzia\u0142u.<\/p>\n<p>Dariusz Wilczewski<\/p>","protected":false},"excerpt":{"rendered":"<p>Na stronie oddzia\u0142owej opublikowano terminarz zebra\u0144 sprawozdawczych w Ko\u0142ach w Oddziale w Bia\u0142ymstoku. Prosz\u0119 Prezes\u00f3w i cz\u0142onk\u00f3w Zarz\u0105d\u00f3w K\u00f3\u0142 o zg\u0142aszanie informacji o og\u0142oszonych terminach zebra\u0144 w Ko\u0142ach w celu publikacji na stronie Oddzia\u0142u. Dariusz Wilczewski<\/p>","protected":false},"author":2,"featured_media":0,"comment_status":"open","ping_status":"open","sticky":false,"template":"","format":"standard","meta":{"two_page_speed":[],"footnotes":""},"categories":[10],"tags":[],"class_list":["post-290","post","type-post","status-publish","format-standard","hentry","category-informacje"],"_links":{"self":[{"href":"https:\/\/sgp.geodezja.org.pl\/en\/wp-json\/wp\/v2\/posts\/290","targetHints":{"allow":["GET"]}}],"collection":[{"href":"https:\/\/sgp.geodezja.org.pl\/en\/wp-json\/wp\/v2\/posts"}],"about":[{"href":"https:\/\/sgp.geodezja.org.pl\/en\/wp-json\/wp\/v2\/types\/post"}],"author":[{"embeddable":true,"href":"https:\/\/sgp.geodezja.org.pl\/en\/wp-json\/wp\/v2\/users\/2"}],"replies":[{"embeddable":true,"href":"https:\/\/sgp.geodezja.org.pl\/en\/wp-json\/wp\/v2\/comments?post=290"}],"version-history":[{"count":2,"href":"https:\/\/sgp.geodezja.org.pl\/en\/wp-json\/wp\/v2\/posts\/290\/revisions"}],"predecessor-version":[{"id":3625,"href":"https:\/\/sgp.geodezja.org.pl\/en\/wp-json\/wp\/v2\/posts\/290\/revisions\/3625"}],"wp:attachment":[{"href":"https:\/\/sgp.geodezja.org.pl\/en\/wp-json\/wp\/v2\/media?parent=290"}],"wp:term":[{"taxonomy":"category","embeddable":true,"href":"https:\/\/sgp.geodezja.org.pl\/en\/wp-json\/wp\/v2\/categories?post=290"},{"taxonomy":"post_tag","embeddable":true,"href":"https:\/\/sgp.geodezja.org.pl\/en\/wp-json\/wp\/v2\/tags?post=290"}],"curies":[{"name":"wp","href":"https:\/\/api.w.org\/{rel}","templated":true}]}}