{"id":292,"date":"2014-01-26T21:00:48","date_gmt":"2014-01-26T20:00:48","guid":{"rendered":"https:\/\/2.budowaniestron.pl\/spotkanie-w-sprawie-samorzadu-zawodowego\/"},"modified":"2022-02-07T17:25:37","modified_gmt":"2022-02-07T16:25:37","slug":"spotkanie-w-sprawie-samorzadu-zawodowego","status":"publish","type":"post","link":"https:\/\/sgp.geodezja.org.pl\/en\/spotkanie-w-sprawie-samorzadu-zawodowego\/","title":{"rendered":"Spotkanie w sprawie samorz\u0105du zawodowego"},"content":{"rendered":"<p class=\"NormalnyWeb6\" style=\"text-align: justify;\">W dniu 21 stycznia br. w G\u0142\u00f3wnym Urz\u0119dzie Geodezji i Kartografii, odby\u0142o si\u0119 spotkanie przedstawicieli stowarzysze\u0144 dzia\u0142aj\u0105cych w dziedzinie geodezji i kartografii. Na zaproszenie G\u0142\u00f3wnego Geodety Kraju Pana Prezesa Kazimierza Bujakowskiego w spotkaniu uczestniczy\u0142 Kol. Stanis\u0142aw Cegielski Prezes SGP. Ponadto w spotkaniu uczestniczyli Pan Grzegorz Kurzeja reprezentuj\u0105cy Stowarzyszenie Kartograf\u00f3w Polskich, Pan Waldemar Klocek z Polskiej Geodezji Komercyjnej, Panowie Rafa\u0142 Pi\u0119tka i Roman Kasprzak z Geodezyjnej Izby Gospodarczej i Panowie Leszek Piskorz i Rados\u0142aw Smyk z Polskiego Towarzystwa Geodezyjnego, kt\u00f3rzy podkre\u015blili, \u017ce utworzenie samorz\u0105du jest jednym z podstawowych zada\u0144 Towarzystwa.<\/p>\n<p class=\"NormalnyWeb6\">G\u0142\u00f3wny Geodeta Kraju poinformowa\u0142 zebranych, \u017ce w sprawie samorz\u0105du wyst\u0105pi\u0142 do Ministra Administracji i Cyfryzacji, kt\u00f3ry w odpowiedzi zaznaczy\u0142, \u017ce podejmowane dzia\u0142ania nie mog\u0105 prowadzi\u0107 do ograniczenia dost\u0119pu do zawod\u00f3w geodety i kartografa.<\/p>\n<p class=\"NormalnyWeb6\" style=\"text-align: justify;\">Pan Adolf Jankowski z Zespo\u0142u Doradc\u00f3w GGK przybli\u017cy\u0142 uczestnikom spotkania zasady funkcjonowania istniej\u0105cych w naszym kraju samorz\u0105d\u00f3w.<\/p>\n<p class=\"NormalnyWeb6\" style=\"text-align: justify;\">Organizacje bior\u0105ce udzia\u0142 w spotkaniu ustalili, \u017ce pracami Zespo\u0142u roboczego do spraw opracowania koncepcji samorz\u0105du zawodowego geodet\u00f3w i kartograf\u00f3w b\u0119dzie kierowa\u0142 Roman Kasprzak (GIG) i ustalono, \u017ce do dnia 3 lutego organizacje zg\u0142osz\u0105 po 2 osoby, a pierwsze posiedzenie Zespo\u0142u odb\u0119dzie si\u0119 11 lutego br.<\/p>\n<p class=\"NormalnyWeb6\" style=\"text-align: justify;\">Zesp\u00f3\u0142 b\u0119dzie pracowa\u0142 mi\u0119dzy innymi nad:<\/p>\n<p class=\"NormalnyWeb6\" style=\"padding-left: 30px;\">&#8211; prawami i obowi\u0105zkami cz\u0142onk\u00f3w samorz\u0105du zawodowego,<\/p>\n<p class=\"NormalnyWeb6\" style=\"padding-left: 30px;\">&#8211; kompetencjami samorz\u0105du,<\/p>\n<p class=\"NormalnyWeb6\" style=\"padding-left: 30px;\">&#8211; okre\u015bleniem, kto powinien nale\u017ce\u0107 do samorz\u0105du,<\/p>\n<p class=\"NormalnyWeb6\" style=\"padding-left: 30px;\">&#8211; sprawami odpowiedzialno\u015bci dyscyplinarnej i zawodowej,<\/p>\n<p class=\"NormalnyWeb6\" style=\"padding-left: 30px;\">&#8211; struktur\u0105 samorz\u0105du zawodowego,<\/p>\n<p class=\"NormalnyWeb6\" style=\"padding-left: 30px;\">&#8211; etyk\u0105 zawodow\u0105,<\/p>\n<p style=\"text-align: justify;\">Temat utworzenia samorz\u0105du w naszym \u015brodowisku by\u0142 r\u00f3wnie\u017c omawiany na ostatnim Zje\u017adzie SGP, na kt\u00f3rym podj\u0119to uchwa\u0142\u0119 o w\u0142\u0105czeniu si\u0119 Stowarzyszenia w dyskusj\u0119 na temat potrzeby utworzenia samorz\u0105du zawodowego geodet\u00f3w, jego roli, zada\u0144 i\u00a0zasad funkcjonowania oraz praw i obowi\u0105zk\u00f3w jego cz\u0142onk\u00f3w.<\/p>\n<p>Stowarzyszenie powo\u0142uje Zespo\u0142y do realizacji uchwa\u0142 Zjazdowych w tym powo\u0142any zostanie Zesp\u00f3\u0142 ds. samorz\u0105du zawodowego.<\/p>\n<p style=\"text-align: right;\">VK<\/p>","protected":false},"excerpt":{"rendered":"<p>W dniu 21 stycznia br. w G\u0142\u00f3wnym Urz\u0119dzie Geodezji i Kartografii, odby\u0142o si\u0119 spotkanie przedstawicieli stowarzysze\u0144 dzia\u0142aj\u0105cych w dziedzinie geodezji i kartografii. Na zaproszenie G\u0142\u00f3wnego Geodety Kraju Pana Prezesa Kazimierza Bujakowskiego w spotkaniu uczestniczy\u0142 Kol. Stanis\u0142aw Cegielski Prezes SGP. Ponadto w spotkaniu uczestniczyli Pan Grzegorz Kurzeja reprezentuj\u0105cy Stowarzyszenie Kartograf\u00f3w Polskich, Pan Waldemar Klocek z Polskiej [&hellip;]<\/p>\n","protected":false},"author":2,"featured_media":0,"comment_status":"open","ping_status":"open","sticky":false,"template":"","format":"standard","meta":{"two_page_speed":[],"footnotes":""},"categories":[10],"tags":[],"class_list":["post-292","post","type-post","status-publish","format-standard","hentry","category-informacje"],"_links":{"self":[{"href":"https:\/\/sgp.geodezja.org.pl\/en\/wp-json\/wp\/v2\/posts\/292","targetHints":{"allow":["GET"]}}],"collection":[{"href":"https:\/\/sgp.geodezja.org.pl\/en\/wp-json\/wp\/v2\/posts"}],"about":[{"href":"https:\/\/sgp.geodezja.org.pl\/en\/wp-json\/wp\/v2\/types\/post"}],"author":[{"embeddable":true,"href":"https:\/\/sgp.geodezja.org.pl\/en\/wp-json\/wp\/v2\/users\/2"}],"replies":[{"embeddable":true,"href":"https:\/\/sgp.geodezja.org.pl\/en\/wp-json\/wp\/v2\/comments?post=292"}],"version-history":[{"count":1,"href":"https:\/\/sgp.geodezja.org.pl\/en\/wp-json\/wp\/v2\/posts\/292\/revisions"}],"predecessor-version":[{"id":3624,"href":"https:\/\/sgp.geodezja.org.pl\/en\/wp-json\/wp\/v2\/posts\/292\/revisions\/3624"}],"wp:attachment":[{"href":"https:\/\/sgp.geodezja.org.pl\/en\/wp-json\/wp\/v2\/media?parent=292"}],"wp:term":[{"taxonomy":"category","embeddable":true,"href":"https:\/\/sgp.geodezja.org.pl\/en\/wp-json\/wp\/v2\/categories?post=292"},{"taxonomy":"post_tag","embeddable":true,"href":"https:\/\/sgp.geodezja.org.pl\/en\/wp-json\/wp\/v2\/tags?post=292"}],"curies":[{"name":"wp","href":"https:\/\/api.w.org\/{rel}","templated":true}]}}