{"id":293,"date":"2014-01-27T11:37:19","date_gmt":"2014-01-27T10:37:19","guid":{"rendered":"https:\/\/2.budowaniestron.pl\/spotkanie-rady-programowej-iii-forum-na-temat-ksztalcenia\/"},"modified":"2022-02-07T17:25:30","modified_gmt":"2022-02-07T16:25:30","slug":"spotkanie-rady-programowej-iii-forum-na-temat-ksztalcenia","status":"publish","type":"post","link":"https:\/\/sgp.geodezja.org.pl\/en\/spotkanie-rady-programowej-iii-forum-na-temat-ksztalcenia\/","title":{"rendered":"Spotkanie Rady Programowej III Forum na temat kszta\u0142cenia"},"content":{"rendered":"<p style=\"text-align: justify;\">21 stycznia 2014 r. Prezes Stanis\u0142aw Cegielski uczestniczy\u0142 w spotkaniu Rady Programowej III Forum nt. \u201eNowe wyzwania w kszta\u0142ceniu i doskonaleniu zawodowym geodet\u00f3w i kartograf\u00f3w\u201d. Spotkanie odby\u0142o si\u0119 w GUGiK.\u00a0 Spotkaniu przewodniczy\u0142a Dziekan Wydzia\u0142u Geodezji i Kartografii PW Pani prof. Alina Maciejewska &#8211; Przewodnicz\u0105ca Konwentu Dziekan\u00f3w Wydzia\u0142\u00f3w Geodezji i Kartografii. Ponadto w spotkaniu uczestniczyli dr Kazimierz Bujakowski G\u0142\u00f3wny Geodeta Kraju, prof. Ireneusz Winnicki Dziekan Wydzia\u0142u In\u017cynierii L\u0105dowej i Geodezji WAT, Przewodnicz\u0105cy Rady Programowej, prof. Bogdan Ney Przewodnicz\u0105cy Pa\u0144stwowej Rady Geodezyjnej i Kartograficznej, prof. Jerzy Ga\u017adzicki Przewodnicz\u0105cy Rady Infrastruktury Informacji Przestrzennej, dr hab. Marek Baranowski Dyrektor Instytutu Geodezji i Kartografii oraz prezesi Waldemar Klocek Polska Geodezja Komercyjna i Rafa\u0142 Pi\u0119tka z Geodezyjnej Izby Gospodarczej.<\/p>\n<p>W czasie dyskusji om\u00f3wiono obszary programowe III Forum i ustalono prelegent\u00f3w dla poszczeg\u00f3lnych zagadnie\u0144.<\/p>\n<p>Omawiane b\u0119d\u0105 w szczeg\u00f3lno\u015bci nast\u0119puj\u0105ce zagadnienia:<\/p>\n<p>&#8211;\u00a0\u00a0\u00a0\u00a0\u00a0\u00a0\u00a0 Analiza program\u00f3w kszta\u0142cenia z punktu widzenia wymaga\u0144 Polskiej Komisji Akredytacyjnej i obowi\u0105zuj\u0105cych KRK.<\/p>\n<p>&#8211;\u00a0\u00a0\u00a0\u00a0\u00a0\u00a0\u00a0 Analiza mo\u017cliwo\u015bci odbywania praktyk i sta\u017cy zawodowych i ich znaczenie w kszta\u0142ceniu geodet\u00f3w i kartograf\u00f3w<\/p>\n<p>&#8211;\u00a0\u00a0\u00a0\u00a0\u00a0\u00a0\u00a0 Absolwenci rynek pracy, pracodawcy.<\/p>\n<p>&#8211;\u00a0\u00a0\u00a0\u00a0\u00a0\u00a0\u00a0 Nowe obszary zawodowe dla geodezji i kartografii.<\/p>\n<p>&#8211;\u00a0\u00a0\u00a0\u00a0\u00a0\u00a0\u00a0 Kszta\u0142cenie podyplomowe, kursy, warsztaty jako element ustawicznego kszta\u0142cenia zawodowego.<\/p>\n<p>&#8211;\u00a0\u00a0\u00a0\u00a0\u00a0\u00a0\u00a0 Pozyskiwanie \u015brodk\u00f3w i finansowanie obszar\u00f3w rozwojowych w geodezji i kartografii w latach 2014-2020.<\/p>\n<p>Om\u00f3wione zosta\u0142y r\u00f3wnie\u017c sprawy organizacyjne w tym projekt komunikatu.<\/p>\n<p style=\"text-align: right;\">VK<\/p>","protected":false},"excerpt":{"rendered":"<p>21 stycznia 2014 r. Prezes Stanis\u0142aw Cegielski uczestniczy\u0142 w spotkaniu Rady Programowej III Forum nt. \u201eNowe wyzwania w kszta\u0142ceniu i doskonaleniu zawodowym geodet\u00f3w i kartograf\u00f3w\u201d. Spotkanie odby\u0142o si\u0119 w GUGiK.\u00a0 Spotkaniu przewodniczy\u0142a Dziekan Wydzia\u0142u Geodezji i Kartografii PW Pani prof. Alina Maciejewska &#8211; Przewodnicz\u0105ca Konwentu Dziekan\u00f3w Wydzia\u0142\u00f3w Geodezji i Kartografii. Ponadto w spotkaniu uczestniczyli dr [&hellip;]<\/p>\n","protected":false},"author":2,"featured_media":0,"comment_status":"open","ping_status":"open","sticky":false,"template":"","format":"standard","meta":{"two_page_speed":[],"footnotes":""},"categories":[10],"tags":[],"class_list":["post-293","post","type-post","status-publish","format-standard","hentry","category-informacje"],"_links":{"self":[{"href":"https:\/\/sgp.geodezja.org.pl\/en\/wp-json\/wp\/v2\/posts\/293","targetHints":{"allow":["GET"]}}],"collection":[{"href":"https:\/\/sgp.geodezja.org.pl\/en\/wp-json\/wp\/v2\/posts"}],"about":[{"href":"https:\/\/sgp.geodezja.org.pl\/en\/wp-json\/wp\/v2\/types\/post"}],"author":[{"embeddable":true,"href":"https:\/\/sgp.geodezja.org.pl\/en\/wp-json\/wp\/v2\/users\/2"}],"replies":[{"embeddable":true,"href":"https:\/\/sgp.geodezja.org.pl\/en\/wp-json\/wp\/v2\/comments?post=293"}],"version-history":[{"count":1,"href":"https:\/\/sgp.geodezja.org.pl\/en\/wp-json\/wp\/v2\/posts\/293\/revisions"}],"predecessor-version":[{"id":3623,"href":"https:\/\/sgp.geodezja.org.pl\/en\/wp-json\/wp\/v2\/posts\/293\/revisions\/3623"}],"wp:attachment":[{"href":"https:\/\/sgp.geodezja.org.pl\/en\/wp-json\/wp\/v2\/media?parent=293"}],"wp:term":[{"taxonomy":"category","embeddable":true,"href":"https:\/\/sgp.geodezja.org.pl\/en\/wp-json\/wp\/v2\/categories?post=293"},{"taxonomy":"post_tag","embeddable":true,"href":"https:\/\/sgp.geodezja.org.pl\/en\/wp-json\/wp\/v2\/tags?post=293"}],"curies":[{"name":"wp","href":"https:\/\/api.w.org\/{rel}","templated":true}]}}