{"id":295,"date":"2014-01-30T11:15:49","date_gmt":"2014-01-30T10:15:49","guid":{"rendered":"https:\/\/2.budowaniestron.pl\/przedluzenie-terminu-zgloszen-na-konferencje-na-temat-wspolczesnych-uwarunkowan-gospodarowania-przestrzenia\/"},"modified":"2014-01-30T11:15:49","modified_gmt":"2014-01-30T10:15:49","slug":"przedluzenie-terminu-zgloszen-na-konferencje-na-temat-wspolczesnych-uwarunkowan-gospodarowania-przestrzenia","status":"publish","type":"post","link":"https:\/\/sgp.geodezja.org.pl\/en\/przedluzenie-terminu-zgloszen-na-konferencje-na-temat-wspolczesnych-uwarunkowan-gospodarowania-przestrzenia\/","title":{"rendered":"Przed\u0142u\u017cenie terminu zg\u0142osze\u0144 na konferencj\u0119 na temat wsp\u00f3\u0142czesnych uwarunkowa\u0144 gospodarowania przestrzeni\u0105"},"content":{"rendered":"<p><span>Mo\u017cliwo\u015b\u0107 nadsy\u0142ania zg\u0142osze\u0144 na Konferencj\u0119 Naukow\u0105 p.t. &#8222;Wsp\u00f3\u0142czesne uwarunkowania gospodarowania przestrzeni\u0105 &#8211; szanse i zagro\u017cenia dla zr\u00f3wnowa\u017conego rozwoju&#8221;, zosta\u0142a przed\u0142u\u017cona do dnia 28 lutego 2014 r.<\/span><\/p>\n<p>  <!--more-->  <\/p>\n<p><img loading=\"lazy\" decoding=\"async\" class=\"size-full wp-image-246\" src=\"https:\/\/sgp.geodezja.org.pl\/wp-content\/uploads\/2013\/11\/359.jpg\" alt=\"\" width=\"1028\" height=\"198\" srcset=\"https:\/\/sgp.geodezja.org.pl\/wp-content\/uploads\/2013\/11\/359.jpg 1028w, https:\/\/sgp.geodezja.org.pl\/wp-content\/uploads\/2013\/11\/359-800x154.jpg 800w, https:\/\/sgp.geodezja.org.pl\/wp-content\/uploads\/2013\/11\/359-300x58.jpg 300w, https:\/\/sgp.geodezja.org.pl\/wp-content\/uploads\/2013\/11\/359-1024x197.jpg 1024w, https:\/\/sgp.geodezja.org.pl\/wp-content\/uploads\/2013\/11\/359-768x148.jpg 768w, https:\/\/sgp.geodezja.org.pl\/wp-content\/uploads\/2013\/11\/359-160x31.jpg 160w\" sizes=\"auto, (max-width: 1028px) 100vw, 1028px\" \/><\/p>\n<p>Konferencja odb\u0119dzie si\u0119 w dniach 24 &#8211; 25 czerwca b. r. w Gmachu G\u0142\u00f3wnym Politechniki Warszawskiej<\/p>\n<p><a href=\"https:\/\/sgp.geodezja.org.pl\/wp-content\/uploads\/2014\/01\/24-25_06_14.pdf\">KOMUNIKAT nr 2 zawieraj\u0105cy aktualne informacje &gt;&gt;&gt;<\/a><\/p>\n<p>R\u0141<\/p>","protected":false},"excerpt":{"rendered":"<p>Mo\u017cliwo\u015b\u0107 nadsy\u0142ania zg\u0142osze\u0144 na Konferencj\u0119 Naukow\u0105 p.t. &#8222;Wsp\u00f3\u0142czesne uwarunkowania gospodarowania przestrzeni\u0105 &#8211; szanse i zagro\u017cenia dla zr\u00f3wnowa\u017conego rozwoju&#8221;, zosta\u0142a przed\u0142u\u017cona do dnia 28 lutego 2014 r.<\/p>","protected":false},"author":2,"featured_media":246,"comment_status":"open","ping_status":"open","sticky":false,"template":"","format":"standard","meta":{"two_page_speed":[],"footnotes":""},"categories":[10],"tags":[],"class_list":["post-295","post","type-post","status-publish","format-standard","has-post-thumbnail","hentry","category-informacje"],"_links":{"self":[{"href":"https:\/\/sgp.geodezja.org.pl\/en\/wp-json\/wp\/v2\/posts\/295","targetHints":{"allow":["GET"]}}],"collection":[{"href":"https:\/\/sgp.geodezja.org.pl\/en\/wp-json\/wp\/v2\/posts"}],"about":[{"href":"https:\/\/sgp.geodezja.org.pl\/en\/wp-json\/wp\/v2\/types\/post"}],"author":[{"embeddable":true,"href":"https:\/\/sgp.geodezja.org.pl\/en\/wp-json\/wp\/v2\/users\/2"}],"replies":[{"embeddable":true,"href":"https:\/\/sgp.geodezja.org.pl\/en\/wp-json\/wp\/v2\/comments?post=295"}],"version-history":[{"count":0,"href":"https:\/\/sgp.geodezja.org.pl\/en\/wp-json\/wp\/v2\/posts\/295\/revisions"}],"wp:featuredmedia":[{"embeddable":true,"href":"https:\/\/sgp.geodezja.org.pl\/en\/wp-json\/wp\/v2\/media\/246"}],"wp:attachment":[{"href":"https:\/\/sgp.geodezja.org.pl\/en\/wp-json\/wp\/v2\/media?parent=295"}],"wp:term":[{"taxonomy":"category","embeddable":true,"href":"https:\/\/sgp.geodezja.org.pl\/en\/wp-json\/wp\/v2\/categories?post=295"},{"taxonomy":"post_tag","embeddable":true,"href":"https:\/\/sgp.geodezja.org.pl\/en\/wp-json\/wp\/v2\/tags?post=295"}],"curies":[{"name":"wp","href":"https:\/\/api.w.org\/{rel}","templated":true}]}}