{"id":306,"date":"2014-02-17T18:09:51","date_gmt":"2014-02-17T17:09:51","guid":{"rendered":"https:\/\/2.budowaniestron.pl\/xxxix-rajd-geodetow\/"},"modified":"2021-11-29T08:50:52","modified_gmt":"2021-11-29T07:50:52","slug":"xxxix-rajd-geodetow","status":"publish","type":"post","link":"https:\/\/sgp.geodezja.org.pl\/en\/xxxix-rajd-geodetow\/","title":{"rendered":"XXXIX Rajd Geodet\u00f3w"},"content":{"rendered":"<p><span>Zarz\u0105d Oddzia\u0142u w Warszawie organizuje XXXIX Rajd Geodet\u00f3w. kt\u00f3ry odb\u0119dzie si\u0119 w dniach 6-8 czerwca w Wildze, pod honorowym patronatem G\u0142\u00f3wnego Geodety Kraju.<\/span><\/p>\n<p>  <!--more-->  <\/p>\n<p>\u00a0<\/p>\n<p><a href=\"https:\/\/sgp.geodezja.org.pl\/wp-content\/uploads\/2014\/02\/20140606.pdf\"><span>Wi\u0119cej informacji &gt;&gt;&gt;<\/span><\/a><\/p>\n<p><a href=\"http:\/\/www.sgp.geodezja.org.pl\/warszawa\/index.php?option=com_content&amp;view=category&amp;layout=blog&amp;id=17&amp;Itemid=18\"><span>Relacja z XXXVIII Rajdu Geodet\u00f3w &gt;&gt;&gt;<\/span><\/a><\/p>\n<p><a href=\"\/en\/galeria\/category\/1-xxxviii-rajd-geodetow-w-broku-nad-bugiem-zdjecia-jaroslaw-zembrzuski-rl\/\"><span>Galeria XXXVIII Rajdu Geodet\u00f3w &gt;&gt;&gt;<\/span><\/a><\/p>\n<p><span>\u00a0<\/span><\/p>\n<p><span>R\u0141<\/span><\/p>","protected":false},"excerpt":{"rendered":"<p>Zarz\u0105d Oddzia\u0142u w Warszawie organizuje XXXIX Rajd Geodet\u00f3w. kt\u00f3ry odb\u0119dzie si\u0119 w dniach 6-8 czerwca w Wildze, pod honorowym patronatem G\u0142\u00f3wnego Geodety Kraju.<\/p>","protected":false},"author":2,"featured_media":0,"comment_status":"open","ping_status":"open","sticky":false,"template":"","format":"standard","meta":{"two_page_speed":[],"footnotes":""},"categories":[10],"tags":[],"class_list":["post-306","post","type-post","status-publish","format-standard","hentry","category-informacje"],"_links":{"self":[{"href":"https:\/\/sgp.geodezja.org.pl\/en\/wp-json\/wp\/v2\/posts\/306","targetHints":{"allow":["GET"]}}],"collection":[{"href":"https:\/\/sgp.geodezja.org.pl\/en\/wp-json\/wp\/v2\/posts"}],"about":[{"href":"https:\/\/sgp.geodezja.org.pl\/en\/wp-json\/wp\/v2\/types\/post"}],"author":[{"embeddable":true,"href":"https:\/\/sgp.geodezja.org.pl\/en\/wp-json\/wp\/v2\/users\/2"}],"replies":[{"embeddable":true,"href":"https:\/\/sgp.geodezja.org.pl\/en\/wp-json\/wp\/v2\/comments?post=306"}],"version-history":[{"count":1,"href":"https:\/\/sgp.geodezja.org.pl\/en\/wp-json\/wp\/v2\/posts\/306\/revisions"}],"predecessor-version":[{"id":2727,"href":"https:\/\/sgp.geodezja.org.pl\/en\/wp-json\/wp\/v2\/posts\/306\/revisions\/2727"}],"wp:attachment":[{"href":"https:\/\/sgp.geodezja.org.pl\/en\/wp-json\/wp\/v2\/media?parent=306"}],"wp:term":[{"taxonomy":"category","embeddable":true,"href":"https:\/\/sgp.geodezja.org.pl\/en\/wp-json\/wp\/v2\/categories?post=306"},{"taxonomy":"post_tag","embeddable":true,"href":"https:\/\/sgp.geodezja.org.pl\/en\/wp-json\/wp\/v2\/tags?post=306"}],"curies":[{"name":"wp","href":"https:\/\/api.w.org\/{rel}","templated":true}]}}