{"id":310,"date":"2014-02-19T08:55:39","date_gmt":"2014-02-19T07:55:39","guid":{"rendered":"https:\/\/2.budowaniestron.pl\/komunikat-1-szgik\/"},"modified":"2014-02-19T08:55:39","modified_gmt":"2014-02-19T07:55:39","slug":"komunikat-1-szgik","status":"publish","type":"post","link":"https:\/\/sgp.geodezja.org.pl\/en\/komunikat-1-szgik\/","title":{"rendered":"Komunikat nr 1 Zespo\u0142u ds. powo\u0142ania Samorz\u0105du"},"content":{"rendered":"<p>W dniu 21 stycznia 2014, z inicjatywy i z udzia\u0142em G\u0142\u00f3wnego Geodety Kraju dr in\u017c. Kazimierza Bujakowskiego, w G\u0142\u00f3wnym Urz\u0119dzie Geodezji i Kartografii w Warszawie, odby\u0142o si\u0119 spotkanie przedstawicieli pi\u0119ciu organizacji zawodowych w sprawie samorz\u0105du zawodowego geodet\u00f3w i kartograf\u00f3w.<\/p>\n<p>  <!--more-->  <\/p>\n<p style=\"text-align: center;\">Zesp\u00f3\u0142 roboczy ds. opracowania koncepcji<br \/>samorz\u0105du zawodowego geodet\u00f3w i kartograf\u00f3w<br \/>************************************<br \/>&#8212;&#8212;&#8212;&#8212;&#8212;&#8212;&#8212;&#8212;&#8212;&#8212;&#8212;&#8212;&#8212;&#8212;&#8212;&#8212;&#8212;&#8212;&#8212;&#8212;&#8212;&#8212;&#8212;&#8212;&#8212;&#8212;&#8212;&#8212;&#8212;&#8212;&#8212;&#8212;&#8212;&#8212;&#8212;&#8212;&#8212;&#8212;&#8212;&#8212;&#8212;&#8212;&#8212;&#8211;<\/p>\n<p style=\"text-align: right;\">Warszawa, dn. 18.02.2014<\/p>\n<p style=\"text-align: center;\">Komunikat nr 1<\/p>\n<p style=\"text-align: left;\">W dniu 21 stycznia 2014, z inicjatywy i z udzia\u0142em G\u0142\u00f3wnego Geodety Kraju dr in\u017c. Kazimierza Bujakowskiego, w G\u0142\u00f3wnym Urz\u0119dzie Geodezji i Kartografii w Warszawie, odby\u0142o si\u0119 spotkanie przedstawicieli pi\u0119ciu organizacji zawodowych w sprawie samorz\u0105du zawodowego geodet\u00f3w i kartograf\u00f3w. W spotkaniu wzi\u0119li udzia\u0142 przedstawiciele nast\u0119puj\u0105cych organizacji:<\/p>\n<ul>\n<li>Geodezyjna Izba Gospodarcza reprezentowana przez Prezesa Rafa\u0142a Pi\u0119tk\u0119,<\/li>\n<li>Polska Geodezja Komercyjna reprezentowana przez Prezesa Waldemara Klocka,<\/li>\n<li>Polskie Towarzystwo Geodezyjne reprezentowane przez Skarbnika Leszka Piszczka,<\/li>\n<li>Stowarzyszenie Geodet\u00f3w Polskich reprezentowane przez Prezesa Stanis\u0142awa Cegielskiego,<\/li>\n<li>Stowarzyszenie Kartograf\u00f3w Polskich reprezentowane przez Wiceprezesa Grzegorza Kurzej\u0119.<\/li>\n<\/ul>\n<p style=\"text-align: left;\">Zgromadzeni postanowili powo\u0142a\u0107 zesp\u00f3\u0142 roboczy do spraw opracowania koncepcji samorz\u0105du zawodowego geodet\u00f3w i kartograf\u00f3w. Uzgodniono, \u017ce do sk\u0142adu Zespo\u0142u, ka\u017cda z pi\u0119ciu organizacji wydeleguje po dw\u00f3ch przedstawicieli.<br \/>Prace Zespo\u0142u wspomaga\u0107 b\u0119dzie merytorycznie i logistycznie Radca G\u0142\u00f3wnego Geodety Kraju &#8211; Adolf Jankowski.<br \/>Zebrani ustalili, \u017ce pracami Zespo\u0142u kierowa\u0107 b\u0119dzie cz\u0142onek Geodezyjnej Izby Gospodarczej Roman Kasprzak<\/p>\n<p style=\"text-align: center;\">******<\/p>\n<p style=\"text-align: left;\">W dniu 11 lutego 2014 odby\u0142o si\u0119 inauguracyjne posiedzenie Zespo\u0142u.<br \/>W cz\u0119\u015bci oficjalnej posiedzenia uczestniczy\u0142 G\u0142\u00f3wny Geodeta Kraju dr in\u017c. Kazimierz Bujakowski oraz Prezesi w\/w organizacji, lub ich przedstawiciele, kt\u00f3rzy, m.in. przedstawili swoich delegat\u00f3w do prac w Zespole. W sk\u0142ad Zespo\u0142u weszli:<\/p>\n<ul>\n<li>\u00a0Joanna Bac-Bronowicz &#8211; Stowarzyszenie Kartograf\u00f3w Polskich,<\/li>\n<li>\u00a0Tomasz Bia\u0142o\u017cyt &#8211; Polska Geodezja Komercyjna,<\/li>\n<li>\u00a0Agnieszka Buczek \u2013 Polska Geodezja Komercyjna,<\/li>\n<li>\u00a0Roman Kasprzak &#8211; Geodezyjna Izba Gospodarcza.<\/li>\n<li>\u00a0Grzegorz Kurzeja &#8211; Stowarzyszenie Kartograf\u00f3w Polskich,<\/li>\n<li>\u00a0Leszek Piszczek &#8211; Polskie Towarzystwo Geodezyjne,<\/li>\n<li>\u00a0Krzysztof Rogala &#8211; Geodezyjna Izba Gospodarcza,<\/li>\n<li>\u00a0Rados\u0142aw Smyk &#8211; Polskie Towarzystwo Geodezyjne,<\/li>\n<li>\u00a0Janusz Walo &#8211; Stowarzyszenie Geodet\u00f3w Polskich,<\/li>\n<li>\u00a0Tadeusz Wilczewski &#8211; Stowarzyszenie Geodet\u00f3w Polskich.<\/li>\n<\/ul>\n<p style=\"text-align: left;\">W cz\u0119\u015bci roboczej posiedzenia:<br \/>Adolf Jankowski przedstawi\u0142 prezentacj\u0119 prawnych aspekt\u00f3w powo\u0142ywania samorz\u0105d\u00f3w zawodowych w Polsce. Przedstawione problemy stan\u0105 si\u0119 zapewne kanw\u0105 dyskusji o samorz\u0105dzie geodet\u00f3w i kartograf\u00f3w w\u015br\u00f3d cz\u0142onk\u00f3w Zespo\u0142u.<\/p>\n<p>Nast\u0119pnie Zesp\u00f3\u0142 zaj\u0105\u0142 si\u0119 g\u0142\u00f3wnie sprawami organizacyjnymi:<\/p>\n<ul>\n<li>\u00a0wybrano Sekretarza Zespo\u0142u, kt\u00f3rym zosta\u0142 Grzegorz Kurzeja,<\/li>\n<li>\u00a0om\u00f3wiono i przyj\u0119to Regulamin dzia\u0142ania Zespo\u0142u,<\/li>\n<li>\u00a0om\u00f3wiono i ustalono sposoby komunikowania si\u0119 cz\u0142onk\u00f3w Zespo\u0142u,<\/li>\n<li>\u00a0om\u00f3wiono i uzgodniono cz\u0119stotliwo\u015b\u0107 spotka\u0144 Zespo\u0142u w okresie do czerwca bie\u017c\u0105cego roku.<\/li>\n<\/ul>\n<p style=\"text-align: left;\">Zesp\u00f3\u0142 b\u0119dzie kontynuowa\u0142 prac\u0119 do czasu sformu\u0142owania sp\u00f3jnej i zaakceptowanej przez<br \/>spo\u0142eczno\u015bci zawodowe koncepcji: cel\u00f3w, sposobu powo\u0142ania, uprawnie\u0144, organizacji i zasad<br \/>funkcjonowania samorz\u0105du zawodowego geodet\u00f3w i kartograf\u00f3w.<\/p>\n<p style=\"text-align: right;\">Roman Kasprzak<br \/>Przewodnicz\u0105cy Zespo\u0142u<\/p>\n<p style=\"text-align: left;\">\u00a0<\/p>\n<p>Do pobrania: <a href=\"https:\/\/sgp.geodezja.org.pl\/wp-content\/uploads\/2014\/02\/Komunikat_nr_1_v_2.pdf\">Komunikat nr 1 Zespo\u0142u<\/a><\/p>\n<p>\u00a0<\/p>\n<p>\u00a0D.W.<\/p>","protected":false},"excerpt":{"rendered":"<p>W dniu 21 stycznia 2014, z inicjatywy i z udzia\u0142em G\u0142\u00f3wnego Geodety Kraju dr in\u017c. Kazimierza Bujakowskiego, w G\u0142\u00f3wnym Urz\u0119dzie Geodezji i Kartografii w Warszawie, odby\u0142o si\u0119 spotkanie przedstawicieli pi\u0119ciu organizacji zawodowych w sprawie samorz\u0105du zawodowego geodet\u00f3w i kartograf\u00f3w.<\/p>","protected":false},"author":2,"featured_media":0,"comment_status":"open","ping_status":"open","sticky":false,"template":"","format":"standard","meta":{"two_page_speed":[],"footnotes":""},"categories":[10],"tags":[],"class_list":["post-310","post","type-post","status-publish","format-standard","hentry","category-informacje"],"_links":{"self":[{"href":"https:\/\/sgp.geodezja.org.pl\/en\/wp-json\/wp\/v2\/posts\/310","targetHints":{"allow":["GET"]}}],"collection":[{"href":"https:\/\/sgp.geodezja.org.pl\/en\/wp-json\/wp\/v2\/posts"}],"about":[{"href":"https:\/\/sgp.geodezja.org.pl\/en\/wp-json\/wp\/v2\/types\/post"}],"author":[{"embeddable":true,"href":"https:\/\/sgp.geodezja.org.pl\/en\/wp-json\/wp\/v2\/users\/2"}],"replies":[{"embeddable":true,"href":"https:\/\/sgp.geodezja.org.pl\/en\/wp-json\/wp\/v2\/comments?post=310"}],"version-history":[{"count":0,"href":"https:\/\/sgp.geodezja.org.pl\/en\/wp-json\/wp\/v2\/posts\/310\/revisions"}],"wp:attachment":[{"href":"https:\/\/sgp.geodezja.org.pl\/en\/wp-json\/wp\/v2\/media?parent=310"}],"wp:term":[{"taxonomy":"category","embeddable":true,"href":"https:\/\/sgp.geodezja.org.pl\/en\/wp-json\/wp\/v2\/categories?post=310"},{"taxonomy":"post_tag","embeddable":true,"href":"https:\/\/sgp.geodezja.org.pl\/en\/wp-json\/wp\/v2\/tags?post=310"}],"curies":[{"name":"wp","href":"https:\/\/api.w.org\/{rel}","templated":true}]}}