{"id":315,"date":"2014-02-24T14:38:13","date_gmt":"2014-02-24T13:38:13","guid":{"rendered":"https:\/\/2.budowaniestron.pl\/nowa-komisja-kwalifikacyjna-do-spraw-uprawnien-zawodowych-w-dziedzinie-geodezji-i-kartografii-powolana\/"},"modified":"2014-02-24T14:38:13","modified_gmt":"2014-02-24T13:38:13","slug":"nowa-komisja-kwalifikacyjna-do-spraw-uprawnien-zawodowych-w-dziedzinie-geodezji-i-kartografii-powolana","status":"publish","type":"post","link":"https:\/\/sgp.geodezja.org.pl\/en\/nowa-komisja-kwalifikacyjna-do-spraw-uprawnien-zawodowych-w-dziedzinie-geodezji-i-kartografii-powolana\/","title":{"rendered":"Nowa Komisja kwalifikacyjna do spraw uprawnie\u0144 zawodowych w dziedzinie geodezji i kartografii powo\u0142ana"},"content":{"rendered":"<p style=\"text-align: justify;\">G\u0142\u00f3wny Geodeta Kraju Pan Kazimierz Bujakowski Zarz\u0105dzeniem nr 4 z dnia 20 lutego 2014 r. powo\u0142a\u0142 Komisj\u0119 kwalifikacyjn\u0105 do spraw uprawnie\u0144 zawodowych w dziedzinie geodezji i kartografii. Na przewodnicz\u0105cego nowej Komisji wyznaczy\u0142 Kol. Stanis\u0142awa Cegielskiego Prezesa Stowarzyszenia Geodet\u00f3w Polskich.<\/p>\n<p>  <!--more-->  <\/p>\n<p style=\"text-align: justify;\">G\u0142\u00f3wny Geodeta Kraju Pan Kazimierz Bujakowski Zarz\u0105dzeniem nr 4 z dnia 20 lutego 2014 r. powo\u0142a\u0142 Komisj\u0119 kwalifikacyjn\u0105 do spraw uprawnie\u0144 zawodowych w dziedzinie geodezji i kartografii. Na przewodnicz\u0105cego nowej Komisji wyznaczy\u0142 Kol. Stanis\u0142awa Cegielskiego Prezesa Stowarzyszenia Geodet\u00f3w Polskich. W\u015br\u00f3d nowo powo\u0142anych cz\u0142onk\u00f3w Komisji znalaz\u0142o si\u0119 wiele Kole\u017canek i Koleg\u00f3w cz\u0142onk\u00f3w Stowarzyszenia Geodet\u00f3w Polskich.<\/p>\n<p style=\"text-align: justify;\"><a href=\"http:\/\/www.gugik.gov.pl\/__data\/assets\/pdf_file\/0006\/55599\/Zarzadzenie-Nr-4-GGK-z-2014-r.pdf\"><span style=\"color: #339966;\">Zarz\u0105dzenie Nr 4 G\u0142\u00f3wnego Geodety Kraju z dnia 20 lutego 2014 r. &gt;&gt;&gt;<\/span><\/a><\/p>\n<p style=\"text-align: right;\">VK<\/p>","protected":false},"excerpt":{"rendered":"<p>G\u0142\u00f3wny Geodeta Kraju Pan Kazimierz Bujakowski Zarz\u0105dzeniem nr 4 z dnia 20 lutego 2014 r. powo\u0142a\u0142 Komisj\u0119 kwalifikacyjn\u0105 do spraw uprawnie\u0144 zawodowych w dziedzinie geodezji i kartografii. Na przewodnicz\u0105cego nowej Komisji wyznaczy\u0142 Kol. Stanis\u0142awa Cegielskiego Prezesa Stowarzyszenia Geodet\u00f3w Polskich.<\/p>","protected":false},"author":2,"featured_media":0,"comment_status":"open","ping_status":"open","sticky":false,"template":"","format":"standard","meta":{"two_page_speed":[],"footnotes":""},"categories":[10],"tags":[],"class_list":["post-315","post","type-post","status-publish","format-standard","hentry","category-informacje"],"_links":{"self":[{"href":"https:\/\/sgp.geodezja.org.pl\/en\/wp-json\/wp\/v2\/posts\/315","targetHints":{"allow":["GET"]}}],"collection":[{"href":"https:\/\/sgp.geodezja.org.pl\/en\/wp-json\/wp\/v2\/posts"}],"about":[{"href":"https:\/\/sgp.geodezja.org.pl\/en\/wp-json\/wp\/v2\/types\/post"}],"author":[{"embeddable":true,"href":"https:\/\/sgp.geodezja.org.pl\/en\/wp-json\/wp\/v2\/users\/2"}],"replies":[{"embeddable":true,"href":"https:\/\/sgp.geodezja.org.pl\/en\/wp-json\/wp\/v2\/comments?post=315"}],"version-history":[{"count":0,"href":"https:\/\/sgp.geodezja.org.pl\/en\/wp-json\/wp\/v2\/posts\/315\/revisions"}],"wp:attachment":[{"href":"https:\/\/sgp.geodezja.org.pl\/en\/wp-json\/wp\/v2\/media?parent=315"}],"wp:term":[{"taxonomy":"category","embeddable":true,"href":"https:\/\/sgp.geodezja.org.pl\/en\/wp-json\/wp\/v2\/categories?post=315"},{"taxonomy":"post_tag","embeddable":true,"href":"https:\/\/sgp.geodezja.org.pl\/en\/wp-json\/wp\/v2\/tags?post=315"}],"curies":[{"name":"wp","href":"https:\/\/api.w.org\/{rel}","templated":true}]}}