{"id":326,"date":"2014-03-04T14:23:12","date_gmt":"2014-03-04T13:23:12","guid":{"rendered":"https:\/\/2.budowaniestron.pl\/xxxvii-ogolnopolskiego-konkursu-jakosci-prac-scaleniowych-rozstrzygniety\/"},"modified":"2022-02-07T17:28:47","modified_gmt":"2022-02-07T16:28:47","slug":"xxxvii-ogolnopolskiego-konkursu-jakosci-prac-scaleniowych-rozstrzygniety","status":"publish","type":"post","link":"https:\/\/sgp.geodezja.org.pl\/en\/xxxvii-ogolnopolskiego-konkursu-jakosci-prac-scaleniowych-rozstrzygniety\/","title":{"rendered":"XXXVII Og\u00f3lnopolskiego Konkursu Jako\u015bci Prac Scaleniowych rozstrzygni\u0119ty"},"content":{"rendered":"<p>W dniach 26-27 lutego 2014 r.\u00a0 w Z\u0142otym Potoku k\/Cz\u0119stochowy odby\u0142o si\u0119 Seminarium nt. \u201eRola prac geodezyjno urz\u0105dzeniowych w procesie rozwoju polskiej wsi\u201d oraz zako\u0144czenie XXXVII Og\u00f3lnopolskiego Konkursu Jako\u015bci Prac Scaleniowych.<\/p>\n<p>Obecna edycja Konkursu zorganizowana zosta\u0142a przez Ministerstwo Rolnictwa i Rozwoju Wsi przy wsp\u00f3\u0142pracy Stowarzyszenia Geodet\u00f3w Polskich.<\/p>\n<div><\/div>\n<div>G\u0142\u00f3wny S\u0105d Konkursowy kieruj\u0105c si\u0119:<\/div>\n<div>\n<ul>\n<li>wynikami szczeg\u00f3\u0142owego zbadania przedstawionych projekt\u00f3w scale\u0144 grunt\u00f3w,<\/li>\n<li>opiniami poszczeg\u00f3lnych Wojew\u00f3dzkich S\u0105d\u00f3w Konkursowych,<\/li>\n<li>przedstawionymi sprawozdaniami z przebiegu wykonania poszczeg\u00f3lnych etap\u00f3w projekt\u00f3w scale\u0144 grunt\u00f3w uzupe\u0142nionymi dodatkowymi wyja\u015bnieniami os\u00f3b prezentuj\u0105cych oceniane projekty,<\/li>\n<li>wzajemnym por\u00f3wnaniem ze sob\u0105 prezentowanych projekt\u00f3w scale\u0144 grunt\u00f3w,<\/li>\n<\/ul>\n<\/div>\n<div>dokona\u0142 ich oceny, stosuj\u0105c kryteria ustalone w regulaminie Konkursu.<\/div>\n<div><\/div>\n<div>Do XXXVII Og\u00f3lnopolskiego Konkursu Jako\u015bci Prac Scaleniowych zg\u0142oszone zosta\u0142y projekty scale\u0144 grunt\u00f3w o wyj\u0105tkowych walorach technicznych i charakteryzuj\u0105ce si\u0119 du\u017cymi trudno\u015bciami ich wykonania.<\/div>\n<div><\/div>\n<div>G\u0142\u00f3wny S\u0105d Konkursowy na posiedzeniach w dniach 19 &#8211; 21 listopada 2013 roku, dokona\u0142 oceny nades\u0142anych projekt\u00f3w scale\u0144 grunt\u00f3w i przyzna\u0142:<\/div>\n<div><\/div>\n<div>\u00a0<img loading=\"lazy\" decoding=\"async\" class=\"size-full wp-image-321\" style=\"display: block; margin-left: auto; margin-right: auto;\" src=\"https:\/\/sgp.geodezja.org.pl\/wp-content\/uploads\/2014\/03\/Miejece_I-scaled.jpg\" width=\"276\" height=\"200\" \/><\/div>\n<div><\/div>\n<div>1. Pierwsze miejsce zespo\u0142owi geodet\u00f3w \u00a0<strong>Cz\u0119stochowskiego Biura Geodezji i Teren\u00f3w Rolnych w Cz\u0119stochowie<\/strong>, w osobach:<\/div>\n<div><\/div>\n<div style=\"padding-left: 60px;\">Eugeniusz Ch\u0119\u0107 &#8211; kierownik zespo\u0142u<\/div>\n<div style=\"padding-left: 60px;\">Krzysztof Szymonik &#8211; projektant<\/div>\n<div><\/div>\n<div>za wzorow\u0105 jako\u015b\u0107 wykonania projektu scalenia grunt\u00f3w obiektu Niegowonice &#8211; Grabowa, gm. \u0141azy, o powierzchni 3 289 ha.<\/div>\n<div><\/div>\n<div><img loading=\"lazy\" decoding=\"async\" class=\"size-full wp-image-322\" style=\"display: block; margin-left: auto; margin-right: auto;\" src=\"https:\/\/sgp.geodezja.org.pl\/wp-content\/uploads\/2014\/03\/Miejece_II-scaled.jpg\" width=\"4608\" height=\"2592\" srcset=\"https:\/\/sgp.geodezja.org.pl\/wp-content\/uploads\/2014\/03\/Miejece_II-scaled.jpg 2560w, https:\/\/sgp.geodezja.org.pl\/wp-content\/uploads\/2014\/03\/Miejece_II-scaled-800x450.jpg 800w, https:\/\/sgp.geodezja.org.pl\/wp-content\/uploads\/2014\/03\/Miejece_II-300x169.jpg 300w, https:\/\/sgp.geodezja.org.pl\/wp-content\/uploads\/2014\/03\/Miejece_II-1024x576.jpg 1024w, https:\/\/sgp.geodezja.org.pl\/wp-content\/uploads\/2014\/03\/Miejece_II-768x432.jpg 768w, https:\/\/sgp.geodezja.org.pl\/wp-content\/uploads\/2014\/03\/Miejece_II-1536x864.jpg 1536w, https:\/\/sgp.geodezja.org.pl\/wp-content\/uploads\/2014\/03\/Miejece_II-2048x1152.jpg 2048w, https:\/\/sgp.geodezja.org.pl\/wp-content\/uploads\/2014\/03\/Miejece_II-1920x1080.jpg 1920w\" sizes=\"auto, (max-width: 4608px) 100vw, 4608px\" \/><\/div>\n<div><\/div>\n<div>2. Drugie miejsce zespo\u0142owi geodet\u00f3w <strong>Beskidzkiego Biura Geodezji i Teren\u00f3w Rolnych w \u017bywcu<\/strong>, w osobach:<\/div>\n<div><\/div>\n<div style=\"padding-left: 60px; text-align: left;\">Krzysztof Czerwi\u0144ski &#8211; kierownik zespo\u0142u<\/div>\n<div style=\"padding-left: 60px; text-align: left;\">S\u0142awomir Kwiecie\u0144<\/div>\n<div style=\"padding-left: 60px; text-align: left;\">Andrzej Kogut<\/div>\n<div><\/div>\n<div>za bardzo dobr\u0105 jako\u015b\u0107 wykonania projektu scalenia grunt\u00f3w obiektu Pietrowice Wielkie, Cyprzan\u00f3w, gm. Pietrowice Wielkie, o powierzchni 1 915 ha.<\/div>\n<div><\/div>\n<div><img loading=\"lazy\" decoding=\"async\" class=\"size-full wp-image-323\" style=\"display: block; margin-left: auto; margin-right: auto;\" src=\"https:\/\/sgp.geodezja.org.pl\/wp-content\/uploads\/2014\/03\/Miejece_III-scaled.jpg\" width=\"4608\" height=\"2592\" srcset=\"https:\/\/sgp.geodezja.org.pl\/wp-content\/uploads\/2014\/03\/Miejece_III-scaled.jpg 2560w, https:\/\/sgp.geodezja.org.pl\/wp-content\/uploads\/2014\/03\/Miejece_III-scaled-800x450.jpg 800w, https:\/\/sgp.geodezja.org.pl\/wp-content\/uploads\/2014\/03\/Miejece_III-300x169.jpg 300w, https:\/\/sgp.geodezja.org.pl\/wp-content\/uploads\/2014\/03\/Miejece_III-1024x576.jpg 1024w, https:\/\/sgp.geodezja.org.pl\/wp-content\/uploads\/2014\/03\/Miejece_III-768x432.jpg 768w, https:\/\/sgp.geodezja.org.pl\/wp-content\/uploads\/2014\/03\/Miejece_III-1536x864.jpg 1536w, https:\/\/sgp.geodezja.org.pl\/wp-content\/uploads\/2014\/03\/Miejece_III-2048x1152.jpg 2048w, https:\/\/sgp.geodezja.org.pl\/wp-content\/uploads\/2014\/03\/Miejece_III-1920x1080.jpg 1920w\" sizes=\"auto, (max-width: 4608px) 100vw, 4608px\" \/><\/div>\n<div><\/div>\n<div>3. Trzecie miejsce zespo\u0142owi geodet\u00f3w <strong>\u00a0Krakowskiego Biura Geodezji i Teren\u00f3w Rolnych w Krakowie<\/strong>, w osobach:<\/div>\n<div><\/div>\n<div style=\"padding-left: 60px;\">Andrzej Buda &#8211; kierownik zespo\u0142u<\/div>\n<div style=\"padding-left: 60px;\">Krzysztof Kara\u015b<\/div>\n<div style=\"padding-left: 60px;\">\u0141ukasz Gierat<\/div>\n<div style=\"padding-left: 60px;\">Tadeusz G\u0142owacki<\/div>\n<div style=\"padding-left: 60px;\">Stanis\u0142aw Szymczyk<\/div>\n<div style=\"padding-left: 60px;\">Jacek Wi\u015bniewski<\/div>\n<div><\/div>\n<div>za dobr\u0105 jako\u015b\u0107 wykonania projektu scalenia grunt\u00f3w obiektu \u0141\u0119townia, gm. Jordan\u00f3w, o powierzchni 981 ha.<\/div>\n<div><\/div>\n<div>4. Ponadto G\u0142\u00f3wny S\u0105d Konkursowy postanowi\u0142 przyzna\u0107 cztery specjalne wyr\u00f3\u017cnienia zespo\u0142om geodet\u00f3w:<\/div>\n<div><\/div>\n<div>a) <strong>Dolno\u015bl\u0105skiego Biura Geodezji i Teren\u00f3w Rolnych we Wroc\u0142awiu<\/strong>, w osobach:<\/div>\n<div><\/div>\n<div style=\"padding-left: 60px;\">Krzysztof Goleniowski &#8211; kierownik zespo\u0142u<\/div>\n<div style=\"padding-left: 60px;\">Pawe\u0142 Korol<\/div>\n<div><\/div>\n<div>za oryginaln\u0105 koncepcj\u0119 projektu scalenia grunt\u00f3w oraz wzorowe wykonanie zagospodarowania poscaleniowego obiektu Milikowice, gm. Jaworzyna \u015al\u0105ska, o powierzchni 947 ha.<\/div>\n<div><\/div>\n<div>b) <strong>Podkarpackiego Biura Geodezji i Teren\u00f3w Rolnych w Rzeszowie<\/strong>, w osobach:<\/div>\n<div><\/div>\n<div style=\"padding-left: 60px;\">Eugeniusz \u0141ogin &#8211; kierownik zespo\u0142u<\/div>\n<div style=\"padding-left: 60px;\">Krzysztof Kiszka<\/div>\n<div style=\"padding-left: 60px;\">Kamila Szymu\u015b<\/div>\n<div><\/div>\n<div>za oryginalne rozwi\u0105zanie projektowe na obszarze charakteryzuj\u0105cym si\u0119 zr\u00f3\u017cnicowaniem grunt\u00f3w obiektu Ro\u017cniat\u00f3w, gm. Zarzecze o powierzchni \u00a0 \u00a0 511 ha.<\/div>\n<div><\/div>\n<div>c) <strong>Wojew\u00f3dzkiego Biura Geodezji w Lublinie<\/strong> w osobach:<\/div>\n<div><\/div>\n<div style=\"padding-left: 60px;\">Rafa\u0142 Barlakowski &#8211; kierownik zespo\u0142u<\/div>\n<div style=\"padding-left: 60px;\">El\u017cbieta Zi\u0119tko<\/div>\n<div style=\"padding-left: 60px;\">Pawe\u0142 Ciechomski<\/div>\n<div style=\"padding-left: 60px;\">Micha\u0142 Osik<\/div>\n<div><\/div>\n<div>za oryginalne rozwi\u0105zanie projektowe na obszarze z ograniczeniami \u015brodowiskowymi, realizuj\u0105ce granice rolno-le\u015bn\u0105 obiektu W\u00f3lka Czu\u0142czycka i Zarzecze, gm. Che\u0142m o powierzchni 515 ha.<\/div>\n<div><\/div>\n<div>d) <strong>Przedsi\u0119biorstwa Us\u0142ugowo &#8211; Handlowego \u201eLe Mar\u201d sp. z o.o. w Jaros\u0142awiu<\/strong> oraz <strong>Ma\u0142opolskiego Biura Geodezji w Tarnowie S. Krypel i wsp\u00f3lnicy Sp. j.<\/strong>, \u00a0w osobach:<\/div>\n<div><\/div>\n<div style=\"padding-left: 60px;\">Stanis\u0142aw Krypel &#8211; kierownik zespo\u0142u<\/div>\n<div style=\"padding-left: 60px;\">Marian Le\u015bniowski<\/div>\n<div style=\"padding-left: 60px;\">Wojciech Skrzypek<\/div>\n<div style=\"padding-left: 60px;\">Ryszard Marsza\u0142<\/div>\n<div style=\"padding-left: 60px;\">Tadeusz Kozak<\/div>\n<div style=\"padding-left: 60px;\">Joanna Kozak<\/div>\n<div style=\"padding-left: 60px;\">Anna Rhein-Krukar<\/div>\n<div style=\"padding-left: 60px;\">Marcin Ostr\u0119ga<\/div>\n<div><\/div>\n<div>za oryginalne rozwi\u0105zanie projektowe na obszarach charakteryzuj\u0105cych si\u0119 wyst\u0119powaniem znacznych deniwelacji terenu oraz rozbudowan\u0105 sieci\u0105 w\u0105woz\u00f3w obiektu Biedrzych\u00f3w \u2013 D\u0119bno \u2013 Nowe, gm. O\u017car\u00f3w, o powierzchni 1084 ha.<\/div>\n<div><\/div>\n<div><img loading=\"lazy\" decoding=\"async\" class=\"size-full wp-image-324\" style=\"display: block; margin-left: auto; margin-right: auto;\" src=\"https:\/\/sgp.geodezja.org.pl\/wp-content\/uploads\/2014\/03\/DSC01321-scaled.jpg\" width=\"4608\" height=\"2592\" srcset=\"https:\/\/sgp.geodezja.org.pl\/wp-content\/uploads\/2014\/03\/DSC01321-scaled.jpg 2560w, https:\/\/sgp.geodezja.org.pl\/wp-content\/uploads\/2014\/03\/DSC01321-scaled-800x450.jpg 800w, https:\/\/sgp.geodezja.org.pl\/wp-content\/uploads\/2014\/03\/DSC01321-300x169.jpg 300w, https:\/\/sgp.geodezja.org.pl\/wp-content\/uploads\/2014\/03\/DSC01321-1024x576.jpg 1024w, https:\/\/sgp.geodezja.org.pl\/wp-content\/uploads\/2014\/03\/DSC01321-768x432.jpg 768w, https:\/\/sgp.geodezja.org.pl\/wp-content\/uploads\/2014\/03\/DSC01321-1536x864.jpg 1536w, https:\/\/sgp.geodezja.org.pl\/wp-content\/uploads\/2014\/03\/DSC01321-2048x1152.jpg 2048w, https:\/\/sgp.geodezja.org.pl\/wp-content\/uploads\/2014\/03\/DSC01321-1920x1080.jpg 1920w\" sizes=\"auto, (max-width: 4608px) 100vw, 4608px\" \/><\/div>\n<div><\/div>\n<div>Wyr\u00f3\u017cnionym zespo\u0142om pogratulowa\u0142 obecny na Seminarium Prezes Stowarzyszenia Geodet\u00f3w Polskich Kol. <strong>Stanis\u0142aw Cegielski<\/strong> i Przewodnicz\u0105cy Sekcji Geodezji Rolnej i Le\u015bnej Kol.<strong> Tadeusz \u00a0Kury\u0142owicz<\/strong>.<\/div>\n<div><\/div>\n<div><img loading=\"lazy\" decoding=\"async\" class=\"size-full wp-image-325\" style=\"display: block; margin-left: auto; margin-right: auto;\" src=\"https:\/\/sgp.geodezja.org.pl\/wp-content\/uploads\/2014\/03\/DSC01304-scaled.jpg\" width=\"4608\" height=\"2592\" srcset=\"https:\/\/sgp.geodezja.org.pl\/wp-content\/uploads\/2014\/03\/DSC01304-scaled.jpg 2560w, https:\/\/sgp.geodezja.org.pl\/wp-content\/uploads\/2014\/03\/DSC01304-scaled-800x450.jpg 800w, https:\/\/sgp.geodezja.org.pl\/wp-content\/uploads\/2014\/03\/DSC01304-300x169.jpg 300w, https:\/\/sgp.geodezja.org.pl\/wp-content\/uploads\/2014\/03\/DSC01304-1024x576.jpg 1024w, https:\/\/sgp.geodezja.org.pl\/wp-content\/uploads\/2014\/03\/DSC01304-768x432.jpg 768w, https:\/\/sgp.geodezja.org.pl\/wp-content\/uploads\/2014\/03\/DSC01304-1536x864.jpg 1536w, https:\/\/sgp.geodezja.org.pl\/wp-content\/uploads\/2014\/03\/DSC01304-2048x1152.jpg 2048w, https:\/\/sgp.geodezja.org.pl\/wp-content\/uploads\/2014\/03\/DSC01304-1920x1080.jpg 1920w\" sizes=\"auto, (max-width: 4608px) 100vw, 4608px\" \/><\/div>\n<div><\/div>\n<div>W sesji referatowej zosta\u0142y przedstawione nast\u0119puj\u0105ce tematy:<\/div>\n<div>\n<ul style=\"list-style-type: square;\">\n<li>Stan i perspektywy rozwoju wsi i rolnictwa wojew\u00f3dztwa \u015al\u0105skiego \u2013 <strong>Jerzy Mot\u0142och<\/strong> \u2013 Dyrektor Wydzia\u0142u Teren\u00f3w Wiejskich Urz\u0119du Marsza\u0142kowskiego Wojew\u00f3dztwa \u015al\u0105skiego w Katowicach.<\/li>\n<li>Scalenia grunt\u00f3w w ramach Programu Rozwoju Obszar\u00f3w Wiejskich w latach 2014-2020 \u2013 <strong>Jerzy Koz\u0142owski<\/strong> \u2013 Zast\u0119pca Dyrektora Departamentu Gospodarki Ziemi\u0105 w Ministerstwie Rolnictwa i Rozwoju Wsi.<\/li>\n<li>Historia i rozw\u00f3j Zwi\u0105zk\u00f3w Rozwoju Obszar\u00f3w Wiejskich w Bawarii \u2013 <strong>J\u00f3zef Zedler<\/strong> \u2013 Prezes Zarz\u0105du Zwi\u0105zku Rozwoju Obszar\u00f3w Wiejskich Dolnej Frankonii.<\/li>\n<li>Zintegrowane programowanie obszar\u00f3w wiejskich \u2013 dr in\u017c. <strong>Jacek Pijanowski<\/strong> \u2013 Uniwersytet Rolniczy w Krakowie.<\/li>\n<li>Plany urz\u0105dzeniowo-rolne gmin narz\u0119dziem programowania scale\u0144 \u00a0grunt\u00f3w \u2013 <strong>Miko\u0142aj Smyk<\/strong> \u2013 Zast\u0119pca Dyrektora Dolno\u015bl\u0105skiego Biura Geodezji i Teren\u00f3w Rolnych, Ewa Ma\u0142ek g\u0142\u00f3wny specjalista.<\/li>\n<li>Problemy scale\u0144 grunt\u00f3w na obszarach chronionych &#8211; Prof. nadzw. dr hab. <strong>Franciszek Woch<\/strong> \u2013 Instytut Uprawy Nawo\u017cenia i Gleboznawstwa w Pu\u0142awach.<\/li>\n<\/ul>\n<\/div>\n<div><\/div>\n<div style=\"text-align: right;\">VK<\/div>","protected":false},"excerpt":{"rendered":"<p>W dniach 26-27 lutego 2014 r.\u00a0 w Z\u0142otym Potoku k\/Cz\u0119stochowy odby\u0142o si\u0119 Seminarium nt. \u201eRola prac geodezyjno urz\u0105dzeniowych w procesie rozwoju polskiej wsi\u201d oraz zako\u0144czenie XXXVII Og\u00f3lnopolskiego Konkursu Jako\u015bci Prac Scaleniowych. Obecna edycja Konkursu zorganizowana zosta\u0142a przez Ministerstwo Rolnictwa i Rozwoju Wsi przy wsp\u00f3\u0142pracy Stowarzyszenia Geodet\u00f3w Polskich. G\u0142\u00f3wny S\u0105d Konkursowy kieruj\u0105c si\u0119: wynikami szczeg\u00f3\u0142owego zbadania [&hellip;]<\/p>\n","protected":false},"author":2,"featured_media":321,"comment_status":"open","ping_status":"open","sticky":false,"template":"","format":"standard","meta":{"two_page_speed":[],"footnotes":""},"categories":[10],"tags":[],"class_list":["post-326","post","type-post","status-publish","format-standard","has-post-thumbnail","hentry","category-informacje"],"_links":{"self":[{"href":"https:\/\/sgp.geodezja.org.pl\/en\/wp-json\/wp\/v2\/posts\/326","targetHints":{"allow":["GET"]}}],"collection":[{"href":"https:\/\/sgp.geodezja.org.pl\/en\/wp-json\/wp\/v2\/posts"}],"about":[{"href":"https:\/\/sgp.geodezja.org.pl\/en\/wp-json\/wp\/v2\/types\/post"}],"author":[{"embeddable":true,"href":"https:\/\/sgp.geodezja.org.pl\/en\/wp-json\/wp\/v2\/users\/2"}],"replies":[{"embeddable":true,"href":"https:\/\/sgp.geodezja.org.pl\/en\/wp-json\/wp\/v2\/comments?post=326"}],"version-history":[{"count":1,"href":"https:\/\/sgp.geodezja.org.pl\/en\/wp-json\/wp\/v2\/posts\/326\/revisions"}],"predecessor-version":[{"id":3639,"href":"https:\/\/sgp.geodezja.org.pl\/en\/wp-json\/wp\/v2\/posts\/326\/revisions\/3639"}],"wp:featuredmedia":[{"embeddable":true,"href":"https:\/\/sgp.geodezja.org.pl\/en\/wp-json\/wp\/v2\/media\/321"}],"wp:attachment":[{"href":"https:\/\/sgp.geodezja.org.pl\/en\/wp-json\/wp\/v2\/media?parent=326"}],"wp:term":[{"taxonomy":"category","embeddable":true,"href":"https:\/\/sgp.geodezja.org.pl\/en\/wp-json\/wp\/v2\/categories?post=326"},{"taxonomy":"post_tag","embeddable":true,"href":"https:\/\/sgp.geodezja.org.pl\/en\/wp-json\/wp\/v2\/tags?post=326"}],"curies":[{"name":"wp","href":"https:\/\/api.w.org\/{rel}","templated":true}]}}