{"id":327,"date":"2014-03-11T13:53:14","date_gmt":"2014-03-11T12:53:14","guid":{"rendered":"https:\/\/2.budowaniestron.pl\/zabranie-zarzadu-glownego-stowarzyszenia-geodetow-polskich\/"},"modified":"2022-02-07T17:28:38","modified_gmt":"2022-02-07T16:28:38","slug":"zabranie-zarzadu-glownego-stowarzyszenia-geodetow-polskich","status":"publish","type":"post","link":"https:\/\/sgp.geodezja.org.pl\/en\/zabranie-zarzadu-glownego-stowarzyszenia-geodetow-polskich\/","title":{"rendered":"Zebranie Zarz\u0105du G\u0142\u00f3wnego Stowarzyszenia Geodet\u00f3w Polskich"},"content":{"rendered":"<p style=\"text-align: justify;\">Dnia 24 marca 2014 r. odb\u0119dzie si\u0119 zebranie Zarz\u0105du G\u0142\u00f3wnego Stowarzyszenia Geodet\u00f3w Polskich, \u00a0w Warszawie, w Domu Technika NOT, ul. Czackiego 3\/5, Sala\u00a0C (V\u00a0pi\u0119tro).\u00a0Pocz\u0105tek zebrania w pierwszym terminie o godzinie 11\u00a0<sup>00<\/sup>, w drugim terminie o godzinie 11\u00a0<sup>15<\/sup>. Tematyka planowanego zebrania obejmowa\u0107 b\u0119dzie sprawy finansowe Stowarzyszenia Geodet\u00f3w Polskich &#8211; zatwierdzenie wykonania bud\u017cetu za rok 2013 i zatwierdzenie plan\u00f3w finansowych na rok 2014.\u00a0Cz\u0142onkowie Zarz\u0105du G\u0142\u00f3wnego zajm\u0105 si\u0119 r\u00f3wnie\u017c sprawami dotycz\u0105cymi Komisji i Sekcji Stowarzyszenia Geodet\u00f3w Polskich. Zostan\u0105 om\u00f3wione sprawy bie\u017c\u0105ce; mi\u0119dzy innymi\u00a0prace Zesp\u00f3\u0142u roboczego do spraw opracowania koncepcji samorz\u0105du zawodowego geodet\u00f3w i kartograf\u00f3w oraz mo\u017cliwo\u015bci udzia\u0142u naszej bran\u017cy, w tym Stowarzyszenia Geodet\u00f3w Polskich, w programach operacyjnych 2014-2020.<\/p>\n<p style=\"text-align: right;\">VK<\/p>","protected":false},"excerpt":{"rendered":"<p>Dnia 24 marca 2014 r. odb\u0119dzie si\u0119 zebranie Zarz\u0105du G\u0142\u00f3wnego Stowarzyszenia Geodet\u00f3w Polskich, \u00a0w Warszawie, w Domu Technika NOT, ul. Czackiego 3\/5, Sala\u00a0C (V\u00a0pi\u0119tro).\u00a0Pocz\u0105tek zebrania w pierwszym terminie o godzinie 11\u00a000, w drugim terminie o godzinie 11\u00a015. Tematyka planowanego zebrania obejmowa\u0107 b\u0119dzie sprawy finansowe Stowarzyszenia Geodet\u00f3w Polskich &#8211; zatwierdzenie wykonania bud\u017cetu za rok 2013 i [&hellip;]<\/p>\n","protected":false},"author":2,"featured_media":0,"comment_status":"open","ping_status":"open","sticky":false,"template":"","format":"standard","meta":{"two_page_speed":[],"footnotes":""},"categories":[10],"tags":[],"class_list":["post-327","post","type-post","status-publish","format-standard","hentry","category-informacje"],"_links":{"self":[{"href":"https:\/\/sgp.geodezja.org.pl\/en\/wp-json\/wp\/v2\/posts\/327","targetHints":{"allow":["GET"]}}],"collection":[{"href":"https:\/\/sgp.geodezja.org.pl\/en\/wp-json\/wp\/v2\/posts"}],"about":[{"href":"https:\/\/sgp.geodezja.org.pl\/en\/wp-json\/wp\/v2\/types\/post"}],"author":[{"embeddable":true,"href":"https:\/\/sgp.geodezja.org.pl\/en\/wp-json\/wp\/v2\/users\/2"}],"replies":[{"embeddable":true,"href":"https:\/\/sgp.geodezja.org.pl\/en\/wp-json\/wp\/v2\/comments?post=327"}],"version-history":[{"count":1,"href":"https:\/\/sgp.geodezja.org.pl\/en\/wp-json\/wp\/v2\/posts\/327\/revisions"}],"predecessor-version":[{"id":3638,"href":"https:\/\/sgp.geodezja.org.pl\/en\/wp-json\/wp\/v2\/posts\/327\/revisions\/3638"}],"wp:attachment":[{"href":"https:\/\/sgp.geodezja.org.pl\/en\/wp-json\/wp\/v2\/media?parent=327"}],"wp:term":[{"taxonomy":"category","embeddable":true,"href":"https:\/\/sgp.geodezja.org.pl\/en\/wp-json\/wp\/v2\/categories?post=327"},{"taxonomy":"post_tag","embeddable":true,"href":"https:\/\/sgp.geodezja.org.pl\/en\/wp-json\/wp\/v2\/tags?post=327"}],"curies":[{"name":"wp","href":"https:\/\/api.w.org\/{rel}","templated":true}]}}