{"id":333,"date":"2014-03-22T21:25:17","date_gmt":"2014-03-22T20:25:17","guid":{"rendered":"https:\/\/2.budowaniestron.pl\/zmarl-jerzy-grzesik\/"},"modified":"2014-03-22T21:25:17","modified_gmt":"2014-03-22T20:25:17","slug":"zmarl-jerzy-grzesik","status":"publish","type":"post","link":"https:\/\/sgp.geodezja.org.pl\/en\/zmarl-jerzy-grzesik\/","title":{"rendered":"Zmar\u0142 Jerzy Grzesik"},"content":{"rendered":"<p>Zmar\u0142 Jerzy Grzesik \u2013 wieloletni dyrektor Departamentu Gospodarki Ziemi\u0105 w Ministerstwie Rolnictwa.<\/p>\n<p>Nabo\u017ce\u0144stwo \u017ca\u0142obne zostanie odprawione w Ko\u015bciele parafialnym pw. \u015bw. Dominika na S\u0142u\u017cewie\u00a0w Warszawie, ul.\u00a0Dominika\u0144ska\u00a02, w dniu 25 marca 2014 r. o godz. 13 <sup>30<\/sup>. Po nabo\u017ce\u0144stwie nast\u0105pi odprowadzenie Zmar\u0142ego do grobu na miejscowym cmentarzu przy ul. Wa\u0142brzyskiej.<\/p>\n<p>  <!--more-->  <\/p>\n<p>Zmar\u0142 Jerzy Grzesik \u2013 wieloletni dyrektor Departamentu Gospodarki Ziemi\u0105 w Ministerstwie Rolnictwa.<\/p>\n<p>Nabo\u017ce\u0144stwo \u017ca\u0142obne zostanie odprawione w Ko\u015bciele parafialnym pw. \u015bw. Dominika na S\u0142u\u017cewie\u00a0w Warszawie, ul.\u00a0Dominika\u0144ska\u00a02, w dniu 25 marca 2014 r. o godz. 13 <sup>30<\/sup>. Po nabo\u017ce\u0144stwie nast\u0105pi odprowadzenie Zmar\u0142ego do grobu na miejscowym cmentarzu przy ul. Wa\u0142brzyskiej.<\/p>\n<p style=\"text-align: right;\">\u00a0<\/p>\n<p>Najbli\u017cszej Rodzinie Zmar\u0142ego wyrazy g\u0142\u0119bokiego wsp\u00f3\u0142czucia sk\u0142adaj\u0105<\/p>\n<p>Prezes, Zarz\u0105d G\u0142\u00f3wny, Kole\u017canki i Koledzy<\/p>\n<p>Stowarzyszenie Geodet\u00f3w Polskich<\/p>\n<p style=\"text-align: right;\"><span>VK<\/span><\/p>","protected":false},"excerpt":{"rendered":"<p>Zmar\u0142 Jerzy Grzesik \u2013 wieloletni dyrektor Departamentu Gospodarki Ziemi\u0105 w Ministerstwie Rolnictwa. Nabo\u017ce\u0144stwo \u017ca\u0142obne zostanie odprawione w Ko\u015bciele parafialnym pw. \u015bw. Dominika na S\u0142u\u017cewie\u00a0w Warszawie, ul.\u00a0Dominika\u0144ska\u00a02, w dniu 25 marca 2014 r. o godz. 13 30. Po nabo\u017ce\u0144stwie nast\u0105pi odprowadzenie Zmar\u0142ego do grobu na miejscowym cmentarzu przy ul. Wa\u0142brzyskiej.<\/p>","protected":false},"author":2,"featured_media":0,"comment_status":"open","ping_status":"open","sticky":false,"template":"","format":"standard","meta":{"two_page_speed":[],"footnotes":""},"categories":[10],"tags":[],"class_list":["post-333","post","type-post","status-publish","format-standard","hentry","category-informacje"],"_links":{"self":[{"href":"https:\/\/sgp.geodezja.org.pl\/en\/wp-json\/wp\/v2\/posts\/333","targetHints":{"allow":["GET"]}}],"collection":[{"href":"https:\/\/sgp.geodezja.org.pl\/en\/wp-json\/wp\/v2\/posts"}],"about":[{"href":"https:\/\/sgp.geodezja.org.pl\/en\/wp-json\/wp\/v2\/types\/post"}],"author":[{"embeddable":true,"href":"https:\/\/sgp.geodezja.org.pl\/en\/wp-json\/wp\/v2\/users\/2"}],"replies":[{"embeddable":true,"href":"https:\/\/sgp.geodezja.org.pl\/en\/wp-json\/wp\/v2\/comments?post=333"}],"version-history":[{"count":0,"href":"https:\/\/sgp.geodezja.org.pl\/en\/wp-json\/wp\/v2\/posts\/333\/revisions"}],"wp:attachment":[{"href":"https:\/\/sgp.geodezja.org.pl\/en\/wp-json\/wp\/v2\/media?parent=333"}],"wp:term":[{"taxonomy":"category","embeddable":true,"href":"https:\/\/sgp.geodezja.org.pl\/en\/wp-json\/wp\/v2\/categories?post=333"},{"taxonomy":"post_tag","embeddable":true,"href":"https:\/\/sgp.geodezja.org.pl\/en\/wp-json\/wp\/v2\/tags?post=333"}],"curies":[{"name":"wp","href":"https:\/\/api.w.org\/{rel}","templated":true}]}}