{"id":338,"date":"2014-04-01T11:20:14","date_gmt":"2014-04-01T09:20:14","guid":{"rendered":"https:\/\/2.budowaniestron.pl\/narada-komisji-kwalifikacyjnej-do-spraw-uprawnien-zawodowych-w-dziedzinie-geodezji-i-kartografii\/"},"modified":"2014-04-01T11:20:14","modified_gmt":"2014-04-01T09:20:14","slug":"narada-komisji-kwalifikacyjnej-do-spraw-uprawnien-zawodowych-w-dziedzinie-geodezji-i-kartografii","status":"publish","type":"post","link":"https:\/\/sgp.geodezja.org.pl\/en\/narada-komisji-kwalifikacyjnej-do-spraw-uprawnien-zawodowych-w-dziedzinie-geodezji-i-kartografii\/","title":{"rendered":"Narada Komisji Kwalifikacyjnej do spraw uprawnie\u0144 zawodowych w dziedzinie geodezji i kartografii."},"content":{"rendered":"<p>W dniach 19-20 marca 2014 r. odby\u0142o si\u0119 inauguracyjne posiedzenie cz\u0142onk\u00f3w Komisji Kwalifikacyjnej do spraw uprawnie\u0144 zawodowych w dziedzinie geodezji i kartografii. Komisj\u0119 &#8211; zgodnie z art. 45 ust.6 ustawy <em>Prawo geodezyjne i Kartograficzne<\/em> &#8211; w liczbie 90 os\u00f3b, powo\u0142a\u0142 Zarz\u0105dzeniem nr 4 z 20.02.2014 r. G\u0142\u00f3wny Geodeta Kraju z po\u015br\u00f3d os\u00f3b zg\u0142oszonych przez organizacje zawodowe geodet\u00f3w i kartograf\u00f3w oraz uczelnie.\u00a0<\/p>\n<p>  <!--more-->  <\/p>\n<p>W dniach 19-20 marca 2014 r. odby\u0142o si\u0119 inauguracyjne posiedzenie cz\u0142onk\u00f3w Komisji Kwalifikacyjnej do spraw uprawnie\u0144 zawodowych w dziedzinie geodezji i kartografii. Komisj\u0119 &#8211; zgodnie z art. 45 ust.6 ustawy <em>Prawo geodezyjne i Kartograficzne<\/em> &#8211; w liczbie 90 os\u00f3b, powo\u0142a\u0142 Zarz\u0105dzeniem nr 4 z 20.02.2014 r. G\u0142\u00f3wny Geodeta Kraju z po\u015br\u00f3d os\u00f3b zg\u0142oszonych przez organizacje zawodowe geodet\u00f3w i kartograf\u00f3w oraz uczelnie.\u00a0<\/p>\n<p>Jednocze\u015bnie GGK wyznaczy\u0142 przewodnicz\u0105cego Komisji Kwalifikacyjnej w osobie Stanis\u0142awa Cegielskiego \u2013 Prezesa Stowarzyszenia Geodet\u00f3w Polskich.<\/p>\n<p>Kazimierz Bujakowski G\u0142\u00f3wny Geodeta Kraju powita\u0142 zebranych cz\u0142onk\u00f3w Komisji przedstawiaj\u0105c rol\u0119 Komisji Kwalifikacyjnej w procesie nadawania uprawnie\u0144 zawodowych przez GGK w uj\u0119ciu zmian wprowadzonych ustaw\u0105 z dnia 13 czerwca 2013 r. o zmianie ustaw reguluj\u0105cych wykonywanie niekt\u00f3rych zawod\u00f3w (Dz.U. z 2013r, poz. 829), kt\u00f3ra wywo\u0142a\u0142a r\u00f3wnie\u017c zmiany w ustawie Prawo geodezyjne i kartograficzne.<\/p>\n<p>W wyniku wprowadzonych zmian najbardziej istotn\u0105 jest zmiana w sposobie uzyskaniu uprawnie\u0144 zawodowych w zakresach 3, 6 i 7. Uprawnienia w wymienionych zakresach mog\u0105 uzyska\u0107 osoby, kt\u00f3re posiadaj\u0105 odpowiednio:<\/p>\n<p class=\"pkt1art\">a) dyplom uko\u0144czenia studi\u00f3w wy\u017cszych pierwszego stopnia, studi\u00f3w wy\u017cszych drugiego stopnia lub jednolitych studi\u00f3w magisterskich:<\/p>\n<p class=\"tirart\">&#8211;\u00a0\u00a0\u00a0\u00a0\u00a0\u00a0\u00a0 na kierunku studi\u00f3w w obszarze nauk technicznych, kt\u00f3rego program umo\u017cliwia nabycie umiej\u0119tno\u015bci dotycz\u0105cych geodezyjnych pomiar\u00f3w podstawowych \u2013 dla zakresu geodezyjne pomiary podstawowe,<\/p>\n<p class=\"tirart\">&#8211;\u00a0\u00a0\u00a0\u00a0\u00a0\u00a0\u00a0 na kierunku studi\u00f3w w obszarze nauk technicznych lub w obszarze nauk przyrodniczych, kt\u00f3rego program umo\u017cliwia nabycie umiej\u0119tno\u015bci dotycz\u0105cych redakcji map \u2013 dla zakresu redakcja map,<\/p>\n<p class=\"tirart\">&#8211;\u00a0\u00a0\u00a0\u00a0\u00a0\u00a0\u00a0 na kierunku studi\u00f3w w obszarze nauk technicznych lub w obszarze nauk przyrodniczych, kt\u00f3rego program umo\u017cliwia nabycie umiej\u0119tno\u015bci dotycz\u0105cych fotogrametrii i teledetekcji \u2013 dla zakresu fotogrametria i teledetekcja,<\/p>\n<p class=\"nowlit\">b) rok praktyki zawodowej w przypadku uko\u0144czenia studi\u00f3w wy\u017cszych drugiego stopnia lub jednolitych studi\u00f3w magisterskich albo 2 lata praktyki zawodowej w przypadku uko\u0144czenia studi\u00f3w wy\u017cszych pierwszego stopnia.<\/p>\n<p class=\"nowust\">Wymienione uprawnienia, mog\u0105 otrzyma\u0107 r\u00f3wnie\u017c osoby, kt\u00f3re:<\/p>\n<p class=\"nowpkt\">&#8211;\u00a0\u00a0\u00a0\u00a0\u00a0\u00a0\u00a0 posiadaj\u0105 \u015brednie wykszta\u0142cenie geodezyjne;<\/p>\n<p class=\"nowpkt\">&#8211;\u00a0\u00a0\u00a0\u00a0\u00a0\u00a0\u00a0 posiadaj\u0105 6 lat praktyki zawodowej;<\/p>\n<p class=\"nowpkt\">&#8211;\u00a0\u00a0\u00a0\u00a0\u00a0\u00a0\u00a0 wyka\u017c\u0105 si\u0119 znajomo\u015bci\u0105 przepis\u00f3w w dziedzinie geodezji i kartografii przed komisj\u0105 kwalifikacyjn\u0105.<\/p>\n<p>Wa\u017cne jest te\u017c wykazanie przez sk\u0142adaj\u0105cych wnioski, \u017ce nie by\u0142y karane za przest\u0119pstwo przeciwko dzia\u0142alno\u015bci instytucji pa\u0144stwowych oraz samorz\u0105du terytorialnego, za przest\u0119pstwo przeciwko wymiarowi sprawiedliwo\u015bci, za przest\u0119pstwo przeciwko wiarygodno\u015bci dokument\u00f3w, za przest\u0119pstwo przeciwko mieniu, za przest\u0119pstwo przeciwko obrotowi gospodarczemu, za przest\u0119pstwo przeciwko obrotowi pieni\u0119dzmi i papierami warto\u015bciowymi lub za przest\u0119pstwo skarbowe.<\/p>\n<p>Osoby zamierzaj\u0105ce uzyska\u0107 uprawnienia w nast\u0119puj\u0105cych zakresach:<\/p>\n<ul>\n<li>geodezyjne pomiary sytuacyjno-wysoko\u015bciowe, realizacyjne i inwentaryzacyjne,<\/li>\n<li>rozgraniczanie i podzia\u0142y nieruchomo\u015bci (grunt\u00f3w) oraz sporz\u0105dzanie dokumentacji do cel\u00f3w prawnych,<\/li>\n<li>geodezyjna obs\u0142uga inwestycji,<\/li>\n<li>geodezyjne urz\u0105dzanie teren\u00f3w rolnych i le\u015bnych.<\/li>\n<\/ul>\n<p>maj\u0105 obowi\u0105zek, tak jak dotychczas, wykazania si\u0119 znajomo\u015bci\u0105 przepis\u00f3w w dziedzinie geodezji i kartografii przed zespo\u0142em kwalifikacyjnym powo\u0142anym spo\u015br\u00f3d cz\u0142onk\u00f3w Komisji, celem uzyskania odpowiedniego zakresu uprawnie\u0144 zawodowych. Istotn\u0105 zmian\u0105 jest wprowadzenie w cz\u0119\u015bci og\u00f3lnej testu wielokrotnego wyboru.<\/p>\n<p>G\u0142\u00f3wny ci\u0119\u017car prowadzenia narady wzi\u0105\u0142 na siebie Dyrektor Departamentu Nadzoru, Kontroli i Organizacji S\u0142u\u017cby Geodezyjnej i Kartograficznej w GUGiK, mgr in\u017c. Andrzej Zar\u0119ba, kt\u00f3ry om\u00f3wi\u0142 zasady dotycz\u0105ce cz\u0119\u015bci wst\u0119pnej i cz\u0119\u015bci sprawdzaj\u0105cej post\u0119powania kwalifikacyjnego, elementy praktyczne dotycz\u0105ce organizacji pracy zespo\u0142u kwalifikacyjnego oraz aspekty merytoryczne stanowi\u0105cych tre\u015b\u0107 pyta\u0144 podczas egzaminu ustnego. W wyst\u0105pieniu swym Dyrektor Zar\u0119ba powo\u0142ywa\u0142 si\u0119 na zapisy aktu wykonawczego, jakim jest rozporz\u0105dzenie Ministra Administracji i Cyfryzacji z dnia 31 stycznia 2014 r. w sprawie uprawnie\u0144 zawodowych w dziedzinie geodezji i kartografii (DzU z 2014r poz.176).<\/p>\n<p>Na spotkaniu poinformowano, \u017ce Przewodnicz\u0105cy Komisji wyznaczy\u0142 w uzgodnieniu z G\u0142\u00f3wnym Geodet\u0105 Kraju, na wiceprzewodnicz\u0105cego Komisji Pani\u0105 Iren\u0119 Jarzy\u0144sk\u0105 a na sekretarzy Komisji, Pani\u0105 Teres\u0119 Bednarsk\u0105 oraz Pana S\u0142awomira Kina.<\/p>\n<p>W dalszej cz\u0119\u015bci narady wiceprzewodnicz\u0105ca Komisji Pani Irena Jarzy\u0144ska om\u00f3wi\u0142a wykaz przepis\u00f3w publikowanych w Biuletynie Informacji Publicznej na stronie GUGiK, kt\u00f3rych znajomo\u015b\u0107 obowi\u0105zuje kandydat\u00f3w do uzyskania uprawnie\u0144 w okre\u015blonych zakresach. Pani wiceprzewodnicz\u0105ca prosi\u0142a o ewentualne zg\u0142oszenie uwag do przedmiotowego wykazu i ich ewentualn\u0105 korekt\u0119.<\/p>\n<p>W drugim dniu obrady rozpocz\u0105\u0142 Przewodnicz\u0105cy Komisji, Pan Stanis\u0142aw Cegielski, omawiaj\u0105c w spos\u00f3b szczeg\u00f3\u0142owy zasady pracy Komisji.<\/p>\n<p>Nast\u0119pnie cz\u0142onkowie Komisji pracowali w grupach reprezentuj\u0105cych poszczeg\u00f3lne zakresy uprawnie\u0144 analizuj\u0105c wcze\u015bniej przygotowan\u0105 dokumentacj\u0119. Zespo\u0142y sprawdza\u0142y czy przygotowany wniosek wraz za\u0142\u0105cznikami jest kompletny, a w przypadku stwierdzenia brak\u00f3w mieli obowi\u0105zek wype\u0142ni\u0107 odpowiedni wz\u00f3r zawiadomienia dla wnioskodawcy z podaniem terminu uzupe\u0142nienia brak\u00f3w we wniosku. Nast\u0119pnie w ramach dalszych prac cz\u0142onkowie zespo\u0142\u00f3w dokonywali sprawdzenia prac egzaminacyjnych z cz\u0119\u015bci szczeg\u00f3\u0142owej.<\/p>\n<p>G\u0142\u00f3wny cel narady Komisji Kwalifikacyjnej, na kt\u00f3rej om\u00f3wione zosta\u0142y przepisy prawne okre\u015blaj\u0105ce organizacj\u0119 oraz zasady i tryb przeprowadzania post\u0119powa\u0144 kwalifikacyjnych, zosta\u0142 osi\u0105gni\u0119ty. Zg\u0142oszone w czasie narady uwagi i wnioski zostan\u0105 wykorzystane dla przygotowania regulaminu pracy Komisji.<\/p>\n<p align=\"right\"><strong>Wojciech Wilkowski<\/strong><\/p>\n<p>\u00a0<\/p>\n<p style=\"text-align: right;\" align=\"right\">VK<\/p>","protected":false},"excerpt":{"rendered":"<p>W dniach 19-20 marca 2014 r. odby\u0142o si\u0119 inauguracyjne posiedzenie cz\u0142onk\u00f3w Komisji Kwalifikacyjnej do spraw uprawnie\u0144 zawodowych w dziedzinie geodezji i kartografii. Komisj\u0119 &#8211; zgodnie z art. 45 ust.6 ustawy Prawo geodezyjne i Kartograficzne &#8211; w liczbie 90 os\u00f3b, powo\u0142a\u0142 Zarz\u0105dzeniem nr 4 z 20.02.2014 r. G\u0142\u00f3wny Geodeta Kraju z po\u015br\u00f3d os\u00f3b zg\u0142oszonych przez organizacje [&hellip;]<\/p>\n","protected":false},"author":2,"featured_media":0,"comment_status":"open","ping_status":"open","sticky":false,"template":"","format":"standard","meta":{"two_page_speed":[],"footnotes":""},"categories":[10],"tags":[],"class_list":["post-338","post","type-post","status-publish","format-standard","hentry","category-informacje"],"_links":{"self":[{"href":"https:\/\/sgp.geodezja.org.pl\/en\/wp-json\/wp\/v2\/posts\/338","targetHints":{"allow":["GET"]}}],"collection":[{"href":"https:\/\/sgp.geodezja.org.pl\/en\/wp-json\/wp\/v2\/posts"}],"about":[{"href":"https:\/\/sgp.geodezja.org.pl\/en\/wp-json\/wp\/v2\/types\/post"}],"author":[{"embeddable":true,"href":"https:\/\/sgp.geodezja.org.pl\/en\/wp-json\/wp\/v2\/users\/2"}],"replies":[{"embeddable":true,"href":"https:\/\/sgp.geodezja.org.pl\/en\/wp-json\/wp\/v2\/comments?post=338"}],"version-history":[{"count":0,"href":"https:\/\/sgp.geodezja.org.pl\/en\/wp-json\/wp\/v2\/posts\/338\/revisions"}],"wp:attachment":[{"href":"https:\/\/sgp.geodezja.org.pl\/en\/wp-json\/wp\/v2\/media?parent=338"}],"wp:term":[{"taxonomy":"category","embeddable":true,"href":"https:\/\/sgp.geodezja.org.pl\/en\/wp-json\/wp\/v2\/categories?post=338"},{"taxonomy":"post_tag","embeddable":true,"href":"https:\/\/sgp.geodezja.org.pl\/en\/wp-json\/wp\/v2\/tags?post=338"}],"curies":[{"name":"wp","href":"https:\/\/api.w.org\/{rel}","templated":true}]}}