{"id":345,"date":"2014-04-13T00:30:40","date_gmt":"2014-04-12T22:30:40","guid":{"rendered":"https:\/\/2.budowaniestron.pl\/zmarl-kolega-jerzy-stawowski-czlonek-honorowy-stowarzyszenia-geodetow-polskich\/"},"modified":"2014-04-13T00:30:40","modified_gmt":"2014-04-12T22:30:40","slug":"zmarl-kolega-jerzy-stawowski-czlonek-honorowy-stowarzyszenia-geodetow-polskich","status":"publish","type":"post","link":"https:\/\/sgp.geodezja.org.pl\/en\/zmarl-kolega-jerzy-stawowski-czlonek-honorowy-stowarzyszenia-geodetow-polskich\/","title":{"rendered":"Zmar\u0142 Kolega Jerzy Stawowski Cz\u0142onek Honorowy Stowarzyszenia Geodet\u00f3w Polskich"},"content":{"rendered":"<p>Z g\u0142\u0119bokim \u017calem przyj\u0119li\u015bmy wiadomo\u015b\u0107 o \u015bmierci naszego Kolegi Jerzego Stawowskiego, kt\u00f3ry ca\u0142ym sercem by\u0142 zaanga\u017cowany sprawom geodezji oraz zawsze wspiera\u0142 dzia\u0142alno\u015b\u0107 Stowarzyszenie Geodet\u00f3w Polskich.<\/p>\n<p>  <!--more-->  <\/p>\n<p style=\"text-align: left;\" align=\"center\">Z g\u0142\u0119bokim \u017calem przyj\u0119li\u015bmy wiadomo\u015b\u0107 o \u015bmierci naszego Kolegi Jerzego Stawowskiego, kt\u00f3ry ca\u0142ym sercem by\u0142 zaanga\u017cowany sprawom geodezji oraz zawsze wspiera\u0142 dzia\u0142alno\u015b\u0107 Stowarzyszenie Geodet\u00f3w Polskich.<\/p>\n<p style=\"text-align: left;\" align=\"center\">\u00a0<img loading=\"lazy\" decoding=\"async\" class=\"size-full wp-image-344\" src=\"https:\/\/sgp.geodezja.org.pl\/wp-content\/uploads\/2014\/04\/Nekrolog_Stawowski_strona_1-scaled.jpg\" width=\"3444\" height=\"3467\" style=\"display: block; margin-left: auto; margin-right: auto;\" srcset=\"https:\/\/sgp.geodezja.org.pl\/wp-content\/uploads\/2014\/04\/Nekrolog_Stawowski_strona_1-scaled.jpg 2542w, https:\/\/sgp.geodezja.org.pl\/wp-content\/uploads\/2014\/04\/Nekrolog_Stawowski_strona_1-scaled-100x100.jpg 100w, https:\/\/sgp.geodezja.org.pl\/wp-content\/uploads\/2014\/04\/Nekrolog_Stawowski_strona_1-scaled-800x806.jpg 800w, https:\/\/sgp.geodezja.org.pl\/wp-content\/uploads\/2014\/04\/Nekrolog_Stawowski_strona_1-298x300.jpg 298w, https:\/\/sgp.geodezja.org.pl\/wp-content\/uploads\/2014\/04\/Nekrolog_Stawowski_strona_1-1017x1024.jpg 1017w, https:\/\/sgp.geodezja.org.pl\/wp-content\/uploads\/2014\/04\/Nekrolog_Stawowski_strona_1-768x773.jpg 768w, https:\/\/sgp.geodezja.org.pl\/wp-content\/uploads\/2014\/04\/Nekrolog_Stawowski_strona_1-1525x1536.jpg 1525w, https:\/\/sgp.geodezja.org.pl\/wp-content\/uploads\/2014\/04\/Nekrolog_Stawowski_strona_1-2034x2048.jpg 2034w, https:\/\/sgp.geodezja.org.pl\/wp-content\/uploads\/2014\/04\/Nekrolog_Stawowski_strona_1-1920x1933.jpg 1920w, https:\/\/sgp.geodezja.org.pl\/wp-content\/uploads\/2014\/04\/Nekrolog_Stawowski_strona_1-60x60.jpg 60w\" sizes=\"auto, (max-width: 3444px) 100vw, 3444px\" \/><\/p>\n<p style=\"text-align: left;\" align=\"center\">Uroczysto\u015bci pogrzebowe odb\u0119d\u0105 si\u0119 15 kwietnia 2014 roku, o godzinie 10 <sup>00<\/sup> w ko\u015bciele p.w. Naj\u015bwi\u0119tszego Serca Jezusowego w Gda\u0144sku-Wrzeszczu; ul. Ks. Zator-Przytockiego (dawniej: ul. Czarna)<\/p>\n<p style=\"text-align: left;\" align=\"center\">Ceremonia wyprowadzenia zw\u0142ok na cmentarzu Gda\u0144sk-\u0141ostowice rozpocznie si\u0119 o\u00a0godzinie\u00a012 <sup>00<\/sup>.<\/p>\n<p style=\"text-align: left;\" align=\"center\">Cze\u015b\u0107 Jego Pami\u0119ci<\/p>\n<p style=\"text-align: right;\" align=\"center\">VK<\/p>","protected":false},"excerpt":{"rendered":"<p>Z g\u0142\u0119bokim \u017calem przyj\u0119li\u015bmy wiadomo\u015b\u0107 o \u015bmierci naszego Kolegi Jerzego Stawowskiego, kt\u00f3ry ca\u0142ym sercem by\u0142 zaanga\u017cowany sprawom geodezji oraz zawsze wspiera\u0142 dzia\u0142alno\u015b\u0107 Stowarzyszenie Geodet\u00f3w Polskich.<\/p>","protected":false},"author":2,"featured_media":344,"comment_status":"open","ping_status":"open","sticky":false,"template":"","format":"standard","meta":{"two_page_speed":[],"footnotes":""},"categories":[10],"tags":[],"class_list":["post-345","post","type-post","status-publish","format-standard","has-post-thumbnail","hentry","category-informacje"],"_links":{"self":[{"href":"https:\/\/sgp.geodezja.org.pl\/en\/wp-json\/wp\/v2\/posts\/345","targetHints":{"allow":["GET"]}}],"collection":[{"href":"https:\/\/sgp.geodezja.org.pl\/en\/wp-json\/wp\/v2\/posts"}],"about":[{"href":"https:\/\/sgp.geodezja.org.pl\/en\/wp-json\/wp\/v2\/types\/post"}],"author":[{"embeddable":true,"href":"https:\/\/sgp.geodezja.org.pl\/en\/wp-json\/wp\/v2\/users\/2"}],"replies":[{"embeddable":true,"href":"https:\/\/sgp.geodezja.org.pl\/en\/wp-json\/wp\/v2\/comments?post=345"}],"version-history":[{"count":0,"href":"https:\/\/sgp.geodezja.org.pl\/en\/wp-json\/wp\/v2\/posts\/345\/revisions"}],"wp:featuredmedia":[{"embeddable":true,"href":"https:\/\/sgp.geodezja.org.pl\/en\/wp-json\/wp\/v2\/media\/344"}],"wp:attachment":[{"href":"https:\/\/sgp.geodezja.org.pl\/en\/wp-json\/wp\/v2\/media?parent=345"}],"wp:term":[{"taxonomy":"category","embeddable":true,"href":"https:\/\/sgp.geodezja.org.pl\/en\/wp-json\/wp\/v2\/categories?post=345"},{"taxonomy":"post_tag","embeddable":true,"href":"https:\/\/sgp.geodezja.org.pl\/en\/wp-json\/wp\/v2\/tags?post=345"}],"curies":[{"name":"wp","href":"https:\/\/api.w.org\/{rel}","templated":true}]}}