{"id":349,"date":"2014-04-16T23:22:45","date_gmt":"2014-04-16T21:22:45","guid":{"rendered":"https:\/\/2.budowaniestron.pl\/zyczenia-z-okazji-swiat-wielkanocnych\/"},"modified":"2014-04-16T23:22:45","modified_gmt":"2014-04-16T21:22:45","slug":"zyczenia-z-okazji-swiat-wielkanocnych","status":"publish","type":"post","link":"https:\/\/sgp.geodezja.org.pl\/en\/zyczenia-z-okazji-swiat-wielkanocnych\/","title":{"rendered":"\u017byczenia z okazji \u015awi\u0105t Wielkanocnych"},"content":{"rendered":"<p align=\"center\"><span style=\"color: #008000;\">Ciep\u0142ych, pe\u0142nych spokoju i rado\u015bci<\/span><\/p>\n<p align=\"center\"><span style=\"color: #008000;\">\u015awi\u0105t Wielkanocnych,<\/span><\/p>\n<p>  <!--more-->  <\/p>\n<p align=\"center\"><span style=\"text-align: left; color: #008000;\">Ciep\u0142ych, pe\u0142nych spokoju i rado\u015bci<\/span><\/p>\n<p align=\"center\"><span style=\"color: #008000;\">\u015awi\u0105t Wielkanocnych,<\/span><br \/><span style=\"color: #008000;\"> dobrego wypoczynku w rodzinnym gronie<\/span><br \/><span style=\"color: #008000;\"> oraz optymizmu, energii i nadziei na lepsz\u0105 przysz\u0142o\u015b\u0107<\/span><\/p>\n<p align=\"center\"><span style=\"color: #008000;\"> \u017cycz\u0105 wszystkim cz\u0142onkom i sympatykom SGP<\/span><\/p>\n<p align=\"center\"><span style=\"color: #008000; text-align: left;\">w imieniu Zarz\u0105du G\u0142\u00f3wnego<\/span><\/p>\n<p align=\"center\"><span style=\"color: #008000;\">Stowarzyszenia Geodet\u00f3w Polskich<\/span><\/p>\n<p><span style=\"color: #008000;\">\u00a0<\/span><\/p>\n<p style=\"text-align: center;\"><span style=\"color: #008000;\">\u00a0 \u00a0 \u00a0 \u00a0 W\u0142odzimierz K\u0119dziora\u00a0\u00a0\u00a0\u00a0\u00a0\u00a0\u00a0\u00a0\u00a0\u00a0\u00a0\u00a0\u00a0\u00a0\u00a0\u00a0\u00a0\u00a0\u00a0\u00a0\u00a0\u00a0\u00a0\u00a0\u00a0\u00a0\u00a0\u00a0\u00a0\u00a0\u00a0\u00a0\u00a0\u00a0\u00a0\u00a0\u00a0\u00a0\u00a0\u00a0\u00a0\u00a0\u00a0\u00a0\u00a0\u00a0 Stanis\u0142aw Cegielski<\/span><\/p>\n<p style=\"text-align: center;\"><span style=\"color: #008000;\">Sekretarz Generalny SGP \u00a0 \u00a0 \u00a0 \u00a0 \u00a0 \u00a0 \u00a0 \u00a0 \u00a0 \u00a0 \u00a0 \u00a0 \u00a0 \u00a0 \u00a0 \u00a0 \u00a0 \u00a0 \u00a0 \u00a0 \u00a0 \u00a0 \u00a0Prezes SGP<\/span><\/p>","protected":false},"excerpt":{"rendered":"<p>Ciep\u0142ych, pe\u0142nych spokoju i rado\u015bci \u015awi\u0105t Wielkanocnych,<\/p>","protected":false},"author":2,"featured_media":0,"comment_status":"open","ping_status":"open","sticky":false,"template":"","format":"standard","meta":{"two_page_speed":[],"footnotes":""},"categories":[10],"tags":[],"class_list":["post-349","post","type-post","status-publish","format-standard","hentry","category-informacje"],"_links":{"self":[{"href":"https:\/\/sgp.geodezja.org.pl\/en\/wp-json\/wp\/v2\/posts\/349","targetHints":{"allow":["GET"]}}],"collection":[{"href":"https:\/\/sgp.geodezja.org.pl\/en\/wp-json\/wp\/v2\/posts"}],"about":[{"href":"https:\/\/sgp.geodezja.org.pl\/en\/wp-json\/wp\/v2\/types\/post"}],"author":[{"embeddable":true,"href":"https:\/\/sgp.geodezja.org.pl\/en\/wp-json\/wp\/v2\/users\/2"}],"replies":[{"embeddable":true,"href":"https:\/\/sgp.geodezja.org.pl\/en\/wp-json\/wp\/v2\/comments?post=349"}],"version-history":[{"count":0,"href":"https:\/\/sgp.geodezja.org.pl\/en\/wp-json\/wp\/v2\/posts\/349\/revisions"}],"wp:attachment":[{"href":"https:\/\/sgp.geodezja.org.pl\/en\/wp-json\/wp\/v2\/media?parent=349"}],"wp:term":[{"taxonomy":"category","embeddable":true,"href":"https:\/\/sgp.geodezja.org.pl\/en\/wp-json\/wp\/v2\/categories?post=349"},{"taxonomy":"post_tag","embeddable":true,"href":"https:\/\/sgp.geodezja.org.pl\/en\/wp-json\/wp\/v2\/tags?post=349"}],"curies":[{"name":"wp","href":"https:\/\/api.w.org\/{rel}","templated":true}]}}