{"id":354,"date":"2014-04-25T11:41:31","date_gmt":"2014-04-25T09:41:31","guid":{"rendered":"https:\/\/2.budowaniestron.pl\/seminarium-na-temat-problematyka-stosowania-aktualnych-przepisow-w-geodezji-i-kartografii\/"},"modified":"2014-04-25T11:41:31","modified_gmt":"2014-04-25T09:41:31","slug":"seminarium-na-temat-problematyka-stosowania-aktualnych-przepisow-w-geodezji-i-kartografii","status":"publish","type":"post","link":"https:\/\/sgp.geodezja.org.pl\/en\/seminarium-na-temat-problematyka-stosowania-aktualnych-przepisow-w-geodezji-i-kartografii\/","title":{"rendered":"Seminarium na temat: \u201eProblematyka stosowania aktualnych przepis\u00f3w w geodezji i kartografii.\u201d"},"content":{"rendered":"<p>W Ryni odbywa si\u0119 seminarium szkoleniowe na temat ,Problematyka stosowania aktualnych przepis\u00f3w prawa w dziedzinie geodezji i kartografii, organizowane przez Stowarzyszenie Geodet\u00f3w Polskich pod patronatem G\u0142\u00f3wnego Geodety Kraju.<\/p>\n<p>  <!--more-->  <\/p>\n<p>W Ryni odbywa si\u0119 seminarium szkoleniowe na temat ,Problematyka stosowania aktualnych przepis\u00f3w prawa w dziedzinie geodezji i kartografii, organizowane przez Stowarzyszenie Geodet\u00f3w Polskich pod patronatem G\u0142\u00f3wnego Geodety Kraju. W seminarium bierze udzia\u0142 oko\u0142o 100 uczestnik\u00f3w administracji publicznej i wykonawstwa.<\/p>\n<p>\u00a0<img loading=\"lazy\" decoding=\"async\" class=\"size-full wp-image-352\" style=\"display: block; margin-left: auto; margin-right: auto;\" src=\"https:\/\/sgp.geodezja.org.pl\/wp-content\/uploads\/2014\/04\/5.jpg\" alt=\"\" width=\"1296\" height=\"968\" srcset=\"https:\/\/sgp.geodezja.org.pl\/wp-content\/uploads\/2014\/04\/5.jpg 1296w, https:\/\/sgp.geodezja.org.pl\/wp-content\/uploads\/2014\/04\/5-800x598.jpg 800w, https:\/\/sgp.geodezja.org.pl\/wp-content\/uploads\/2014\/04\/5-300x224.jpg 300w, https:\/\/sgp.geodezja.org.pl\/wp-content\/uploads\/2014\/04\/5-1024x765.jpg 1024w, https:\/\/sgp.geodezja.org.pl\/wp-content\/uploads\/2014\/04\/5-150x113.jpg 150w, https:\/\/sgp.geodezja.org.pl\/wp-content\/uploads\/2014\/04\/5-768x574.jpg 768w, https:\/\/sgp.geodezja.org.pl\/wp-content\/uploads\/2014\/04\/5-80x60.jpg 80w\" sizes=\"auto, (max-width: 1296px) 100vw, 1296px\" \/><\/p>\n<p>Zmiany w ustawie prawo geodezyjne i kartograficzne przedstawi\u0142 Pan Kazimierz Bujakowski, G\u0142\u00f3wny Geodeta Kraju. Pani Urszula Juszczak z GUGiK przedstawi\u0142a funkcjonowanie zasobu geodezyjnego i kartograficznego w aspekcie nowych przepis\u00f3w. Przedstawiciele Ministerstwa Rolnictwa i Rozwoju Wsi przedstawili aktualne zagadnienia zwi\u0105zane z klasyfikacj\u0105 grunt\u00f3w, ochron\u0105 grunt\u00f3w rolnych i le\u015bnych i scalenia grunt\u00f3w. Pan Krzysztof M\u0105czewski, Geodeta Wojew\u00f3dztwa Mazowieckiego przybli\u017cy\u0142 rol\u0119 samorz\u0105d\u00f3w terytorialnych w rozwoju infrastruktury Informacji Przestrzennej. \u00a0Og\u00f3\u0142em wyg\u0142oszono oko\u0142o 20 referat\u00f3w. \u00a0<\/p>\n<p><strong>\u00a0<img loading=\"lazy\" decoding=\"async\" class=\"size-full wp-image-353\" style=\"display: block; margin-left: auto; margin-right: auto;\" src=\"https:\/\/sgp.geodezja.org.pl\/wp-content\/uploads\/2014\/04\/3.jpg\" alt=\"\" width=\"1296\" height=\"968\" srcset=\"https:\/\/sgp.geodezja.org.pl\/wp-content\/uploads\/2014\/04\/3.jpg 1296w, https:\/\/sgp.geodezja.org.pl\/wp-content\/uploads\/2014\/04\/3-800x598.jpg 800w, https:\/\/sgp.geodezja.org.pl\/wp-content\/uploads\/2014\/04\/3-300x224.jpg 300w, https:\/\/sgp.geodezja.org.pl\/wp-content\/uploads\/2014\/04\/3-1024x765.jpg 1024w, https:\/\/sgp.geodezja.org.pl\/wp-content\/uploads\/2014\/04\/3-768x574.jpg 768w\" sizes=\"auto, (max-width: 1296px) 100vw, 1296px\" \/><\/strong><\/p>\n<ol>\n<li><strong>Zmiany w ustawie Prawo geodezyjne i kartograficzne<\/strong> \u2013 dr in\u017c. Kazimierz Bujakowski G\u0142\u00f3wny Geodeta Kraju<\/li>\n<li><strong>Funkcjonowanie pa\u0144stwowego zasobu geodezyjnego i kartograficznego po wej\u015bciu w \u017cycie rozporz\u0105dzenia Ministra Administracji i Cyfryzacji z 5 wrze\u015bnia 2013r. w sprawie organizacji i trybu prowadzenia pzgik (Dz.U.2013.1183)<\/strong> \u2013 Urszula Juszczak, G\u0142\u00f3wny Urz\u0105d<\/li>\n<li><strong>Zmiany do rozporz\u0105dzenia w sprawie EGiB i ich wp\u0142yw na przebieg prac modernizacyjnych w ewidencji grunt\u00f3w i budynk\u00f3w<\/strong> &#8211; Stanis\u0142aw Zaremba,<br \/> Stowarzyszenie Geodet\u00f3w Polskich<\/li>\n<li><strong>Problematyka obs\u0142ugi geodezyjnej s\u0105d\u00f3w cywilnych<\/strong> &#8211; Bogdan Grzechnik, Geodezyjna Izba Gospodarcza<\/li>\n<li><strong>Zasady sporz\u0105dzania dokumentacji geodezyjnej na potrzeby rozgranicze\u0144 nieruchomo\u015bci, ustalenia granic dzia\u0142ek ewidencyjnych oraz wznawiania znak\u00f3w granicznych<\/strong> \u2013 Miros\u0142aw Puzia, \u015al\u0105ski Wojew\u00f3dzki Inspektor Nadzoru Geodezyjnego i Kartograficznego<\/li>\n<li><strong>Podzia\u0142y nieruchomo\u015bci jako wa\u017cny instrument prawid\u0142owej gospodarki nieruchomo\u015bciami<\/strong> &#8211; Zenon Marzec, Stowarzyszenie Geodet\u00f3w Polskich<\/li>\n<li><strong>Mapy do cel\u00f3w projektowych jako element w procesie opracowania projektu budowlanego<\/strong> \u2013 Marek Sobczy\u0144ski, przedstawiciel Mazowieckiego Wojew\u00f3dzkiego Inspektora Nadzoru Geodezyjnego i Kartograficznego<\/li>\n<li><strong>O\u015brodki dokumentacji geodezyjnej i kartograficznej jako ogniwa infrastruktury informacji przestrzennej<\/strong> \u2013 dr in\u017c. Zenon Parzy\u0144ski, Politechnika Warszawska, G\u0142\u00f3wny Urz\u0105d Geodezji\u00a0i Kartografii<\/li>\n<li><strong>Wybrane aspekty procesu w\u0142\u0105czania dokumentacji powsta\u0142ej w trakcie wykonywania prac geodezyjnych i kartograficznych do powiatowej cz\u0119\u015bci pzgik<\/strong> <br \/> &#8211; Dariusz Pr\u0119gowski, Geodeta Powiatowy Powiat Warszawski Zachodni<\/li>\n<li><strong>Aspekty bie\u017c\u0105cej aktualizacji rejestr\u00f3w publicznych<\/strong> \u2013 dr in\u017c. Ludmi\u0142a Pietrzak, Stowarzyszenie Geodet\u00f3w Polskich<\/li>\n<li><strong>Rola samorz\u0105d\u00f3w terytorialnych w rozwoju infrastruktury informacji przestrzennej &#8211; <\/strong>Krzysztof M\u0105czewski Geodeta Wojew\u00f3dztwa &#8211; Dyrektor Departamentu Geodezji i Kartografii, Ewa Janczar, Zast\u0119pca Dyrektora Departamentu Geodezji i Kartografii &#8211; Urz\u0105d Marsza\u0142kowski Wojew\u00f3dztwa Mazowieckiego w\u00a0Warszawie<\/li>\n<li><strong>Program Rozwoju Obszar\u00f3w Wiejskich 2014-2020 &#8211; zagadnienia geodezyjno\u2013prawne zwi\u0105zane z jego realizacj\u0105 <\/strong>&#8211; Jerzy Koz\u0142owski, Zast\u0119pca Dyrektora Departamentu Gospodarki Ziemi\u0105 Ministerstwo Rolnictwa i Rozwoju Wsi<\/li>\n<li><strong>Aktualne zagadnienia zwi\u0105zane z klasyfikacj\u0105 grunt\u00f3w<\/strong> &#8211; Waldemar W\u0142adzi\u0144ski, Naczelnik Wydzia\u0142u Geodezji i Klasyfikacji Grunt\u00f3w Departament Gospodarki Ziemi\u0105 Ministerstwo Rolnictwa i Rozwoju Wsi<\/li>\n<li><strong>Ochrona grunt\u00f3w rolnych i le\u015bnych<\/strong> &#8211; Hanna Marz\u0119cka, Naczelnik Wydzia\u0142u Kszta\u0142towania i Ochrony \u015arodowiska Rolniczej Przestrzeni Produkcyjnej Departament Gospodarki Ziemi\u0105 Ministerstwo Rolnictwa i Rozwoju Wsi<\/li>\n<li><strong>Scalenia grunt\u00f3w jako narz\u0119dzia rozwoju obszar\u00f3w wiejskich<\/strong> &#8211; Jan Biela\u0144ski, Stowarzyszenie Geodet\u00f3w Polskich\u00a0<\/li>\n<\/ol>\n<p>\u00a0<\/p>\n<p><a href=\"\/en\/galeria\/category\/16-seminarium-rynia-2014\/\"><span style=\"color: #339966;\">Wi\u0119cej zdj\u0119\u0107 z seminarium w galerii &gt;&gt;&gt;<\/span><\/a><\/p>\n<p style=\"text-align: right;\">VK<\/p>","protected":false},"excerpt":{"rendered":"<p>W Ryni odbywa si\u0119 seminarium szkoleniowe na temat ,Problematyka stosowania aktualnych przepis\u00f3w prawa w dziedzinie geodezji i kartografii, organizowane przez Stowarzyszenie Geodet\u00f3w Polskich pod patronatem G\u0142\u00f3wnego Geodety Kraju.<\/p>","protected":false},"author":2,"featured_media":352,"comment_status":"open","ping_status":"open","sticky":false,"template":"","format":"standard","meta":{"two_page_speed":[],"footnotes":""},"categories":[10],"tags":[],"class_list":["post-354","post","type-post","status-publish","format-standard","has-post-thumbnail","hentry","category-informacje"],"_links":{"self":[{"href":"https:\/\/sgp.geodezja.org.pl\/en\/wp-json\/wp\/v2\/posts\/354","targetHints":{"allow":["GET"]}}],"collection":[{"href":"https:\/\/sgp.geodezja.org.pl\/en\/wp-json\/wp\/v2\/posts"}],"about":[{"href":"https:\/\/sgp.geodezja.org.pl\/en\/wp-json\/wp\/v2\/types\/post"}],"author":[{"embeddable":true,"href":"https:\/\/sgp.geodezja.org.pl\/en\/wp-json\/wp\/v2\/users\/2"}],"replies":[{"embeddable":true,"href":"https:\/\/sgp.geodezja.org.pl\/en\/wp-json\/wp\/v2\/comments?post=354"}],"version-history":[{"count":0,"href":"https:\/\/sgp.geodezja.org.pl\/en\/wp-json\/wp\/v2\/posts\/354\/revisions"}],"wp:featuredmedia":[{"embeddable":true,"href":"https:\/\/sgp.geodezja.org.pl\/en\/wp-json\/wp\/v2\/media\/352"}],"wp:attachment":[{"href":"https:\/\/sgp.geodezja.org.pl\/en\/wp-json\/wp\/v2\/media?parent=354"}],"wp:term":[{"taxonomy":"category","embeddable":true,"href":"https:\/\/sgp.geodezja.org.pl\/en\/wp-json\/wp\/v2\/categories?post=354"},{"taxonomy":"post_tag","embeddable":true,"href":"https:\/\/sgp.geodezja.org.pl\/en\/wp-json\/wp\/v2\/tags?post=354"}],"curies":[{"name":"wp","href":"https:\/\/api.w.org\/{rel}","templated":true}]}}