{"id":357,"date":"2014-04-28T10:08:58","date_gmt":"2014-04-28T08:08:58","guid":{"rendered":"https:\/\/2.budowaniestron.pl\/wyniki-olimpiady-wiedzy-geodezyjnej-i-kartograficznej-w-opolu\/"},"modified":"2014-04-28T10:08:58","modified_gmt":"2014-04-28T08:08:58","slug":"wyniki-olimpiady-wiedzy-geodezyjnej-i-kartograficznej-w-opolu","status":"publish","type":"post","link":"https:\/\/sgp.geodezja.org.pl\/en\/wyniki-olimpiady-wiedzy-geodezyjnej-i-kartograficznej-w-opolu\/","title":{"rendered":"Wyniki XXXVI Olimpiady Wiedzy Geodezyjnej i Kartograficznej"},"content":{"rendered":"<p>W dniach 24-26 kwietnia 2014 r. odby\u0142y si\u0119 w Opolu zawody drugiego stopnia \u2013 etap mi\u0119dzyszkolny oraz zawody trzeciego stopnia \u2013 etap centralny XXXVI Olimpiada Wiedzy Geodezyjnej i Kartograficznej.\u00a0<\/p>\n<p>  <!--more-->  <\/p>\n<p>W dniach 24-26 kwietnia 2014 r. odby\u0142y si\u0119 w Opolu zawody drugiego stopnia \u2013 etap mi\u0119dzyszkolny oraz zawody trzeciego stopnia \u2013 etap centralny XXXVI Olimpiada Wiedzy Geodezyjnej i Kartograficznej.\u00a0<\/p>\n<p>Wieloletnim organizatorem Olimpiady jest Zarz\u0105d G\u0142\u00f3wny Stowarzyszenia Geodet\u00f3w Polskich, w kt\u00f3rego imieniu opiek\u0119 nad imprez\u0105 sprawuje Komitet G\u0142\u00f3wny Olimpiady.<strong> Ministerstwo Edukacji Narodowej<\/strong> sw\u0105 subwencj\u0105 pokrywa najwi\u0119ksz\u0105 cz\u0119\u015b\u0107 koszt\u00f3w zwi\u0105zanych z organizacj\u0105 Olimpiady.<\/p>\n<p>Tegorocznymi organizatorami etap\u00f3w mi\u0119dzyszkolnego i centralnego byli: <strong>Zesp\u00f3\u0142 Szk\u00f3\u0142 Technicznych i Og\u00f3lnokszta\u0142c\u0105cych im. K. Gzowskiego w Opolu<\/strong> oraz <strong>Zarz\u0105d Oddzia\u0142u Stowarzyszenia Geodet\u00f3w Polskich w Opolu<\/strong>.<\/p>\n<p>Zobacz informacje o Olimpiadzie ze strony Technikum:<\/p>\n<p>\u00a0 \u00a0 \u00a0\u00a0<span style=\"color: #008000;\"><span style=\"color: #008000;\"><a href=\"http:\/\/gzowski.opole.pl\/index.php?page=olimpiada\">1.\u00a0Informacje o Olimpiadzie &gt;&gt;&gt;<\/a><\/span><\/span><\/p>\n<p><span style=\"color: #008000;\"><span style=\"color: #008000;\">\u00a0 \u00a0 \u00a0 <a href=\"http:\/\/gzowski.opole.pl\/?system=news&amp;id=487\">2. Fotoreporta\u017c I &gt;&gt;&gt;<\/a><\/span><\/span><\/p>\n<p><span style=\"color: #008000;\"><span style=\"color: #008000;\">\u00a0 \u00a0 \u00a0 <a href=\"http:\/\/gzowski.opole.pl\/?system=news&amp;id=488\">3. Fotoreporta\u017c II &gt;&gt;&gt;<\/a><\/span><\/span><\/p>\n<p>Zobacz r\u00f3wnie\u017c informacje o Olimpiadzie ze strony TVP OPOLE, Radia OPOLE i Nowej Trybuny Opolskiej:<\/p>\n<p><span style=\"color: #008000;\">\u00a0 \u00a0 \u00a0 <\/span><a href=\"http:\/\/www.tvp.pl\/opole\/informacja\/kurier-opolski\/wideo\/24-kwietnia-2014\/14924997\">1.\u00a0Kurier Opolski z dnia 24 kwietnia 2014 r. &gt;&gt;&gt;<\/a><a href=\"http:\/\/www.tvp.pl\/opole\/informacja\/kurier-opolski\/wideo\/24-kwietnia-2014\/14924997\"><\/a><\/p>\n<p>(15 minut po rozpocz\u0119ciu Kuriera Opolskiego zaczyna si\u0119 kilkuminutowa informacja o Olimpiadzie)<\/p>\n<p>\u00a0 \u00a0 \u00a0 <a href=\"http:\/\/www.radio.opole.pl\/warto-posluchac\/loza-radiowa\/23-04-zdzislaw-slemp-dyrektor-zstio-im-gzowskiego-o-tym-ze-absolenci-jego-szkoly-zarabiaja-lepiej-od-niego-oraz-o-olimpiadzie-wiedzy-geodezyjnej-i-kartograficznej-organizowanej-w-opolu.html\"><span style=\"color: #008000;\">2. Radio Opole o Olimpiadzie &gt;&gt;&gt;<\/span><\/a><\/p>\n<p><span style=\"color: #008000;\">\u00a0 \u00a0 \u00a0<a href=\"http:\/\/www.nto.pl\/apps\/pbcs.dll\/article?AID=\/20140425\/POWIAT01\/140429633#block2\"> 3. Nowa Trybuna Opolska o Olimpiadzie &gt;&gt;&gt;<\/a><\/span><\/p>\n<p>\u00a0<\/p>\n<p>Zarz\u0105d G\u0142\u00f3wny Stowarzyszenia Geodet\u00f3w Polskich dzi\u0119kuje i gratuluje laureatom i wszystkim uczestnikom Olimpiady.<\/p>\n<p><a href=\"https:\/\/sgp.geodezja.org.pl\/wp-content\/uploads\/2014\/04\/20140428D.pdf\">Wyniki rywalizacji dru\u017cynowej &gt;&gt;&gt;<\/a><\/p>\n<p><a href=\"https:\/\/sgp.geodezja.org.pl\/wp-content\/uploads\/2014\/04\/20140428F.pdf\">Wyniki rywalizacji indywidualnej &#8211; etap centralny &#8211; fina\u0142 &gt;&gt;&gt;<\/a><\/p>\n<p>\u00a0<\/p>\n<p>Olimpiad\u0119 wsparli finansowo lub ufundowali nagrody:<\/p>\n<ol>\n<li><strong>Kazimierz Bujakowski G\u0142\u00f3wny Geodeta Kraju<\/strong><\/li>\n<li><strong>Franciszek Grybo\u015b Prezes MGGP S.A &#8211; Tarn\u00f3w<\/strong><\/li>\n<li><strong>Florian Romanowski Prezes OPeGieKa Sp. z o.o. \u2013 Elbl\u0105g<\/strong><\/li>\n<li><strong>\u0141ucjan Pieluch Prezes GEOKART INTERNATIONAL Sp. z o.o. _ Rzesz\u00f3w<\/strong><\/li>\n<li><strong>Ludmi\u0142a Pietrzak Prezes InterTIM Sp. z o.o. \u2013 Suwa\u0142ki<\/strong><\/li>\n<li><strong>Tomasz Bia\u0142o\u017cyt Prezes Przedsi\u0119biorstwa Miernictwa G\u00f3rniczego Sp. z o.o. \u2013 Katowice<\/strong><\/li>\n<li><strong>Ryszard Brzozowski Prezes Warszawskiego Przedsi\u0119biorstwa Geodezyjnego S.A. \u2013Warszawa<\/strong><\/li>\n<li><strong>Robert Rachwa\u0142 Prezes Okr\u0119gowego Przedsi\u0119biorstwa Geodezyjno-Kartograficznego Sp. z o.o. \u2013 Krak\u00f3w<\/strong><\/li>\n<li><strong>W\u0142odzimierz Balcerek Prezes GeoserV Sp. z o.o. Warszawa<\/strong><\/li>\n<li><strong>Robert Widz Prezes INTERHGAPH Polska _ Warszawa<\/strong><\/li>\n<li><strong>Andrzej Jaroszewicz Prezes T.P.I. Sp. z o.o. \u2013 Warszawa<\/strong><\/li>\n<li><strong>Waldemar Klocek Prezes Okr\u0119gowego Przedsi\u0119biorstwa Geodezyjno Kartograficznego \u2013 Olsztyn<\/strong><\/li>\n<li><strong>Jolanta Machowska Dyrektor Okr\u0119gowego Przedsi\u0119biorstwa Geodezyjno Kartograficznego\u00a0 &#8211; Lublin<\/strong><\/li>\n<\/ol>\n<p>Serdecznie dzi\u0119kujemy fundatorom.<\/p>\n<p>Zarz\u0105d G\u0142\u00f3wny Stowarzyszenia Geodet\u00f3w Polskich serdecznie dzi\u0119kuje r\u00f3wnie\u017c:<\/p>\n<p>Panu <strong>Kazimierzowi Bujakowskiemu<\/strong> \u2013 G\u0142\u00f3wnemu Geodecie Kraju za obj\u0119cie Patronatem Honorowym Olimpiady,<br \/> Panu <strong>Andrzejowi Szymczakowi<\/strong> \u2013 Przewodnicz\u0105cemu Komitetu G\u0142\u00f3wnego Olimpiady,<br \/> Pani prof. <strong>Zofii Wi\u0119ckowicz<\/strong> \u2013 Przewodnicz\u0105cej Jury Olimpiady,<br \/> Panu <strong>Zdzis\u0142awowi \u015alemp<\/strong> \u2013 Dyrektorowi ZSTiO im. Kazimierza Gzowskiego, Przewodnicz\u0105cemu Komitetu Organizacyjnego Olimpiady,<br \/> Kol. <strong>Andrzejowi Baranowi<\/strong> \u2013 Prezesowi Oddzia\u0142u Stowarzyszenia Geodet\u00f3w Polskich w Opolu,<br \/> wszystkim pozosta\u0142ym cz\u0142onkom Komitetu G\u0142\u00f3wnego, Jury i Komitetu Organizacyjnego Olimpiady oraz innym osobom, kt\u00f3re j\u0105 wspiera\u0142y.<\/p>\n<p style=\"text-align: left;\">\u00a0<\/p>\n<p>Janusz Walo<\/p>\n<p>R\u0141<\/p>\n<p style=\"text-align: right;\">VK<\/p>","protected":false},"excerpt":{"rendered":"<p>W dniach 24-26 kwietnia 2014 r. odby\u0142y si\u0119 w Opolu zawody drugiego stopnia \u2013 etap mi\u0119dzyszkolny oraz zawody trzeciego stopnia \u2013 etap centralny XXXVI Olimpiada Wiedzy Geodezyjnej i Kartograficznej.\u00a0<\/p>","protected":false},"author":2,"featured_media":0,"comment_status":"open","ping_status":"open","sticky":false,"template":"","format":"standard","meta":{"two_page_speed":[],"footnotes":""},"categories":[10],"tags":[],"class_list":["post-357","post","type-post","status-publish","format-standard","hentry","category-informacje"],"_links":{"self":[{"href":"https:\/\/sgp.geodezja.org.pl\/en\/wp-json\/wp\/v2\/posts\/357","targetHints":{"allow":["GET"]}}],"collection":[{"href":"https:\/\/sgp.geodezja.org.pl\/en\/wp-json\/wp\/v2\/posts"}],"about":[{"href":"https:\/\/sgp.geodezja.org.pl\/en\/wp-json\/wp\/v2\/types\/post"}],"author":[{"embeddable":true,"href":"https:\/\/sgp.geodezja.org.pl\/en\/wp-json\/wp\/v2\/users\/2"}],"replies":[{"embeddable":true,"href":"https:\/\/sgp.geodezja.org.pl\/en\/wp-json\/wp\/v2\/comments?post=357"}],"version-history":[{"count":0,"href":"https:\/\/sgp.geodezja.org.pl\/en\/wp-json\/wp\/v2\/posts\/357\/revisions"}],"wp:attachment":[{"href":"https:\/\/sgp.geodezja.org.pl\/en\/wp-json\/wp\/v2\/media?parent=357"}],"wp:term":[{"taxonomy":"category","embeddable":true,"href":"https:\/\/sgp.geodezja.org.pl\/en\/wp-json\/wp\/v2\/categories?post=357"},{"taxonomy":"post_tag","embeddable":true,"href":"https:\/\/sgp.geodezja.org.pl\/en\/wp-json\/wp\/v2\/tags?post=357"}],"curies":[{"name":"wp","href":"https:\/\/api.w.org\/{rel}","templated":true}]}}