{"id":384,"date":"2014-05-22T10:46:38","date_gmt":"2014-05-22T08:46:38","guid":{"rendered":"https:\/\/2.budowaniestron.pl\/zaproszenie-na-xvii-konferencje-naukowo-technicznej-w-kaliszu\/"},"modified":"2014-05-22T10:46:38","modified_gmt":"2014-05-22T08:46:38","slug":"zaproszenie-na-xvii-konferencje-naukowo-technicznej-w-kaliszu","status":"publish","type":"post","link":"https:\/\/sgp.geodezja.org.pl\/en\/zaproszenie-na-xvii-konferencje-naukowo-technicznej-w-kaliszu\/","title":{"rendered":"Zaproszenie na XVII Konferencj\u0119 Naukowo \u2013 Techniczn\u0105 w Kaliszu"},"content":{"rendered":"<p style=\"text-align: justify;\">W dniach 11-12 wrze\u015bnia\u00a0 2014 r. odb\u0119dzie si\u0119 w Kaliszu kolejna XVII Konferencj\u0119 Naukowo \u2013 Technicznej na temat: Kataster Nieruchomo\u015bci \u201eOcena zmian wprowadzonych nowymi uregulowaniami prawnymi\u201d. Organizatorami Konferencji s\u0105: Sekcja Geodezji, Katastru i Gospodarki Nieruchomo\u015bciami Stowarzyszenia Geodet\u00f3w Polskich, Komitet Geodezji PAN Sekcja Informacji i Gospodarki Przestrzennej oraz Oddzia\u0142 Stowarzyszenia Geodet\u00f3w Polskich w Kaliszu.<\/p>\n<p>  <!--more-->  <\/p>\n<p>\u00a0<\/p>\n<p style=\"text-align: justify;\">W dniach 11-12 wrze\u015bnia\u00a0 2014 r. odb\u0119dzie si\u0119 w Kaliszu kolejna XVII Konferencj\u0119 Naukowo \u2013 Technicznej na temat: Kataster Nieruchomo\u015bci \u201eOcena zmian wprowadzonych nowymi uregulowaniami prawnymi\u201d. Organizatorami Konferencji s\u0105: Sekcja Geodezji, Katastru i Gospodarki Nieruchomo\u015bciami Stowarzyszenia Geodet\u00f3w Polskich, Komitet Geodezji PAN Sekcja Informacji i Gospodarki Przestrzennej oraz Oddzia\u0142 Stowarzyszenia Geodet\u00f3w Polskich w Kaliszu.<\/p>\n<p>Konferencja w Kaliszu w roku 2014 po\u015bwi\u0119cona zostanie nowym regulacjom prawnym w zakresie katastru nieruchomo\u015bci, a szczeg\u00f3lnie zmienionemu Rozporz\u0105dzeniu w sprawie ewidencji grunt\u00f3w i\u00a0budynk\u00f3w i zmienianemu Rozporz\u0105dzeniu w sprawie standard\u00f3w technicznych.<\/p>\n<p>W tematach konferencji poruszone zostan\u0105 r\u00f3wnie\u017c wzajemne relacje pomi\u0119dzy przepisami prawa w\u00a0zakresie katastru nieruchomo\u015bci i ich wp\u0142yw na prac\u0119 administracji i wykonawstwa geodezyjnego.<\/p>\n<p>Konferencja odb\u0119dzie si\u0119 po ustanowieniu nowych przepis\u00f3w prawa w zakresie op\u0142at za udost\u0119pnianie Zasobu geodezyjnego i kartograficznego i temu tematowi r\u00f3wnie\u017c b\u0119dzie po\u015bwi\u0119cona jedna z sesji.<\/p>\n<p>Serdecznie zach\u0119camy do uczestnictwa w Konferencji. W geodezji i kartografii nast\u0119puj\u0119 wiele zmian \u2013 technicznych i prawnych. Wymiana wiedzy i pogl\u0105d\u00f3w w tym zakresie jest nieodzowna, zw\u0142aszcza, gdy\u00a0nowych przepis\u00f3w jest znaczna ilo\u015b\u0107, a te\u00a0same przepisy s\u0105 r\u00f3\u017cnie interpretowane.<\/p>\n<p>Wszystkich zainteresowanych powy\u017csz\u0105 tematyk\u0105 zapraszamy do Kalisza.<\/p>\n<p>\u00a0<\/p>\n<p><a href=\"https:\/\/sgp.geodezja.org.pl\/wp-content\/uploads\/2014\/05\/Kalisz_zaproszenie_2014_1.pdf\">Zaproszenie na Konferencj\u0119 &gt;&gt;&gt;<\/a><\/p>\n<p><a href=\"https:\/\/sgp.geodezja.org.pl\/wp-content\/uploads\/2014\/05\/Kalisz_zgloszenie_2014.pdf\">Zg\u0142oszenie na Konferencj\u0119 (pdf) &gt;&gt;&gt;<\/a><\/p>\n<p><a href=\"https:\/\/sgp.geodezja.org.pl\/wp-content\/uploads\/2014\/05\/Kalisz_zgloszenie_2014.doc\">Zg\u0142oszenie na Konferencj\u0119 (doc) &gt;&gt;&gt;<\/a><\/p>\n<p><a href=\"https:\/\/sgp.geodezja.org.pl\/wp-content\/uploads\/2014\/05\/Oswiadczenie_jednostki_2014.pdf\">O\u015bwiadczenie jednostki (pdf) &gt;&gt;&gt;<\/a><\/p>\n<p><a href=\"https:\/\/sgp.geodezja.org.pl\/wp-content\/uploads\/2014\/05\/Oswiadczenie_jednostki_2014.doc\">O\u015bwiadczenie jednostki (doc) &gt;&gt;&gt;<\/a><\/p>\n<p><a href=\"https:\/\/sgp.geodezja.org.pl\/wp-content\/uploads\/2014\/05\/Baza_noclegowa_2014.pdf\">Baza noclegowa &gt;&gt;&gt;<\/a><\/p>\n<p style=\"text-align: right;\">VK<\/p>\n<p>\u00a0<\/p>","protected":false},"excerpt":{"rendered":"<p>W dniach 11-12 wrze\u015bnia\u00a0 2014 r. odb\u0119dzie si\u0119 w Kaliszu kolejna XVII Konferencj\u0119 Naukowo \u2013 Technicznej na temat: Kataster Nieruchomo\u015bci \u201eOcena zmian wprowadzonych nowymi uregulowaniami prawnymi\u201d. Organizatorami Konferencji s\u0105: Sekcja Geodezji, Katastru i Gospodarki Nieruchomo\u015bciami Stowarzyszenia Geodet\u00f3w Polskich, Komitet Geodezji PAN Sekcja Informacji i Gospodarki Przestrzennej oraz Oddzia\u0142 Stowarzyszenia Geodet\u00f3w Polskich w Kaliszu.<\/p>","protected":false},"author":2,"featured_media":0,"comment_status":"open","ping_status":"open","sticky":false,"template":"","format":"standard","meta":{"two_page_speed":[],"footnotes":""},"categories":[10],"tags":[],"class_list":["post-384","post","type-post","status-publish","format-standard","hentry","category-informacje"],"_links":{"self":[{"href":"https:\/\/sgp.geodezja.org.pl\/en\/wp-json\/wp\/v2\/posts\/384","targetHints":{"allow":["GET"]}}],"collection":[{"href":"https:\/\/sgp.geodezja.org.pl\/en\/wp-json\/wp\/v2\/posts"}],"about":[{"href":"https:\/\/sgp.geodezja.org.pl\/en\/wp-json\/wp\/v2\/types\/post"}],"author":[{"embeddable":true,"href":"https:\/\/sgp.geodezja.org.pl\/en\/wp-json\/wp\/v2\/users\/2"}],"replies":[{"embeddable":true,"href":"https:\/\/sgp.geodezja.org.pl\/en\/wp-json\/wp\/v2\/comments?post=384"}],"version-history":[{"count":0,"href":"https:\/\/sgp.geodezja.org.pl\/en\/wp-json\/wp\/v2\/posts\/384\/revisions"}],"wp:attachment":[{"href":"https:\/\/sgp.geodezja.org.pl\/en\/wp-json\/wp\/v2\/media?parent=384"}],"wp:term":[{"taxonomy":"category","embeddable":true,"href":"https:\/\/sgp.geodezja.org.pl\/en\/wp-json\/wp\/v2\/categories?post=384"},{"taxonomy":"post_tag","embeddable":true,"href":"https:\/\/sgp.geodezja.org.pl\/en\/wp-json\/wp\/v2\/tags?post=384"}],"curies":[{"name":"wp","href":"https:\/\/api.w.org\/{rel}","templated":true}]}}