{"id":396,"date":"2014-06-21T15:01:30","date_gmt":"2014-06-21T13:01:30","guid":{"rendered":"https:\/\/2.budowaniestron.pl\/xxv-kongres-miedzynarodowej-federacji-geodetow-fig\/"},"modified":"2014-06-21T15:01:30","modified_gmt":"2014-06-21T13:01:30","slug":"xxv-kongres-miedzynarodowej-federacji-geodetow-fig","status":"publish","type":"post","link":"https:\/\/sgp.geodezja.org.pl\/en\/xxv-kongres-miedzynarodowej-federacji-geodetow-fig\/","title":{"rendered":"XXV Kongres Mi\u0119dzynarodowej Federacji Geodet\u00f3w FIG."},"content":{"rendered":"<p style=\"text-align: justify;\">W dniach 16-21 czerwca 2014 r. w Kuala Lumpur, Malezja, odbywa si\u0119 XXV Kongres Mi\u0119dzynarodowej Federacji Geodet\u00f3w FIG, w kt\u00f3rym uczestniczy ponad 2000 geodet\u00f3w z ca\u0142ego \u015bwiata. W Kongresie uczestniczy Kol.\u00a0<strong>Ludmi\u0142a Pietrzak<\/strong> Wiceprezes Stowarzyszenia Godet\u00f3w Polskich.<\/p>\n<p>  <!--more-->  <\/p>\n<p style=\"text-align: justify;\">W dniach 16-21 czerwca 2014 r. w Kuala Lumpur, Malezja, odbywa si\u0119 XXV Kongres Mi\u0119dzynarodowej Federacji Geodet\u00f3w FIG, w kt\u00f3rym uczestniczy ponad 2000 geodet\u00f3w z ca\u0142ego \u015bwiata. W Kongresie uczestniczy Kol.\u00a0<strong>Ludmi\u0142a Pietrzak<\/strong> Wiceprezes Stowarzyszenia Godet\u00f3w Polskich.<\/p>\n<p><img loading=\"lazy\" decoding=\"async\" class=\"size-full wp-image-393\" style=\"margin-right: auto; margin-left: auto; display: block;\" src=\"https:\/\/sgp.geodezja.org.pl\/wp-content\/uploads\/2014\/06\/Zdjecie_25-scaled.jpg\" alt=\"\" width=\"2560\" height=\"1912\" srcset=\"https:\/\/sgp.geodezja.org.pl\/wp-content\/uploads\/2014\/06\/Zdjecie_25-scaled.jpg 2560w, https:\/\/sgp.geodezja.org.pl\/wp-content\/uploads\/2014\/06\/Zdjecie_25-scaled-800x598.jpg 800w, https:\/\/sgp.geodezja.org.pl\/wp-content\/uploads\/2014\/06\/Zdjecie_25-300x224.jpg 300w, https:\/\/sgp.geodezja.org.pl\/wp-content\/uploads\/2014\/06\/Zdjecie_25-1024x765.jpg 1024w, https:\/\/sgp.geodezja.org.pl\/wp-content\/uploads\/2014\/06\/Zdjecie_25-150x113.jpg 150w, https:\/\/sgp.geodezja.org.pl\/wp-content\/uploads\/2014\/06\/Zdjecie_25-768x574.jpg 768w, https:\/\/sgp.geodezja.org.pl\/wp-content\/uploads\/2014\/06\/Zdjecie_25-1536x1147.jpg 1536w, https:\/\/sgp.geodezja.org.pl\/wp-content\/uploads\/2014\/06\/Zdjecie_25-2048x1530.jpg 2048w, https:\/\/sgp.geodezja.org.pl\/wp-content\/uploads\/2014\/06\/Zdjecie_25-1920x1434.jpg 1920w, https:\/\/sgp.geodezja.org.pl\/wp-content\/uploads\/2014\/06\/Zdjecie_25-80x60.jpg 80w\" sizes=\"auto, (max-width: 2560px) 100vw, 2560px\" \/><\/p>\n<p>Kongres otworzy\u0142 Prezydent FIG <strong>CheeHai Teo.<\/strong><\/p>\n<p><strong><img loading=\"lazy\" decoding=\"async\" class=\"pull-center size-full wp-image-394\" style=\"margin-right: auto; margin-left: auto; display: block;\" src=\"https:\/\/sgp.geodezja.org.pl\/wp-content\/uploads\/2014\/06\/Zdjecie_29-scaled.jpg\" alt=\"\" width=\"2560\" height=\"1912\" srcset=\"https:\/\/sgp.geodezja.org.pl\/wp-content\/uploads\/2014\/06\/Zdjecie_29-scaled.jpg 2560w, https:\/\/sgp.geodezja.org.pl\/wp-content\/uploads\/2014\/06\/Zdjecie_29-scaled-800x598.jpg 800w, https:\/\/sgp.geodezja.org.pl\/wp-content\/uploads\/2014\/06\/Zdjecie_29-300x224.jpg 300w, https:\/\/sgp.geodezja.org.pl\/wp-content\/uploads\/2014\/06\/Zdjecie_29-1024x765.jpg 1024w, https:\/\/sgp.geodezja.org.pl\/wp-content\/uploads\/2014\/06\/Zdjecie_29-768x574.jpg 768w, https:\/\/sgp.geodezja.org.pl\/wp-content\/uploads\/2014\/06\/Zdjecie_29-1536x1147.jpg 1536w, https:\/\/sgp.geodezja.org.pl\/wp-content\/uploads\/2014\/06\/Zdjecie_29-2048x1530.jpg 2048w, https:\/\/sgp.geodezja.org.pl\/wp-content\/uploads\/2014\/06\/Zdjecie_29-1920x1434.jpg 1920w\" sizes=\"auto, (max-width: 2560px) 100vw, 2560px\" \/><\/strong><\/p>\n<p>W ceremonii otwarcia uczestniczy\u0142 Premier Malezji Pan <strong>Najib Tun Razak.<\/strong><\/p>\n<p style=\"text-align: center;\"><strong><img loading=\"lazy\" decoding=\"async\" class=\"size-full wp-image-395\" src=\"https:\/\/sgp.geodezja.org.pl\/wp-content\/uploads\/2014\/06\/Zdjecie_32-scaled.jpg\" alt=\"\" width=\"2560\" height=\"1912\" srcset=\"https:\/\/sgp.geodezja.org.pl\/wp-content\/uploads\/2014\/06\/Zdjecie_32-scaled.jpg 2560w, https:\/\/sgp.geodezja.org.pl\/wp-content\/uploads\/2014\/06\/Zdjecie_32-scaled-800x598.jpg 800w, https:\/\/sgp.geodezja.org.pl\/wp-content\/uploads\/2014\/06\/Zdjecie_32-300x224.jpg 300w, https:\/\/sgp.geodezja.org.pl\/wp-content\/uploads\/2014\/06\/Zdjecie_32-1024x765.jpg 1024w, https:\/\/sgp.geodezja.org.pl\/wp-content\/uploads\/2014\/06\/Zdjecie_32-768x574.jpg 768w, https:\/\/sgp.geodezja.org.pl\/wp-content\/uploads\/2014\/06\/Zdjecie_32-1536x1147.jpg 1536w, https:\/\/sgp.geodezja.org.pl\/wp-content\/uploads\/2014\/06\/Zdjecie_32-2048x1530.jpg 2048w, https:\/\/sgp.geodezja.org.pl\/wp-content\/uploads\/2014\/06\/Zdjecie_32-1920x1434.jpg 1920w\" sizes=\"auto, (max-width: 2560px) 100vw, 2560px\" \/><\/strong><\/p>\n<p style=\"text-align: right;\">VK<\/p>\n<p>\u00a0<\/p>\n<p>\u00a0<\/p>","protected":false},"excerpt":{"rendered":"<p>W dniach 16-21 czerwca 2014 r. w Kuala Lumpur, Malezja, odbywa si\u0119 XXV Kongres Mi\u0119dzynarodowej Federacji Geodet\u00f3w FIG, w kt\u00f3rym uczestniczy ponad 2000 geodet\u00f3w z ca\u0142ego \u015bwiata. W Kongresie uczestniczy Kol.\u00a0Ludmi\u0142a Pietrzak Wiceprezes Stowarzyszenia Godet\u00f3w Polskich.<\/p>","protected":false},"author":2,"featured_media":393,"comment_status":"open","ping_status":"open","sticky":false,"template":"","format":"standard","meta":{"two_page_speed":[],"footnotes":""},"categories":[10],"tags":[],"class_list":["post-396","post","type-post","status-publish","format-standard","has-post-thumbnail","hentry","category-informacje"],"_links":{"self":[{"href":"https:\/\/sgp.geodezja.org.pl\/en\/wp-json\/wp\/v2\/posts\/396","targetHints":{"allow":["GET"]}}],"collection":[{"href":"https:\/\/sgp.geodezja.org.pl\/en\/wp-json\/wp\/v2\/posts"}],"about":[{"href":"https:\/\/sgp.geodezja.org.pl\/en\/wp-json\/wp\/v2\/types\/post"}],"author":[{"embeddable":true,"href":"https:\/\/sgp.geodezja.org.pl\/en\/wp-json\/wp\/v2\/users\/2"}],"replies":[{"embeddable":true,"href":"https:\/\/sgp.geodezja.org.pl\/en\/wp-json\/wp\/v2\/comments?post=396"}],"version-history":[{"count":0,"href":"https:\/\/sgp.geodezja.org.pl\/en\/wp-json\/wp\/v2\/posts\/396\/revisions"}],"wp:featuredmedia":[{"embeddable":true,"href":"https:\/\/sgp.geodezja.org.pl\/en\/wp-json\/wp\/v2\/media\/393"}],"wp:attachment":[{"href":"https:\/\/sgp.geodezja.org.pl\/en\/wp-json\/wp\/v2\/media?parent=396"}],"wp:term":[{"taxonomy":"category","embeddable":true,"href":"https:\/\/sgp.geodezja.org.pl\/en\/wp-json\/wp\/v2\/categories?post=396"},{"taxonomy":"post_tag","embeddable":true,"href":"https:\/\/sgp.geodezja.org.pl\/en\/wp-json\/wp\/v2\/tags?post=396"}],"curies":[{"name":"wp","href":"https:\/\/api.w.org\/{rel}","templated":true}]}}